{"id":26209,"date":"2026-01-27T18:55:51","date_gmt":"2026-01-27T18:55:51","guid":{"rendered":"https:\/\/planetaexo.com\/blog\/where-to-stay-in-chapada-diamantina\/"},"modified":"2026-04-23T18:46:02","modified_gmt":"2026-04-23T18:46:02","slug":"onde-ficar-na-chapada-diamantina","status":"publish","type":"post","link":"https:\/\/planetaexo.com\/pt\/blog\/onde-ficar-na-chapada-diamantina\/","title":{"rendered":"Onde ficar na Chapada Diamantina?"},"content":{"rendered":"<h2><em><strong>Veja onde ficar nas cidades-base da Chapada Diamantina e as op\u00e7\u00f5es de hospedagem para os trilheiros no Vale do Pati<\/strong><\/em><\/h2>\n<p><span style=\"font-weight: 400;\">A <\/span><a href=\"https:\/\/planetaexo.com\/pt\/blog\/guia-de-viagem-parque-nacional-chapada-diamantina\/\"><b>Chapada Diamantina<\/b><\/a><span style=\"font-weight: 400;\"> \u00e9 uma \u00e1rea natural imensa de 152.000 hectares. Perfeita para os amantes da aventura devido \u00e0 sua vegeta\u00e7\u00e3o exuberante, belas cachoeiras, forma\u00e7\u00f5es rochosas antigas e v\u00e1rios quil\u00f4metros de trilhas, este destino incr\u00edvel est\u00e1 na lista de desejos de trilheiros do mundo todo.<\/span><\/p>\n<p><span style=\"font-weight: 400;\">Refletindo essa atmosfera de natureza e tranquilidade, existem duas op\u00e7\u00f5es principais de acomoda\u00e7\u00e3o: <\/span><b>ficar nas casas dos moradores dentro do parque nacional ou em hot\u00e9is nas cidades vizinhas<\/b><span style=\"font-weight: 400;\"> \u2014 especialmente <\/span><b>Len\u00e7\u00f3is<\/b><span style=\"font-weight: 400;\">, <\/span><b>Mucug\u00ea<\/b><span style=\"font-weight: 400;\"> e <\/span><b>Vale do Cap\u00e3o<\/b><span style=\"font-weight: 400;\">. Seja em pequenas pousadas ou em casas de fam\u00edlia (homestays), as op\u00e7\u00f5es sobre onde se hospedar na Chapada Diamantina destacam-se pela autenticidade da regi\u00e3o.<\/span><\/p>\n<p><b>O PlanetaEXO<\/b><span style=\"font-weight: 400;\">, uma plataforma de viagens de aventura especializada em <\/span><a href=\"https:\/\/planetaexo.com\/trips\/pt\/destinos\/brasil\/pacotes-chapada-diamantina\/\"><b>Pacotes para a Chapada Diamantina<\/b><\/a><span style=\"font-weight: 400;\">, j\u00e1 ajudou in\u00fameros viajantes de todo o mundo a reservar as melhores acomoda\u00e7\u00f5es neste destino fant\u00e1stico. Confira nossas sugest\u00f5es abaixo!<\/span><\/p>\n<h2><b>Hospedagem nas casas de nativos no Vale do Pati<\/b><\/h2>\n<p><span style=\"font-weight: 400;\">Em vez de ficar em hot\u00e9is na Chapada Diamantina, muitos viajantes escolhem <\/span><b>se hospedar nas casas das pessoas que vivem dentro do parque nacional<\/b><span style=\"font-weight: 400;\">. Essa \u00e9 a <\/span><b>\u00fanica forma de acomoda\u00e7\u00e3o para aqueles que se aventuram nas caminhadas de v\u00e1rios dias pelo <\/b><a href=\"https:\/\/planetaexo.com\/pt\/blog\/guia-de-viagem-vale-do-pati-chapada-diamantina\/\"><b>Vale do Pati<\/b><\/a><b>.<\/b><\/p>\n<div id=\"attachment_46527\" style=\"width: 1010px\" class=\"wp-caption alignnone\"><img loading=\"lazy\" decoding=\"async\" aria-describedby=\"caption-attachment-46527\" class=\"wp-image-46527 size-full\" style=\"font-size: 16px;\" title=\"Silhueta de uma casa de nativos e palmeiras no Vale do Pati contra um p\u00f4r do sol laranja vibrante.\" src=\"https:\/\/static.planetaexo.com\/wp-content\/uploads\/2025\/01\/vale-do-pati-homestay-dusk.jpg.jpg\" alt=\"Silhueta de uma casa de nativos e palmeiras no Vale do Pati contra um p\u00f4r do sol laranja vibrante.\" width=\"1000\" height=\"750\" srcset=\"https:\/\/static.planetaexo.com\/wp-content\/uploads\/2025\/01\/vale-do-pati-homestay-dusk.jpg.jpg 1000w, https:\/\/static.planetaexo.com\/wp-content\/uploads\/2025\/01\/vale-do-pati-homestay-dusk.jpg-300x225.jpg 300w, https:\/\/static.planetaexo.com\/wp-content\/uploads\/2025\/01\/vale-do-pati-homestay-dusk.jpg-768x576.jpg 768w\" sizes=\"auto, (max-width: 1000px) 100vw, 1000px\" \/><p id=\"caption-attachment-46527\" class=\"wp-caption-text\">.<\/p><\/div>\n\n\t\t<style type=\"text\/css\">\n\t\t\t#gallery-1 {\n\t\t\t\tmargin: auto;\n\t\t\t}\n\t\t\t#gallery-1 .gallery-item {\n\t\t\t\tfloat: left;\n\t\t\t\tmargin-top: 10px;\n\t\t\t\ttext-align: center;\n\t\t\t\twidth: 50%;\n\t\t\t}\n\t\t\t#gallery-1 img {\n\t\t\t\tborder: 2px solid #cfcfcf;\n\t\t\t}\n\t\t\t#gallery-1 .gallery-caption {\n\t\t\t\tmargin-left: 0;\n\t\t\t}\n\t\t\t\/* see gallery_shortcode() in wp-includes\/media.php *\/\n\t\t<\/style>\n\t\t<div id='gallery-1' class='gallery galleryid-26209 gallery-columns-2 gallery-size-full'><dl class='gallery-item'>\n\t\t\t<dt class='gallery-icon landscape'>\n\t\t\t\t<img loading=\"lazy\" decoding=\"async\" width=\"600\" height=\"600\" src=\"https:\/\/static.planetaexo.com\/wp-content\/uploads\/2025\/01\/coffee-view-chapada-diamantina-valley.jpg.jpg\" class=\"attachment-full size-full\" alt=\"Uma x\u00edcara de caf\u00e9 descansando em uma varanda de madeira com vista para as montanhas e vales verdes e exuberantes da Chapada Diamantina.\" aria-describedby=\"gallery-1-46508\" srcset=\"https:\/\/static.planetaexo.com\/wp-content\/uploads\/2025\/01\/coffee-view-chapada-diamantina-valley.jpg.jpg 600w, https:\/\/static.planetaexo.com\/wp-content\/uploads\/2025\/01\/coffee-view-chapada-diamantina-valley.jpg-300x300.jpg 300w, https:\/\/static.planetaexo.com\/wp-content\/uploads\/2025\/01\/coffee-view-chapada-diamantina-valley.jpg-150x150.jpg 150w, https:\/\/static.planetaexo.com\/wp-content\/uploads\/2025\/01\/coffee-view-chapada-diamantina-valley.jpg-140x140.jpg 140w, https:\/\/static.planetaexo.com\/wp-content\/uploads\/2025\/01\/coffee-view-chapada-diamantina-valley.jpg-100x100.jpg 100w, https:\/\/static.planetaexo.com\/wp-content\/uploads\/2025\/01\/coffee-view-chapada-diamantina-valley.jpg-500x500.jpg 500w, https:\/\/static.planetaexo.com\/wp-content\/uploads\/2025\/01\/coffee-view-chapada-diamantina-valley.jpg-350x350.jpg 350w\" sizes=\"auto, (max-width: 600px) 100vw, 600px\" \/>\n\t\t\t<\/dt>\n\t\t\t\t<dd class='wp-caption-text gallery-caption' id='gallery-1-46508'>\n\t\t\t\t.\n\t\t\t\t<\/dd><\/dl><dl class='gallery-item'>\n\t\t\t<dt class='gallery-icon landscape'>\n\t\t\t\t<img loading=\"lazy\" decoding=\"async\" width=\"600\" height=\"600\" src=\"https:\/\/static.planetaexo.com\/wp-content\/uploads\/2025\/01\/trekkers-campfire-vale-do-pati.jpg.jpg\" class=\"attachment-full size-full\" alt=\"Trilheiros relaxando ao redor de uma fogueira brilhante \u00e0 noite durante uma expedi\u00e7\u00e3o de trekking no Vale do Pati.\" aria-describedby=\"gallery-1-46523\" srcset=\"https:\/\/static.planetaexo.com\/wp-content\/uploads\/2025\/01\/trekkers-campfire-vale-do-pati.jpg.jpg 600w, https:\/\/static.planetaexo.com\/wp-content\/uploads\/2025\/01\/trekkers-campfire-vale-do-pati.jpg-300x300.jpg 300w, https:\/\/static.planetaexo.com\/wp-content\/uploads\/2025\/01\/trekkers-campfire-vale-do-pati.jpg-150x150.jpg 150w, https:\/\/static.planetaexo.com\/wp-content\/uploads\/2025\/01\/trekkers-campfire-vale-do-pati.jpg-140x140.jpg 140w, https:\/\/static.planetaexo.com\/wp-content\/uploads\/2025\/01\/trekkers-campfire-vale-do-pati.jpg-100x100.jpg 100w, https:\/\/static.planetaexo.com\/wp-content\/uploads\/2025\/01\/trekkers-campfire-vale-do-pati.jpg-500x500.jpg 500w, https:\/\/static.planetaexo.com\/wp-content\/uploads\/2025\/01\/trekkers-campfire-vale-do-pati.jpg-350x350.jpg 350w\" sizes=\"auto, (max-width: 600px) 100vw, 600px\" \/>\n\t\t\t<\/dt>\n\t\t\t\t<dd class='wp-caption-text gallery-caption' id='gallery-1-46523'>\n\t\t\t\t.\n\t\t\t\t<\/dd><\/dl><br style=\"clear: both\" \/>\n\t\t<\/div>\n\n<p><span style=\"font-weight: 400;\">Em casas simples adaptadas para receber grupos de trilheiros, as fam\u00edlias os acolhem com simplicidade e grande hospitalidade, oferecendo <\/span><b>camas confort\u00e1veis, banheiros com chuveiros (frios) e refei\u00e7\u00f5es caseiras<\/b><span style=\"font-weight: 400;\">.<\/span><\/p>\n<p><span style=\"font-weight: 400;\">A experi\u00eancia \u00e9 modesta, mas tem tudo o que um aventureiro precisa para descansar o corpo cansado ap\u00f3s um longo dia de trilha. Esta tamb\u00e9m \u00e9 uma maneira de conhecer novas pessoas e mergulhar na cultura da Chapada!<\/span><\/p>\n<p><b>\ud83d\udc49 Explore a aventura: <\/b><a href=\"https:\/\/planetaexo.com\/trips\/pt\/a\/trilha-vale-do-pati-chapada-diamantina\/\"><b>Trilha do Vale do Pati de 3 dias<\/b><\/a><\/p>\n<h2><b>Onde ficar em Len\u00e7\u00f3is?<\/b><\/h2>\n<p><span style=\"font-weight: 400;\">Considerada Patrim\u00f4nio Hist\u00f3rico e Art\u00edstico Nacional, <\/span><b>Len\u00e7\u00f3is<\/b><span style=\"font-weight: 400;\"> \u00e9 uma pequena cidade com mais de 11.000 habitantes, <\/span><b>mas possui a melhor infraestrutura da regi\u00e3o da Chapada Diamantina e serve como sua principal porta de entrada<\/b><span style=\"font-weight: 400;\">.<\/span><\/p>\n<p><span style=\"font-weight: 400;\">Entre as casas constru\u00eddas no s\u00e9culo XIX, os visitantes encontram restaurantes, supermercados, caixas eletr\u00f4nicos, farm\u00e1cias e, claro, \u00f3timas op\u00e7\u00f5es de <\/span><b>estadia<\/b><span style=\"font-weight: 400;\">.<\/span><\/p>\n<h3><a href=\"https:\/\/www.booking.com\/hotel\/br\/de-lenassois.html\" target=\"_blank\" rel=\"noopener\"><b>Hotel de Len\u00e7\u00f3is<\/b><\/a><\/h3>\n<p><span style=\"font-weight: 400;\">Ecol\u00f3gico e moderno, o <\/span><b>Hotel de Len\u00e7\u00f3is<\/b><span style=\"font-weight: 400;\"> oferece diversas op\u00e7\u00f5es de acomoda\u00e7\u00e3o, desde quartos standard at\u00e9 apartamentos com jacuzzis. Todos incluem camas confort\u00e1veis, banheiros com chuveiros quentes, ar-condicionado, televisores e varandas privativas.<\/span><\/p>\n<p><span style=\"font-weight: 400;\">Nas \u00e1reas comuns, aproveite o restaurante, a banheira de hidromassagem, o parquinho infantil, o sal\u00e3o de jogos, a sala de reuni\u00f5es, a biblioteca, a \u00e1rea de massagem, um bosque com mais de 1000 mudas de plantas nativas e um museu com artefatos e registros hist\u00f3ricos da Chapada Diamantina.<\/span><\/p>\n<ul>\n<li style=\"font-weight: 400;\" aria-level=\"1\"><b>Endere\u00e7o:<\/b><span style=\"font-weight: 400;\"> R. Altina Alves, 747<\/span><\/li>\n<li style=\"font-weight: 400;\" aria-level=\"1\"><b>Faixa de pre\u00e7o: <span style=\"font-weight: 400;\">$$$<\/span><span style=\"font-weight: 400;\">$<\/span><\/b><\/li>\n<\/ul>\n<div id=\"attachment_10938\" style=\"width: 1560px\" class=\"wp-caption aligncenter\"><img loading=\"lazy\" decoding=\"async\" aria-describedby=\"caption-attachment-10938\" class=\"wp-image-10938 size-full\" style=\"font-size: 16px;\" title=\"Vista a\u00e9rea de Len\u00e7\u00f3is mostrando casas coloniais do s\u00e9culo XIX, pontes de pedra e o rio sinuoso que corta a cidade.\" src=\"https:\/\/static.planetaexo.com\/trips\/wp-content\/uploads\/2023\/08\/enlarge_Lencois.jpeg\" alt=\"Vista a\u00e9rea de Len\u00e7\u00f3is mostrando casas coloniais do s\u00e9culo XIX, pontes de pedra e o rio sinuoso que corta a cidade.\" width=\"1550\" height=\"954\" \/><p id=\"caption-attachment-10938\" class=\"wp-caption-text\">.<\/p><\/div>\n<p><b>\ud83d\udc49 Leia mais: <\/b><a href=\"https:\/\/planetaexo.com\/pt\/blog\/como-chegar-na-chapada-diamantina\/\"><b>Como chegar na Chapada Diamantina<\/b><\/a><\/p>\n<h3><a href=\"https:\/\/www.booking.com\/Share-G9Ilic\" target=\"_blank\" rel=\"noopener\"><b>Pousada Vila Serrano<\/b><\/a><\/h3>\n<p><span style=\"font-weight: 400;\">A <\/span><b>Vila Serrano<\/b><span style=\"font-weight: 400;\"> \u00e9 de encher os olhos. As instala\u00e7\u00f5es em estilo colonial s\u00e3o lindas, permitindo que os h\u00f3spedes passem \u00f3timos momentos em quartos espa\u00e7osos com ar-condicionado, banheiros privativos e varandas.<\/span><\/p>\n<p><span style=\"font-weight: 400;\">Os servi\u00e7os mais not\u00e1veis s\u00e3o um spa exclusivo, um delicioso buffet de caf\u00e9 da manh\u00e3, Wi-Fi gratuito, atividades especiais no parque nacional e uma localiza\u00e7\u00e3o privilegiada \u2014 a apenas 200 metros do centro de Len\u00e7\u00f3is.<\/span><\/p>\n<ul>\n<li style=\"font-weight: 400;\" aria-level=\"1\"><b>Endere\u00e7o:<\/b><span style=\"font-weight: 400;\"> R. Alto do Bonfim, 8<\/span><\/li>\n<li style=\"font-weight: 400;\" aria-level=\"1\"><b>Faixa de pre\u00e7o:<\/b><span style=\"font-weight: 400;\"> $$$<\/span><\/li>\n<\/ul>\n<div id=\"attachment_46517\" style=\"width: 1010px\" class=\"wp-caption alignnone\"><a href=\"https:\/\/booking.tp.st\/SGIWHNHB\"><img loading=\"lazy\" decoding=\"async\" aria-describedby=\"caption-attachment-46517\" class=\"wp-image-46517 size-full\" title=\"P\u00e1tio em estilo colonial da Pousada Vila Serrano em Len\u00e7\u00f3is, com paredes azuis e brancas e jardins verdes exuberantes.\" src=\"https:\/\/static.planetaexo.com\/wp-content\/uploads\/2025\/01\/pousada-vila-serrano-lencois.jpg.jpg\" alt=\"P\u00e1tio em estilo colonial da Pousada Vila Serrano em Len\u00e7\u00f3is, com paredes azuis e brancas e jardins verdes exuberantes.\" width=\"1000\" height=\"750\" srcset=\"https:\/\/static.planetaexo.com\/wp-content\/uploads\/2025\/01\/pousada-vila-serrano-lencois.jpg.jpg 1000w, https:\/\/static.planetaexo.com\/wp-content\/uploads\/2025\/01\/pousada-vila-serrano-lencois.jpg-300x225.jpg 300w, https:\/\/static.planetaexo.com\/wp-content\/uploads\/2025\/01\/pousada-vila-serrano-lencois.jpg-768x576.jpg 768w\" sizes=\"auto, (max-width: 1000px) 100vw, 1000px\" \/><\/a><p id=\"caption-attachment-46517\" class=\"wp-caption-text\">.<\/p><\/div>\n<h3><a href=\"https:\/\/www.booking.com\/Share-xuINbPv\" target=\"_blank\" rel=\"noopener\"><b>Casa Ant\u00f4nia<\/b><\/a><\/h3>\n<p><span style=\"font-weight: 400;\">A apenas 900 metros do centro de Len\u00e7\u00f3is, a arquitetura moderna da <\/span><b>Casa Ant\u00f4nia<\/b><span style=\"font-weight: 400;\"> misturada com elementos naturais \u00e9 um dos destaques desta ador\u00e1vel pousada.<\/span><\/p>\n<p><span style=\"font-weight: 400;\">Todos os quartos incluem camas de solteiro e\/ou casal, ar-condicionado, arm\u00e1rio, mesa de trabalho, TV e varandas e banheiros privativos. O caf\u00e9 da manh\u00e3 \u00e9 muito elogiado pelos h\u00f3spedes!<\/span><\/p>\n<ul>\n<li style=\"font-weight: 400;\" aria-level=\"1\"><b>Endere\u00e7o:<\/b><span style=\"font-weight: 400;\"> Segunda Travessa Parque do Ribeir\u00e3o, S\/N \u2013 Ribeir\u00e3o do Meio<\/span><\/li>\n<li style=\"font-weight: 400;\" aria-level=\"1\"><b>Faixa de pre\u00e7o: <span style=\"font-weight: 400;\">$<\/span><span style=\"font-weight: 400;\">$<\/span><span style=\"font-weight: 400;\">$<\/span><span style=\"font-weight: 400;\">$<\/span><span style=\"font-weight: 400;\">$<\/span><\/b><\/li>\n<\/ul>\n\n\t\t<style type=\"text\/css\">\n\t\t\t#gallery-2 {\n\t\t\t\tmargin: auto;\n\t\t\t}\n\t\t\t#gallery-2 .gallery-item {\n\t\t\t\tfloat: left;\n\t\t\t\tmargin-top: 10px;\n\t\t\t\ttext-align: center;\n\t\t\t\twidth: 50%;\n\t\t\t}\n\t\t\t#gallery-2 img {\n\t\t\t\tborder: 2px solid #cfcfcf;\n\t\t\t}\n\t\t\t#gallery-2 .gallery-caption {\n\t\t\t\tmargin-left: 0;\n\t\t\t}\n\t\t\t\/* see gallery_shortcode() in wp-includes\/media.php *\/\n\t\t<\/style>\n\t\t<div id='gallery-2' class='gallery galleryid-26209 gallery-columns-2 gallery-size-full'><dl class='gallery-item'>\n\t\t\t<dt class='gallery-icon portrait'>\n\t\t\t\t<img loading=\"lazy\" decoding=\"async\" width=\"750\" height=\"1000\" src=\"https:\/\/static.planetaexo.com\/wp-content\/uploads\/2025\/01\/Where-to-stay-in-Chapada-Diamantina.jpg\" class=\"attachment-full size-full\" alt=\"Moderna \u00e1rea de refei\u00e7\u00f5es ao ar livre e uma cabana de vidro cercada por elementos naturais na pousada Casa Ant\u00f4nia, em Len\u00e7\u00f3is.\" aria-describedby=\"gallery-2-25629\" srcset=\"https:\/\/static.planetaexo.com\/wp-content\/uploads\/2025\/01\/Where-to-stay-in-Chapada-Diamantina.jpg 750w, https:\/\/static.planetaexo.com\/wp-content\/uploads\/2025\/01\/Where-to-stay-in-Chapada-Diamantina-225x300.jpg 225w, https:\/\/static.planetaexo.com\/wp-content\/uploads\/2025\/01\/Where-to-stay-in-Chapada-Diamantina-450x600.jpg 450w, https:\/\/static.planetaexo.com\/wp-content\/uploads\/2025\/01\/Where-to-stay-in-Chapada-Diamantina-350x467.jpg 350w\" sizes=\"auto, (max-width: 750px) 100vw, 750px\" \/>\n\t\t\t<\/dt>\n\t\t\t\t<dd class='wp-caption-text gallery-caption' id='gallery-2-25629'>\n\t\t\t\t.\n\t\t\t\t<\/dd><\/dl><dl class='gallery-item'>\n\t\t\t<dt class='gallery-icon portrait'>\n\t\t\t\t<img loading=\"lazy\" decoding=\"async\" width=\"750\" height=\"1000\" src=\"https:\/\/static.planetaexo.com\/wp-content\/uploads\/2025\/01\/where-to-stay-in-chapada-1.jpg\" class=\"attachment-full size-full\" alt=\"Um viajante sentado em um deck de madeira admira a vista panor\u00e2mica dos vastos vales verdes e montanhas da Chapada Diamantina ao p\u00f4r do sol.\" aria-describedby=\"gallery-2-25634\" srcset=\"https:\/\/static.planetaexo.com\/wp-content\/uploads\/2025\/01\/where-to-stay-in-chapada-1.jpg 750w, https:\/\/static.planetaexo.com\/wp-content\/uploads\/2025\/01\/where-to-stay-in-chapada-1-225x300.jpg 225w, https:\/\/static.planetaexo.com\/wp-content\/uploads\/2025\/01\/where-to-stay-in-chapada-1-450x600.jpg 450w, https:\/\/static.planetaexo.com\/wp-content\/uploads\/2025\/01\/where-to-stay-in-chapada-1-350x467.jpg 350w\" sizes=\"auto, (max-width: 750px) 100vw, 750px\" \/>\n\t\t\t<\/dt>\n\t\t\t\t<dd class='wp-caption-text gallery-caption' id='gallery-2-25634'>\n\t\t\t\t.\n\t\t\t\t<\/dd><\/dl><br style=\"clear: both\" \/>\n\t\t<\/div>\n\n[divider line_type=&#8221;no-line&#8221; custom_height=&#8221;25&#8243;]\n<h3><a href=\"https:\/\/www.booking.com\/Share-XfXf5F\" target=\"_blank\" rel=\"noopener\"><b>Pousada Canto do Bosque<\/b><\/a><\/h3>\n<p><span style=\"font-weight: 400;\">Voc\u00ea est\u00e1 procurando onde ficar na Chapada Diamantina com um or\u00e7amento moderado? A <\/span><b>Canto do Bosque<\/b><span style=\"font-weight: 400;\"> \u00e9 a pousada perfeita para casais e fam\u00edlias que buscam servi\u00e7os de boa qualidade e pre\u00e7os justos.<\/span><\/p>\n<p><span style=\"font-weight: 400;\">Os quartos s\u00e3o aconchegantes e transmitem uma encantadora vibra\u00e7\u00e3o brasileira, todos incluindo banheiros privativos. Voc\u00ea tamb\u00e9m pode relaxar na piscina ou deliciar-se com o buffet de caf\u00e9 da manh\u00e3 servido \u00e0 vontade diariamente.<\/span><\/p>\n<ul>\n<li style=\"font-weight: 400;\" aria-level=\"1\"><b>Endere\u00e7o:<\/b><span style=\"font-weight: 400;\"> Loteamento Parque do Ribeir\u00e3o, s\/n<\/span><\/li>\n<li style=\"font-weight: 400;\" aria-level=\"1\"><b>Faixa de pre\u00e7o:<\/b><span style=\"font-weight: 400;\"> $$$<\/span><\/li>\n<\/ul>\n<h3><a href=\"https:\/\/www.booking.com\/Share-mBeD0Fc\" target=\"_blank\" rel=\"noopener\"><b>Hotel Canto das \u00c1guas<\/b><\/a><\/h3>\n<p><span style=\"font-weight: 400;\">\u00c0s margens do rio Len\u00e7\u00f3is, o <\/span><b>Canto das \u00c1guas<\/b><span style=\"font-weight: 400;\"> est\u00e1 totalmente imerso na imensid\u00e3o da Chapada. Com 43 acomoda\u00e7\u00f5es, oferece conforto absoluto em quartos de tr\u00eas categorias (Standard, Luxo e Diamante) equipados com camas confort\u00e1veis, ar-condicionado, frigobares, banheiros privativos e uma decora\u00e7\u00e3o inspirada em artistas locais.<\/span><\/p>\n<p><span style=\"font-weight: 400;\">A apenas 200 metros do centro hist\u00f3rico de Len\u00e7\u00f3is, os h\u00f3spedes tamb\u00e9m podem relaxar nos jardins do hotel ou fazer um lanche no restaurante e no bar.<\/span><\/p>\n<ul>\n<li style=\"font-weight: 400;\" aria-level=\"1\"><b>Endere\u00e7o:<\/b><span style=\"font-weight: 400;\"> Av. Sr. dos Passos, 01 &#8211; Centro<\/span><\/li>\n<li style=\"font-weight: 400;\" aria-level=\"1\"><b>Faixa de pre\u00e7o: <span style=\"font-weight: 400;\">$<\/span><span style=\"font-weight: 400;\">$<\/span><span style=\"font-weight: 400;\">$<\/span><span style=\"font-weight: 400;\">$<\/span><span style=\"font-weight: 400;\">$<\/span><\/b><span style=\"font-weight: 400;\"><br \/>\n<\/span><\/li>\n<\/ul>\n<div id=\"attachment_46512\" style=\"width: 1010px\" class=\"wp-caption alignnone\"><a href=\"https:\/\/booking.tp.st\/cxrG4okZ\"><img loading=\"lazy\" decoding=\"async\" aria-describedby=\"caption-attachment-46512\" class=\"wp-image-46512 size-full\" title=\"Piscina iluminada e palmeiras tropicais \u00e0 noite no Hotel Canto das \u00c1guas em Len\u00e7\u00f3is.\" src=\"https:\/\/static.planetaexo.com\/wp-content\/uploads\/2025\/01\/hotel-canto-das-aguas-pool-lencois.jpg.jpg\" alt=\"Piscina iluminada e palmeiras tropicais \u00e0 noite no Hotel Canto das \u00c1guas em Len\u00e7\u00f3is.\" width=\"1000\" height=\"750\" srcset=\"https:\/\/static.planetaexo.com\/wp-content\/uploads\/2025\/01\/hotel-canto-das-aguas-pool-lencois.jpg.jpg 1000w, https:\/\/static.planetaexo.com\/wp-content\/uploads\/2025\/01\/hotel-canto-das-aguas-pool-lencois.jpg-300x225.jpg 300w, https:\/\/static.planetaexo.com\/wp-content\/uploads\/2025\/01\/hotel-canto-das-aguas-pool-lencois.jpg-768x576.jpg 768w\" sizes=\"auto, (max-width: 1000px) 100vw, 1000px\" \/><\/a><p id=\"caption-attachment-46512\" class=\"wp-caption-text\">.<\/p><\/div>\n<h3><\/h3>\n<h3><a href=\"https:\/\/www.booking.com\/Share-CQNyNr\" target=\"_blank\" rel=\"noopener\"><b>Pouso da Trilha<\/b><\/a><\/h3>\n<p><span style=\"font-weight: 400;\">No centro hist\u00f3rico de Len\u00e7\u00f3is, o <\/span><b>Pouso da Trilha<\/b><span style=\"font-weight: 400;\"> \u00e9 um casar\u00e3o colonial transformado em hotel. Oferece uma experi\u00eancia de estadia ador\u00e1vel com camas confort\u00e1veis, frigobares, ventiladores de teto ou ar-condicionado e banheiros privativos.<\/span><\/p>\n<p><span style=\"font-weight: 400;\">Ap\u00f3s um delicioso buffet de caf\u00e9 da manh\u00e3, os h\u00f3spedes podem caminhar at\u00e9 as piscinas naturais do Ribeir\u00e3o do Meio e do Serrano \u2014 a apenas 30 minutos a p\u00e9!<\/span><\/p>\n<ul>\n<li style=\"font-weight: 400;\" aria-level=\"1\"><b>Endere\u00e7o:<\/b><span style=\"font-weight: 400;\"> R. dos Mineiros, 60<\/span><\/li>\n<li style=\"font-weight: 400;\" aria-level=\"1\"><b>Faixa de pre\u00e7o:<\/b><span style=\"font-weight: 400;\"> $$<\/span><\/li>\n<\/ul>\n<div id=\"attachment_25718\" style=\"width: 1010px\" class=\"wp-caption aligncenter\"><a href=\"https:\/\/booking.tp.st\/cxrG4okZ\"><img loading=\"lazy\" decoding=\"async\" aria-describedby=\"caption-attachment-25718\" class=\"wp-image-25718 size-full\" title=\"Fachada azul brilhante com molduras de janelas brancas e vermelhas da Pousada Alto do Cajueiro em uma rua de paralelep\u00edpedos em Len\u00e7\u00f3is.\" src=\"https:\/\/static.planetaexo.com\/wp-content\/uploads\/2025\/01\/pouso-da-trilha-1-1.jpg\" alt=\"Fachada azul brilhante com molduras de janelas brancas e vermelhas da Pousada Alto do Cajueiro em uma rua de paralelep\u00edpedos em Len\u00e7\u00f3is.\" width=\"1000\" height=\"750\" srcset=\"https:\/\/static.planetaexo.com\/wp-content\/uploads\/2025\/01\/pouso-da-trilha-1-1.jpg 1000w, https:\/\/static.planetaexo.com\/wp-content\/uploads\/2025\/01\/pouso-da-trilha-1-1-300x225.jpg 300w, https:\/\/static.planetaexo.com\/wp-content\/uploads\/2025\/01\/pouso-da-trilha-1-1-768x576.jpg 768w\" sizes=\"auto, (max-width: 1000px) 100vw, 1000px\" \/><\/a><p id=\"caption-attachment-25718\" class=\"wp-caption-text\">.<\/p><\/div>\n<h3><a href=\"https:\/\/www.booking.com\/Share-1f3fQE\" target=\"_blank\" rel=\"noopener\"><b>Pousada Alto do Cajueiro ($$)<\/b><\/a><\/h3>\n<p><span style=\"font-weight: 400;\">Quem disse que uma acomoda\u00e7\u00e3o econ\u00f4mica n\u00e3o pode ser bonita e oferecer \u00f3timos servi\u00e7os? A decora\u00e7\u00e3o charmosa e moderna da <\/span><b>Pousada Alto do Cajueiro<\/b><span style=\"font-weight: 400;\"> \u00e9 apenas a cereja do bolo, j\u00e1 que cada quarto inclui camas de solteiro ou de casal, ventiladores de teto, arm\u00e1rios e banheiros privativos.<\/span><\/p>\n<p><span style=\"font-weight: 400;\">Servi\u00e7o de quarto, concierge, dep\u00f3sito para bagagem e caf\u00e9 da manh\u00e3 (buffet ou continental) tamb\u00e9m est\u00e3o inclu\u00eddos. Por um custo adicional, os h\u00f3spedes podem contratar servi\u00e7os de traslado do aeroporto.<\/span><\/p>\n<ul>\n<li style=\"font-weight: 400;\" aria-level=\"1\"><b>Endere\u00e7o:<\/b><span style=\"font-weight: 400;\"> R. do Cajueiro, 161<\/span><\/li>\n<li style=\"font-weight: 400;\" aria-level=\"1\"><b>Faixa de pre\u00e7o:<\/b><span style=\"font-weight: 400;\"> $$<\/span><\/li>\n<\/ul>\n<h2><b>Onde ficar em Mucug\u00ea?<\/b><\/h2>\n<p><span style=\"font-weight: 400;\">Ao pesquisar onde ficar na Chapada Diamantina, <\/span><b>Mucug\u00ea<\/b><span style=\"font-weight: 400;\"> sempre aparece como uma das principais escolhas para acomoda\u00e7\u00f5es de alta qualidade. Com mais de 12.700 habitantes, a cidade se assemelha \u00e0 arquitetura colonial de Len\u00e7\u00f3is, mas \u00e9 ainda mais pacata, ideal para quem procura um retiro sereno.<\/span><\/p>\n<p><span style=\"font-weight: 400;\">Al\u00e9m disso, muitos circuitos de trekking para o Vale do Pati come\u00e7am em <\/span><b>Guin\u00e9<\/b><span style=\"font-weight: 400;\">, um pequeno povoado do distrito de Mucug\u00ea, a uma hora do centro da cidade.<\/span><\/p>\n<p><span style=\"font-weight: 400;\">Pequenas casas coloridas, igrejas hist\u00f3ricas, um lindo coreto e restaurantes adornam a rua principal. Para mergulhar totalmente na hist\u00f3ria e cultura de Mucug\u00ea, os turistas tamb\u00e9m costumam visitar o Cemit\u00e9rio Bizantino, famoso por suas l\u00e1pides brancas e brilhantes.<\/span><\/p>\n<div id=\"attachment_19471\" style=\"width: 1010px\" class=\"wp-caption alignnone\"><img loading=\"lazy\" decoding=\"async\" aria-describedby=\"caption-attachment-19471\" class=\"wp-image-19471 size-full\" title=\"L\u00e1pides brancas e brilhantes do hist\u00f3rico Cemit\u00e9rio Bizantino constru\u00eddo na encosta rochosa e verde da montanha de Mucug\u00ea.\" src=\"https:\/\/static.planetaexo.com\/wp-content\/uploads\/2022\/10\/cemiterio-bizantino-de-mucuge.jpg\" alt=\"L\u00e1pides brancas e brilhantes do hist\u00f3rico Cemit\u00e9rio Bizantino constru\u00eddo na encosta rochosa e verde da montanha de Mucug\u00ea.\" width=\"1000\" height=\"750\" srcset=\"https:\/\/static.planetaexo.com\/wp-content\/uploads\/2022\/10\/cemiterio-bizantino-de-mucuge.jpg 1000w, https:\/\/static.planetaexo.com\/wp-content\/uploads\/2022\/10\/cemiterio-bizantino-de-mucuge-300x225.jpg 300w, https:\/\/static.planetaexo.com\/wp-content\/uploads\/2022\/10\/cemiterio-bizantino-de-mucuge-768x576.jpg 768w\" sizes=\"auto, (max-width: 1000px) 100vw, 1000px\" \/><p id=\"caption-attachment-19471\" class=\"wp-caption-text\">Byzantine Cemetery of Mucug\u00ea<\/p><\/div>\n<h3><\/h3>\n<p><b>\ud83d\udc49 Leia mais: Descubra qual \u00e9 a <\/b><a href=\"https:\/\/planetaexo.com\/pt\/blog\/qual-melhor-epoca-para-visitar-chapada-diamantina\/\"><b>melhor \u00e9poca para visitar a Chapada Diamantina<\/b><\/a><\/p>\n<h3><a href=\"https:\/\/www.booking.com\/Share-LNUAriG\" target=\"_blank\" rel=\"noopener\"><b>Pousada Monte Azul<\/b><\/a><\/h3>\n<p><span style=\"font-weight: 400;\">A maravilhosa localiza\u00e7\u00e3o \u00e9 um dos destaques da <\/span><b>Pousada Monte Azul<\/b><span style=\"font-weight: 400;\"> \u2014 a apenas 500 metros do centro de Mucug\u00ea, a 1,5 km do Rio Paragua\u00e7u e a 7 km da Sib\u00e9ria, uma bela cachoeira no Parque Nacional da Chapada Diamantina.<\/span><\/p>\n<p><span style=\"font-weight: 400;\">Os h\u00f3spedes sempre elogiam a incr\u00edvel comida brasileira servida fresca todos os dias no restaurante, a equipe atenciosa e os quartos confort\u00e1veis, que disp\u00f5em de camas de solteiro ou de casal, TVs, frigobares, decora\u00e7\u00e3o r\u00fastica e banheiros privativos.<\/span><\/p>\n<ul>\n<li style=\"font-weight: 400;\" aria-level=\"1\"><b>Endere\u00e7o:<\/b><span style=\"font-weight: 400;\"> Av. Antonito Pina Medrado, 563<\/span><\/li>\n<li style=\"font-weight: 400;\" aria-level=\"1\"><b>Faixa de pre\u00e7o: <span style=\"font-weight: 400;\">$<\/span><span style=\"font-weight: 400;\">$<\/span><span style=\"font-weight: 400;\">$<\/span><span style=\"font-weight: 400;\">$<\/span><span style=\"font-weight: 400;\">$<\/span><\/b><\/li>\n<\/ul>\n<div id=\"attachment_25473\" style=\"width: 1010px\" class=\"wp-caption aligncenter\"><img loading=\"lazy\" decoding=\"async\" aria-describedby=\"caption-attachment-25473\" class=\"wp-image-25473 size-full\" title=\"Exterior r\u00fastico da Pousada Monte Azul em Mucug\u00ea iluminada \u00e0 noite sob um c\u00e9u escuro.\" src=\"https:\/\/static.planetaexo.com\/wp-content\/uploads\/2025\/01\/Where-to-stay-in-Chapada-Diamantina-34.jpg\" alt=\"Exterior r\u00fastico da Pousada Monte Azul em Mucug\u00ea iluminada \u00e0 noite sob um c\u00e9u escuro.\" width=\"1000\" height=\"750\" srcset=\"https:\/\/static.planetaexo.com\/wp-content\/uploads\/2025\/01\/Where-to-stay-in-Chapada-Diamantina-34.jpg 1000w, https:\/\/static.planetaexo.com\/wp-content\/uploads\/2025\/01\/Where-to-stay-in-Chapada-Diamantina-34-300x225.jpg 300w, https:\/\/static.planetaexo.com\/wp-content\/uploads\/2025\/01\/Where-to-stay-in-Chapada-Diamantina-34-768x576.jpg 768w\" sizes=\"auto, (max-width: 1000px) 100vw, 1000px\" \/><p id=\"caption-attachment-25473\" class=\"wp-caption-text\">.<\/p><\/div>\n<h3><a href=\"https:\/\/www.booking.com\/Share-SMMfZwb\" target=\"_blank\" rel=\"noopener\"><b>Pousada Mucug\u00ea<\/b><\/a><\/h3>\n<p><span style=\"font-weight: 400;\">Um cl\u00e1ssico local, a <\/span><b>Pousada Mucug\u00ea<\/b><span style=\"font-weight: 400;\"> \u00e9 modesta, por\u00e9m eficiente, sendo mais recomendada para pessoas que gostam de <\/span><b>explorar e voltar<\/b><span style=\"font-weight: 400;\"> para suas acomoda\u00e7\u00f5es apenas para descansar no final do dia.<\/span><\/p>\n<p><span style=\"font-weight: 400;\">De qualquer forma, oferece piscina, Wi-Fi e estacionamento privativo. Camas de solteiro ou de casal, banheiros privativos e toalhas limpas s\u00e3o encontrados nos quartos aconchegantes.<\/span><\/p>\n<ul>\n<li style=\"font-weight: 400;\" aria-level=\"1\"><b>Endere\u00e7o:<\/b><span style=\"font-weight: 400;\"> R. Dr. Rodrigues de Lima, 30 &#8211; Centro<\/span><\/li>\n<li style=\"font-weight: 400;\" aria-level=\"1\"><b>Faixa de pre\u00e7o:<\/b><span style=\"font-weight: 400;\"> $$$<\/span><\/li>\n<\/ul>\n<h3><a href=\"https:\/\/www.booking.com\/Share-gzn8vI\" target=\"_blank\" rel=\"noopener\"><b>Pousada Primavera<\/b><\/a><\/h3>\n<p><span style=\"font-weight: 400;\">A apenas 5 minutos a p\u00e9 do centro de Mucug\u00ea, a <\/span><b>Pousada Primavera<\/b><span style=\"font-weight: 400;\"> oferece um ambiente sereno, perfeito para as pessoas que desejam fugir da agita\u00e7\u00e3o do dia a dia.<\/span><\/p>\n<p><span style=\"font-weight: 400;\">Encontre chal\u00e9s com camas confort\u00e1veis, redes, um servi\u00e7o excelente e um caf\u00e9 da manh\u00e3 refor\u00e7ado todas as manh\u00e3s. Custo-benef\u00edcio, conforto e \u00f3timos servi\u00e7os na mesma experi\u00eancia de estadia!<\/span><\/p>\n<ul>\n<li style=\"font-weight: 400;\" aria-level=\"1\"><b>Endere\u00e7o:<\/b><span style=\"font-weight: 400;\"> R. do Caboclo, 102 &#8211; Centro<\/span><\/li>\n<li style=\"font-weight: 400;\" aria-level=\"1\"><b>Faixa de pre\u00e7o:<\/b><span style=\"font-weight: 400;\"> $$$<\/span><\/li>\n<\/ul>\n<h3><a href=\"https:\/\/booking.tp.st\/n5GqoZqv\" target=\"_blank\" rel=\"noopener\"><b>Pousada Guin\u00e9<\/b><\/a><\/h3>\n<p><span style=\"font-weight: 400;\">A <\/span><b>Pousada Guin\u00e9<\/b><span style=\"font-weight: 400;\"> \u00e9 uma estadia aconchegante no vilarejo de Guin\u00e9 \u2014 um local perfeito para os aventureiros que desejam ficar perto do ponto de partida do trekking para o Vale do Pati \u2014, e conta com terra\u00e7o ao ar livre, jardim, restaurante, bar e Wi-Fi gratuito.<\/span><\/p>\n<p><span style=\"font-weight: 400;\">Os quartos s\u00e3o simples, mas confort\u00e1veis, equipados com ar-condicionado e banheiros privativos. As belas vistas de cada unidade tornam a estadia ainda melhor!<\/span><\/p>\n<ul>\n<li style=\"font-weight: 400;\" aria-level=\"1\"><b>Endere\u00e7o:<\/b><span style=\"font-weight: 400;\"> R. Eliezer Lima de Oliveira &#8211; Guin\u00e9<\/span><\/li>\n<li style=\"font-weight: 400;\" aria-level=\"1\"><b>Faixa de pre\u00e7o:<\/b><span style=\"font-weight: 400;\"> $$<\/span><\/li>\n<\/ul>\n<h2><b>Onde ficar no Vale do Cap\u00e3o?<\/b><\/h2>\n<p><span style=\"font-weight: 400;\">No distrito de <\/span><b>Caet\u00e9-A\u00e7u<\/b><span style=\"font-weight: 400;\">, que pertence ao munic\u00edpio de <\/span><b>Palmeiras<\/b><span style=\"font-weight: 400;\">, o <\/span><b>Vale do Cap\u00e3o<\/b><span style=\"font-weight: 400;\"> \u00e9 um pequeno e tranquilo vilarejo na Chapada Diamantina.<\/span><\/p>\n<p><span style=\"font-weight: 400;\">Conhecido por suas cachoeiras deslumbrantes, trilhas c\u00eanicas e atmosfera descontra\u00edda, \u00e9 uma porta de entrada para caminhadas famosas como a Cachoeira da Fuma\u00e7a e o Morr\u00e3o, atraindo amantes da natureza, mochileiros e trilheiros de todo o mundo em busca de uma conex\u00e3o profunda com a natureza.<\/span><\/p>\n<div id=\"attachment_25764\" style=\"width: 1010px\" class=\"wp-caption alignnone\"><img loading=\"lazy\" decoding=\"async\" aria-describedby=\"caption-attachment-25764\" class=\"wp-image-25764 size-full\" style=\"font-size: 16px;\" title=\"Casas coloridas alinhadas na pacata rua principal do Vale do Cap\u00e3o com uma enorme montanha brilhando ao p\u00f4r do sol.\" src=\"https:\/\/static.planetaexo.com\/wp-content\/uploads\/2025\/01\/vale-do-capao-1.jpg\" alt=\"Casas coloridas alinhadas na pacata rua principal do Vale do Cap\u00e3o com uma enorme montanha brilhando ao p\u00f4r do sol.\" width=\"1000\" height=\"750\" srcset=\"https:\/\/static.planetaexo.com\/wp-content\/uploads\/2025\/01\/vale-do-capao-1.jpg 1000w, https:\/\/static.planetaexo.com\/wp-content\/uploads\/2025\/01\/vale-do-capao-1-300x225.jpg 300w, https:\/\/static.planetaexo.com\/wp-content\/uploads\/2025\/01\/vale-do-capao-1-768x576.jpg 768w\" sizes=\"auto, (max-width: 1000px) 100vw, 1000px\" \/><p id=\"caption-attachment-25764\" class=\"wp-caption-text\">.<\/p><\/div>\n<h3><a href=\"https:\/\/www.booking.com\/Share-nbUFOOh\" target=\"_blank\" rel=\"noopener\"><b>Pousada Amanhecer<\/b><\/a><\/h3>\n<p><span style=\"font-weight: 400;\">A <\/span><b>Pousada Amanhecer<\/b><span style=\"font-weight: 400;\"> \u00e9 uma acomoda\u00e7\u00e3o excepcional com instala\u00e7\u00f5es sofisticadas e vistas naturais deslumbrantes. As \u00e1reas sociais incluem um jardim bem cuidado, um restaurante requintado, um bar, um parquinho infantil e uma piscina.<\/span><\/p>\n<p><span style=\"font-weight: 400;\">Os h\u00f3spedes podem relaxar em su\u00edtes e bangal\u00f4s de alto padr\u00e3o com camas de casal, ar-condicionado, frigobares, cafeteiras, varandas e banheiros privativos, al\u00e9m de comodidades premium.<\/span><\/p>\n<ul>\n<li style=\"font-weight: 400;\" aria-level=\"1\"><b>Endere\u00e7o:<\/b><span style=\"font-weight: 400;\"> S\u00edtio Povoado Caet\u00e9-A\u00e7u, 997 &#8211; Zona Rural, Palmeiras<\/span><\/li>\n<li style=\"font-weight: 400;\" aria-level=\"1\"><b>Faixa de pre\u00e7o: <span style=\"font-weight: 400;\">$<\/span><span style=\"font-weight: 400;\">$<\/span><span style=\"font-weight: 400;\">$<\/span><span style=\"font-weight: 400;\">$<\/span><span style=\"font-weight: 400;\">$<\/span><\/b><\/li>\n<\/ul>\n<div id=\"attachment_25713\" style=\"width: 1010px\" class=\"wp-caption aligncenter\"><img loading=\"lazy\" decoding=\"async\" aria-describedby=\"caption-attachment-25713\" class=\"wp-image-25713 size-full\" title=\"Piscina moderna e arquitetura sofisticada de concreto da Pousada Amanhecer com vista para as montanhas no Vale do Cap\u00e3o.\" src=\"https:\/\/static.planetaexo.com\/wp-content\/uploads\/2025\/01\/amanhecer-1.jpg\" alt=\"Piscina moderna e arquitetura sofisticada de concreto da Pousada Amanhecer com vista para as montanhas no Vale do Cap\u00e3o. \" width=\"1000\" height=\"750\" srcset=\"https:\/\/static.planetaexo.com\/wp-content\/uploads\/2025\/01\/amanhecer-1.jpg 1000w, https:\/\/static.planetaexo.com\/wp-content\/uploads\/2025\/01\/amanhecer-1-300x225.jpg 300w, https:\/\/static.planetaexo.com\/wp-content\/uploads\/2025\/01\/amanhecer-1-768x576.jpg 768w\" sizes=\"auto, (max-width: 1000px) 100vw, 1000px\" \/><p id=\"caption-attachment-25713\" class=\"wp-caption-text\">.<\/p><\/div>\n<h3><\/h3>\n<h3><\/h3>\n<h3><a href=\"https:\/\/www.booking.com\/Share-vOX5KO\" target=\"_blank\" rel=\"noopener\"><b>Pousada Aconchego<\/b><\/a><\/h3>\n<p><span style=\"font-weight: 400;\">Cercada por plantas e adornada pelas montanhas da Chapada Diamantina no horizonte, a <\/span><b>Pousada Aconchego<\/b><span style=\"font-weight: 400;\"> oferece um ambiente intimista com seus quartos ador\u00e1veis, redes e equipe amig\u00e1vel.<\/span><\/p>\n<p><span style=\"font-weight: 400;\">Caso voc\u00ea tenha alguma restri\u00e7\u00e3o alimentar, pode preparar sua comida na cozinha compartilhada e na cafeteria (aberta 24 horas por dia, 7 dias por semana). A infraestrutura com ar buc\u00f3lico \u00e9 frequentemente elogiada!<\/span><\/p>\n<ul>\n<li style=\"font-weight: 400;\" aria-level=\"1\"><b>Endere\u00e7o:<\/b><span style=\"font-weight: 400;\"> R. da Vila, s\/n &#8211; Centro<\/span><\/li>\n<li style=\"font-weight: 400;\" aria-level=\"1\"><b>Faixa de pre\u00e7o:<\/b><span style=\"font-weight: 400;\"> $$$<\/span><\/li>\n<\/ul>\n<h3><a href=\"https:\/\/booking.tp.st\/eU5mzkvm\" target=\"_blank\" rel=\"noopener\"><b>Pousada do Cap\u00e3o<\/b><\/a><\/h3>\n<p><span style=\"font-weight: 400;\">Se voc\u00ea procura um retiro tranquilo na Chapada Diamantina, a <\/span><b>Pousada do Cap\u00e3o<\/b><span style=\"font-weight: 400;\"> \u00e9 uma \u00f3tima escolha. A acomoda\u00e7\u00e3o oferece quartos aconchegantes e bem conservados, estacionamento gratuito, Wi-Fi gratuito, banheiros privativos e um delicioso caf\u00e9 da manh\u00e3 todas as manh\u00e3s.<\/span><\/p>\n<p><span style=\"font-weight: 400;\">A simp\u00e1tica equipe est\u00e1 sempre dispon\u00edvel para oferecer recomenda\u00e7\u00f5es sobre caminhadas e atividades na \u00e1rea. Um local perfeito para os amantes da natureza que buscam conforto e tranquilidade!<\/span><\/p>\n<ul>\n<li style=\"font-weight: 400;\" aria-level=\"1\"><b>Endere\u00e7o:<\/b><span style=\"font-weight: 400;\"> R. Chamego, s\/n &#8211; Centro<\/span><\/li>\n<li style=\"font-weight: 400;\" aria-level=\"1\"><b>Faixa de pre\u00e7o:<\/b><span style=\"font-weight: 400;\"> $$$<\/span><\/li>\n<\/ul>\n<h3><a href=\"https:\/\/www.booking.com\/Share-bHNaly\" target=\"_blank\" rel=\"noopener\"><b>Pousada P\u00e9 no Mato<\/b><\/a><\/h3>\n<p><b>Se voc\u00ea procura<\/b><span style=\"font-weight: 400;\"> onde ficar na Chapada Diamantina gastando pouco, a <\/span><b>Pousada P\u00e9 no Mato<\/b><span style=\"font-weight: 400;\"> \u00e9 uma \u00f3tima op\u00e7\u00e3o. Especialmente recomendada para jovens viajantes e casais, n\u00e3o h\u00e1 servi\u00e7o de alimenta\u00e7\u00e3o, mas os h\u00f3spedes podem cozinhar na cozinha compartilhada ou explorar os sabores dos restaurantes do Vale do Cap\u00e3o \u2014 a apenas uma curta caminhada de dist\u00e2ncia.<\/span><\/p>\n<p><span style=\"font-weight: 400;\">Desfrute de quartos confort\u00e1veis com camas de solteiro ou de casal, banheiros privativos, redes e um espa\u00e7o de coworking. Nas proximidades, voc\u00ea encontrar\u00e1 trilhas para caminhadas at\u00e9 a Cachoeira da Fuma\u00e7a e o Vale do Pati.<\/span><\/p>\n<ul>\n<li style=\"font-weight: 400;\" aria-level=\"1\"><b>Endere\u00e7o:<\/b><span style=\"font-weight: 400;\"> R. da Vila, 02 &#8211; Vale do Cap\u00e3o<\/span><\/li>\n<li style=\"font-weight: 400;\" aria-level=\"1\"><b>Faixa de pre\u00e7o:<\/b><span style=\"font-weight: 400;\"> $$<\/span><\/li>\n<\/ul>\n<div id=\"attachment_25835\" style=\"width: 1010px\" class=\"wp-caption alignnone\"><img loading=\"lazy\" decoding=\"async\" aria-describedby=\"caption-attachment-25835\" class=\"wp-image-25835 size-full\" title=\"Um jardim circular bem cuidado com uma fonte de pedra em um retiro tranquilo, emoldurado por montanhas verdes na Chapada Diamantina.\" src=\"https:\/\/static.planetaexo.com\/wp-content\/uploads\/2025\/01\/horizontal.png\" alt=\"Um jardim circular bem cuidado com uma fonte de pedra em um retiro tranquilo, emoldurado por montanhas verdes na Chapada Diamantina.\" width=\"1000\" height=\"750\" srcset=\"https:\/\/static.planetaexo.com\/wp-content\/uploads\/2025\/01\/horizontal.png 1000w, https:\/\/static.planetaexo.com\/wp-content\/uploads\/2025\/01\/horizontal-300x225.png 300w, https:\/\/static.planetaexo.com\/wp-content\/uploads\/2025\/01\/horizontal-768x576.png 768w\" sizes=\"auto, (max-width: 1000px) 100vw, 1000px\" \/><p id=\"caption-attachment-25835\" class=\"wp-caption-text\">.<\/p><\/div>\n<h2><b>Reservando sua viagem para a Chapada Diamantina com o PlanetaEXO<\/b><\/h2>\n<p><span style=\"font-weight: 400;\">Agora que voc\u00ea conhece alguns dos melhores hot\u00e9is na Chapada Diamantina, que tal come\u00e7ar a planejar sua viagem agora mesmo?<\/span><\/p>\n<p><b>O PlanetaEXO<\/b><span style=\"font-weight: 400;\">, uma plataforma de ecoturismo especializada em <\/span><a href=\"https:\/\/planetaexo.com\/trips\/pt\/destinos\/brasil\/pacotes-chapada-diamantina\/\"><b>Pacotes para a Chapada Diamantina<\/b><\/a><span style=\"font-weight: 400;\">, trabalha com os melhores operadores locais para garantir uma experi\u00eancia inesquec\u00edvel, incluindo pousadas luxuosas ou econ\u00f4micas e hospedagens nas casas dos residentes do parque nacional. <\/span><a href=\"https:\/\/planetaexo.com\/pt\/contato\/\"><b>Entre em contato conosco agora!<\/b><\/a><\/p>\n","protected":false},"excerpt":{"rendered":"<p>Veja onde ficar nas cidades-base da Chapada Diamantina e as op\u00e7\u00f5es de hospedagem para os trilheiros no Vale do Pati A Chapada Diamantina \u00e9 uma \u00e1rea natural imensa de 152.000&#8230;<\/p>\n","protected":false},"author":19,"featured_media":25857,"comment_status":"closed","ping_status":"open","sticky":false,"template":"","format":"standard","meta":{"_acf_changed":false,"content-type":"","footnotes":""},"categories":[646],"tags":[650],"class_list":{"0":"post-26209","1":"post","2":"type-post","3":"status-publish","4":"format-standard","5":"has-post-thumbnail","7":"category-chapada-diamantina","8":"tag-chapada-diamantina-pt"},"acf":[],"yoast_head":"<!-- This site is optimized with the Yoast SEO Premium plugin v27.4 (Yoast SEO v27.4) - https:\/\/yoast.com\/product\/yoast-seo-premium-wordpress\/ -->\n<title>Onde ficar na Chapada Diamantina? - PlanetaEXO<\/title>\n<meta name=\"description\" content=\"Descubra onde ficar na Chapada Diamantina, desde pousadas aconchegantes nas cidades-base at\u00e9 aut\u00eanticas casas de nativos no circuito do Vale do Pati.\" \/>\n<meta name=\"robots\" content=\"index, follow, max-snippet:-1, max-image-preview:large, max-video-preview:-1\" \/>\n<link rel=\"canonical\" href=\"https:\/\/planetaexo.com\/pt\/blog\/onde-ficar-na-chapada-diamantina\/\" \/>\n<meta property=\"og:locale\" content=\"pt_BR\" \/>\n<meta property=\"og:type\" content=\"article\" \/>\n<meta property=\"og:title\" content=\"Onde ficar na Chapada Diamantina?\" \/>\n<meta property=\"og:description\" content=\"Descubra onde ficar na Chapada Diamantina, desde pousadas aconchegantes nas cidades-base at\u00e9 aut\u00eanticas casas de nativos no circuito do Vale do Pati.\" \/>\n<meta property=\"og:url\" content=\"https:\/\/planetaexo.com\/pt\/blog\/onde-ficar-na-chapada-diamantina\/\" \/>\n<meta property=\"og:site_name\" content=\"PlanetaEXO\" \/>\n<meta property=\"article:published_time\" content=\"2026-01-27T18:55:51+00:00\" \/>\n<meta property=\"article:modified_time\" content=\"2026-04-23T18:46:02+00:00\" \/>\n<meta property=\"og:image\" content=\"https:\/\/static.planetaexo.com\/wp-content\/uploads\/2025\/01\/FEATURED-BLOG-1000-x-450-px-1-1.png\" \/>\n\t<meta property=\"og:image:width\" content=\"1000\" \/>\n\t<meta property=\"og:image:height\" content=\"450\" \/>\n\t<meta property=\"og:image:type\" content=\"image\/png\" \/>\n<meta name=\"author\" content=\"Lucas Ribeiro\" \/>\n<meta name=\"twitter:card\" content=\"summary_large_image\" \/>\n<meta name=\"twitter:label1\" content=\"Escrito por\" \/>\n\t<meta name=\"twitter:data1\" content=\"Lucas Ribeiro\" \/>\n\t<meta name=\"twitter:label2\" content=\"Est. tempo de leitura\" \/>\n\t<meta name=\"twitter:data2\" content=\"11 minutos\" \/>\n<script type=\"application\/ld+json\" class=\"yoast-schema-graph\">{\"@context\":\"https:\\\/\\\/schema.org\",\"@graph\":[{\"@type\":\"Article\",\"@id\":\"https:\\\/\\\/planetaexo.com\\\/pt\\\/blog\\\/onde-ficar-na-chapada-diamantina\\\/#article\",\"isPartOf\":{\"@id\":\"https:\\\/\\\/planetaexo.com\\\/pt\\\/blog\\\/onde-ficar-na-chapada-diamantina\\\/\"},\"author\":{\"name\":\"Lucas Ribeiro\",\"@id\":\"https:\\\/\\\/planetaexo.com\\\/pt\\\/#\\\/schema\\\/person\\\/aea53905ad0bd76e66bbb81bd5650170\"},\"headline\":\"Onde ficar na Chapada Diamantina?\",\"datePublished\":\"2026-01-27T18:55:51+00:00\",\"dateModified\":\"2026-04-23T18:46:02+00:00\",\"mainEntityOfPage\":{\"@id\":\"https:\\\/\\\/planetaexo.com\\\/pt\\\/blog\\\/onde-ficar-na-chapada-diamantina\\\/\"},\"wordCount\":2113,\"publisher\":{\"@id\":\"https:\\\/\\\/planetaexo.com\\\/pt\\\/#organization\"},\"image\":{\"@id\":\"https:\\\/\\\/planetaexo.com\\\/pt\\\/blog\\\/onde-ficar-na-chapada-diamantina\\\/#primaryimage\"},\"thumbnailUrl\":\"https:\\\/\\\/planetaexo.com\\\/wp-content\\\/uploads\\\/2025\\\/01\\\/FEATURED-BLOG-1000-x-450-px-1-1.png\",\"keywords\":[\"chapada diamantina\"],\"articleSection\":[\"Chapada Diamantina\"],\"inLanguage\":\"pt-BR\"},{\"@type\":\"WebPage\",\"@id\":\"https:\\\/\\\/planetaexo.com\\\/pt\\\/blog\\\/onde-ficar-na-chapada-diamantina\\\/\",\"url\":\"https:\\\/\\\/planetaexo.com\\\/pt\\\/blog\\\/onde-ficar-na-chapada-diamantina\\\/\",\"name\":\"Onde ficar na Chapada Diamantina? - PlanetaEXO\",\"isPartOf\":{\"@id\":\"https:\\\/\\\/planetaexo.com\\\/pt\\\/#website\"},\"primaryImageOfPage\":{\"@id\":\"https:\\\/\\\/planetaexo.com\\\/pt\\\/blog\\\/onde-ficar-na-chapada-diamantina\\\/#primaryimage\"},\"image\":{\"@id\":\"https:\\\/\\\/planetaexo.com\\\/pt\\\/blog\\\/onde-ficar-na-chapada-diamantina\\\/#primaryimage\"},\"thumbnailUrl\":\"https:\\\/\\\/planetaexo.com\\\/wp-content\\\/uploads\\\/2025\\\/01\\\/FEATURED-BLOG-1000-x-450-px-1-1.png\",\"datePublished\":\"2026-01-27T18:55:51+00:00\",\"dateModified\":\"2026-04-23T18:46:02+00:00\",\"description\":\"Descubra onde ficar na Chapada Diamantina, desde pousadas aconchegantes nas cidades-base at\u00e9 aut\u00eanticas casas de nativos no circuito do Vale do Pati.\",\"breadcrumb\":{\"@id\":\"https:\\\/\\\/planetaexo.com\\\/pt\\\/blog\\\/onde-ficar-na-chapada-diamantina\\\/#breadcrumb\"},\"inLanguage\":\"pt-BR\",\"potentialAction\":[{\"@type\":\"ReadAction\",\"target\":[\"https:\\\/\\\/planetaexo.com\\\/pt\\\/blog\\\/onde-ficar-na-chapada-diamantina\\\/\"]}]},{\"@type\":\"ImageObject\",\"inLanguage\":\"pt-BR\",\"@id\":\"https:\\\/\\\/planetaexo.com\\\/pt\\\/blog\\\/onde-ficar-na-chapada-diamantina\\\/#primaryimage\",\"url\":\"https:\\\/\\\/planetaexo.com\\\/wp-content\\\/uploads\\\/2025\\\/01\\\/FEATURED-BLOG-1000-x-450-px-1-1.png\",\"contentUrl\":\"https:\\\/\\\/planetaexo.com\\\/wp-content\\\/uploads\\\/2025\\\/01\\\/FEATURED-BLOG-1000-x-450-px-1-1.png\",\"width\":1000,\"height\":450},{\"@type\":\"BreadcrumbList\",\"@id\":\"https:\\\/\\\/planetaexo.com\\\/pt\\\/blog\\\/onde-ficar-na-chapada-diamantina\\\/#breadcrumb\",\"itemListElement\":[{\"@type\":\"ListItem\",\"position\":1,\"name\":\"Home\",\"item\":\"https:\\\/\\\/planetaexo.com\\\/pt\\\/\"},{\"@type\":\"ListItem\",\"position\":2,\"name\":\"Onde ficar na Chapada Diamantina?\"}]},{\"@type\":\"WebSite\",\"@id\":\"https:\\\/\\\/planetaexo.com\\\/pt\\\/#website\",\"url\":\"https:\\\/\\\/planetaexo.com\\\/pt\\\/\",\"name\":\"PlanetaEXO\",\"description\":\"Live an Adventure\",\"publisher\":{\"@id\":\"https:\\\/\\\/planetaexo.com\\\/pt\\\/#organization\"},\"potentialAction\":[{\"@type\":\"SearchAction\",\"target\":{\"@type\":\"EntryPoint\",\"urlTemplate\":\"https:\\\/\\\/planetaexo.com\\\/pt\\\/?s={search_term_string}\"},\"query-input\":{\"@type\":\"PropertyValueSpecification\",\"valueRequired\":true,\"valueName\":\"search_term_string\"}}],\"inLanguage\":\"pt-BR\"},{\"@type\":\"Organization\",\"@id\":\"https:\\\/\\\/planetaexo.com\\\/pt\\\/#organization\",\"name\":\"PlanetaEXO\",\"url\":\"https:\\\/\\\/planetaexo.com\\\/pt\\\/\",\"logo\":{\"@type\":\"ImageObject\",\"inLanguage\":\"pt-BR\",\"@id\":\"https:\\\/\\\/planetaexo.com\\\/pt\\\/#\\\/schema\\\/logo\\\/image\\\/\",\"url\":\"https:\\\/\\\/planetaexo.com\\\/wp-content\\\/uploads\\\/2023\\\/10\\\/cropped-favicon_logoexo-min-1.png\",\"contentUrl\":\"https:\\\/\\\/planetaexo.com\\\/wp-content\\\/uploads\\\/2023\\\/10\\\/cropped-favicon_logoexo-min-1.png\",\"width\":512,\"height\":512,\"caption\":\"PlanetaEXO\"},\"image\":{\"@id\":\"https:\\\/\\\/planetaexo.com\\\/pt\\\/#\\\/schema\\\/logo\\\/image\\\/\"},\"sameAs\":[\"https:\\\/\\\/instagram.com\\\/planetaexo\"]},{\"@type\":\"Person\",\"@id\":\"https:\\\/\\\/planetaexo.com\\\/pt\\\/#\\\/schema\\\/person\\\/aea53905ad0bd76e66bbb81bd5650170\",\"name\":\"Lucas Ribeiro\",\"image\":{\"@type\":\"ImageObject\",\"inLanguage\":\"pt-BR\",\"@id\":\"https:\\\/\\\/secure.gravatar.com\\\/avatar\\\/2bc95aa079871738caab41d9f1cfe51270c4b4810c308a80d55f0b3b80de8efe?s=96&d=mm&r=g\",\"url\":\"https:\\\/\\\/secure.gravatar.com\\\/avatar\\\/2bc95aa079871738caab41d9f1cfe51270c4b4810c308a80d55f0b3b80de8efe?s=96&d=mm&r=g\",\"contentUrl\":\"https:\\\/\\\/secure.gravatar.com\\\/avatar\\\/2bc95aa079871738caab41d9f1cfe51270c4b4810c308a80d55f0b3b80de8efe?s=96&d=mm&r=g\",\"caption\":\"Lucas Ribeiro\"},\"url\":\"https:\\\/\\\/planetaexo.com\\\/pt\\\/blog\\\/author\\\/lucasribeiro\\\/\"}]}<\/script>\n<!-- \/ Yoast SEO Premium plugin. -->","yoast_head_json":{"title":"Onde ficar na Chapada Diamantina? - PlanetaEXO","description":"Descubra onde ficar na Chapada Diamantina, desde pousadas aconchegantes nas cidades-base at\u00e9 aut\u00eanticas casas de nativos no circuito do Vale do Pati.","robots":{"index":"index","follow":"follow","max-snippet":"max-snippet:-1","max-image-preview":"max-image-preview:large","max-video-preview":"max-video-preview:-1"},"canonical":"https:\/\/planetaexo.com\/pt\/blog\/onde-ficar-na-chapada-diamantina\/","og_locale":"pt_BR","og_type":"article","og_title":"Onde ficar na Chapada Diamantina?","og_description":"Descubra onde ficar na Chapada Diamantina, desde pousadas aconchegantes nas cidades-base at\u00e9 aut\u00eanticas casas de nativos no circuito do Vale do Pati.","og_url":"https:\/\/planetaexo.com\/pt\/blog\/onde-ficar-na-chapada-diamantina\/","og_site_name":"PlanetaEXO","article_published_time":"2026-01-27T18:55:51+00:00","article_modified_time":"2026-04-23T18:46:02+00:00","og_image":[{"width":1000,"height":450,"url":"https:\/\/static.planetaexo.com\/wp-content\/uploads\/2025\/01\/FEATURED-BLOG-1000-x-450-px-1-1.png","type":"image\/png"}],"author":"Lucas Ribeiro","twitter_card":"summary_large_image","twitter_misc":{"Escrito por":"Lucas Ribeiro","Est. tempo de leitura":"11 minutos"},"schema":{"@context":"https:\/\/schema.org","@graph":[{"@type":"Article","@id":"https:\/\/planetaexo.com\/pt\/blog\/onde-ficar-na-chapada-diamantina\/#article","isPartOf":{"@id":"https:\/\/planetaexo.com\/pt\/blog\/onde-ficar-na-chapada-diamantina\/"},"author":{"name":"Lucas Ribeiro","@id":"https:\/\/planetaexo.com\/pt\/#\/schema\/person\/aea53905ad0bd76e66bbb81bd5650170"},"headline":"Onde ficar na Chapada Diamantina?","datePublished":"2026-01-27T18:55:51+00:00","dateModified":"2026-04-23T18:46:02+00:00","mainEntityOfPage":{"@id":"https:\/\/planetaexo.com\/pt\/blog\/onde-ficar-na-chapada-diamantina\/"},"wordCount":2113,"publisher":{"@id":"https:\/\/planetaexo.com\/pt\/#organization"},"image":{"@id":"https:\/\/planetaexo.com\/pt\/blog\/onde-ficar-na-chapada-diamantina\/#primaryimage"},"thumbnailUrl":"https:\/\/static.planetaexo.com\/wp-content\/uploads\/2025\/01\/FEATURED-BLOG-1000-x-450-px-1-1.png","keywords":["chapada diamantina"],"articleSection":["Chapada Diamantina"],"inLanguage":"pt-BR"},{"@type":"WebPage","@id":"https:\/\/planetaexo.com\/pt\/blog\/onde-ficar-na-chapada-diamantina\/","url":"https:\/\/planetaexo.com\/pt\/blog\/onde-ficar-na-chapada-diamantina\/","name":"Onde ficar na Chapada Diamantina? - PlanetaEXO","isPartOf":{"@id":"https:\/\/planetaexo.com\/pt\/#website"},"primaryImageOfPage":{"@id":"https:\/\/planetaexo.com\/pt\/blog\/onde-ficar-na-chapada-diamantina\/#primaryimage"},"image":{"@id":"https:\/\/planetaexo.com\/pt\/blog\/onde-ficar-na-chapada-diamantina\/#primaryimage"},"thumbnailUrl":"https:\/\/static.planetaexo.com\/wp-content\/uploads\/2025\/01\/FEATURED-BLOG-1000-x-450-px-1-1.png","datePublished":"2026-01-27T18:55:51+00:00","dateModified":"2026-04-23T18:46:02+00:00","description":"Descubra onde ficar na Chapada Diamantina, desde pousadas aconchegantes nas cidades-base at\u00e9 aut\u00eanticas casas de nativos no circuito do Vale do Pati.","breadcrumb":{"@id":"https:\/\/planetaexo.com\/pt\/blog\/onde-ficar-na-chapada-diamantina\/#breadcrumb"},"inLanguage":"pt-BR","potentialAction":[{"@type":"ReadAction","target":["https:\/\/planetaexo.com\/pt\/blog\/onde-ficar-na-chapada-diamantina\/"]}]},{"@type":"ImageObject","inLanguage":"pt-BR","@id":"https:\/\/planetaexo.com\/pt\/blog\/onde-ficar-na-chapada-diamantina\/#primaryimage","url":"https:\/\/static.planetaexo.com\/wp-content\/uploads\/2025\/01\/FEATURED-BLOG-1000-x-450-px-1-1.png","contentUrl":"https:\/\/static.planetaexo.com\/wp-content\/uploads\/2025\/01\/FEATURED-BLOG-1000-x-450-px-1-1.png","width":1000,"height":450},{"@type":"BreadcrumbList","@id":"https:\/\/planetaexo.com\/pt\/blog\/onde-ficar-na-chapada-diamantina\/#breadcrumb","itemListElement":[{"@type":"ListItem","position":1,"name":"Home","item":"https:\/\/planetaexo.com\/pt\/"},{"@type":"ListItem","position":2,"name":"Onde ficar na Chapada Diamantina?"}]},{"@type":"WebSite","@id":"https:\/\/planetaexo.com\/pt\/#website","url":"https:\/\/planetaexo.com\/pt\/","name":"PlanetaEXO","description":"Live an Adventure","publisher":{"@id":"https:\/\/planetaexo.com\/pt\/#organization"},"potentialAction":[{"@type":"SearchAction","target":{"@type":"EntryPoint","urlTemplate":"https:\/\/planetaexo.com\/pt\/?s={search_term_string}"},"query-input":{"@type":"PropertyValueSpecification","valueRequired":true,"valueName":"search_term_string"}}],"inLanguage":"pt-BR"},{"@type":"Organization","@id":"https:\/\/planetaexo.com\/pt\/#organization","name":"PlanetaEXO","url":"https:\/\/planetaexo.com\/pt\/","logo":{"@type":"ImageObject","inLanguage":"pt-BR","@id":"https:\/\/planetaexo.com\/pt\/#\/schema\/logo\/image\/","url":"https:\/\/static.planetaexo.com\/wp-content\/uploads\/2023\/10\/cropped-favicon_logoexo-min-1.png","contentUrl":"https:\/\/static.planetaexo.com\/wp-content\/uploads\/2023\/10\/cropped-favicon_logoexo-min-1.png","width":512,"height":512,"caption":"PlanetaEXO"},"image":{"@id":"https:\/\/planetaexo.com\/pt\/#\/schema\/logo\/image\/"},"sameAs":["https:\/\/instagram.com\/planetaexo"]},{"@type":"Person","@id":"https:\/\/planetaexo.com\/pt\/#\/schema\/person\/aea53905ad0bd76e66bbb81bd5650170","name":"Lucas Ribeiro","image":{"@type":"ImageObject","inLanguage":"pt-BR","@id":"https:\/\/secure.gravatar.com\/avatar\/2bc95aa079871738caab41d9f1cfe51270c4b4810c308a80d55f0b3b80de8efe?s=96&d=mm&r=g","url":"https:\/\/secure.gravatar.com\/avatar\/2bc95aa079871738caab41d9f1cfe51270c4b4810c308a80d55f0b3b80de8efe?s=96&d=mm&r=g","contentUrl":"https:\/\/secure.gravatar.com\/avatar\/2bc95aa079871738caab41d9f1cfe51270c4b4810c308a80d55f0b3b80de8efe?s=96&d=mm&r=g","caption":"Lucas Ribeiro"},"url":"https:\/\/planetaexo.com\/pt\/blog\/author\/lucasribeiro\/"}]}},"_links":{"self":[{"href":"https:\/\/planetaexo.com\/pt\/wp-json\/wp\/v2\/posts\/26209","targetHints":{"allow":["GET"]}}],"collection":[{"href":"https:\/\/planetaexo.com\/pt\/wp-json\/wp\/v2\/posts"}],"about":[{"href":"https:\/\/planetaexo.com\/pt\/wp-json\/wp\/v2\/types\/post"}],"author":[{"embeddable":true,"href":"https:\/\/planetaexo.com\/pt\/wp-json\/wp\/v2\/users\/19"}],"replies":[{"embeddable":true,"href":"https:\/\/planetaexo.com\/pt\/wp-json\/wp\/v2\/comments?post=26209"}],"version-history":[{"count":13,"href":"https:\/\/planetaexo.com\/pt\/wp-json\/wp\/v2\/posts\/26209\/revisions"}],"predecessor-version":[{"id":47469,"href":"https:\/\/planetaexo.com\/pt\/wp-json\/wp\/v2\/posts\/26209\/revisions\/47469"}],"wp:featuredmedia":[{"embeddable":true,"href":"https:\/\/planetaexo.com\/pt\/wp-json\/wp\/v2\/media\/25857"}],"wp:attachment":[{"href":"https:\/\/planetaexo.com\/pt\/wp-json\/wp\/v2\/media?parent=26209"}],"wp:term":[{"taxonomy":"category","embeddable":true,"href":"https:\/\/planetaexo.com\/pt\/wp-json\/wp\/v2\/categories?post=26209"},{"taxonomy":"post_tag","embeddable":true,"href":"https:\/\/planetaexo.com\/pt\/wp-json\/wp\/v2\/tags?post=26209"}],"curies":[{"name":"wp","href":"https:\/\/api.w.org\/{rel}","templated":true}]}}