{"id":47733,"date":"2026-04-22T15:09:46","date_gmt":"2026-04-22T15:09:46","guid":{"rendered":"https:\/\/planetaexo.com\/?p=47733"},"modified":"2026-04-24T19:02:47","modified_gmt":"2026-04-24T19:02:47","slug":"dag-van-de-aarde-10-transformatieve-natuurbeschermingsprojecten-in-brazilie","status":"publish","type":"post","link":"https:\/\/planetaexo.com\/nl\/blog\/dag-van-de-aarde-10-transformatieve-natuurbeschermingsprojecten-in-brazilie\/","title":{"rendered":"Dag van de Aarde: 10 Transformatieve Natuurbeschermingsprojecten in Brazili\u00eb"},"content":{"rendered":"<h2><strong><em>Ter ere van de Dag van de Aarde, gevierd op 22 april, hebben we 10 impactvolle initiatieven geselecteerd die het behoud van biodiversiteit combineren met de duurzame ontwikkeling van gemeenschappen in Brazili\u00eb.<\/em><\/strong><\/h2>\n<p><span style=\"font-weight: 400;\">Om de Dag van de Aarde te vieren, belicht<\/span><a href=\"https:\/\/planetaexo.com\/nl\/\"> <b>PlanetaEXO<\/b><\/a><span style=\"font-weight: 400;\">, een platform gespecialiseerd in ecotoerisme en verantwoord reizen, het werk van organisaties die vooroplopen op het gebied van milieubescherming in Brazili\u00eb. Het land, de thuisbasis van de grootste biodiversiteit ter wereld, staat voor groeiende klimaatuitdagingen, waardoor steun voor deze ecosystemen urgenter is dan ooit.<\/span><\/p>\n<p><span style=\"font-weight: 400;\">Gedreven door haar missie om reizigers te verbinden met ervaringen die een positieve impact hebben, en ge\u00efnspireerd door het thema van de Dag van de Aarde van dit jaar (&#8220;Our Power, Our Planet&#8221;), heeft PlanetaEXO een speciale selectie samengesteld van de 10 beste initiatieven voor het behoud van flora en fauna, en de sociaaleconomische ontwikkeling van lokale gemeenschappen in Brazili\u00eb.<\/span><\/p>\n<p><span style=\"font-weight: 400;\">&#8220;Initiatieven die gericht zijn op de bescherming van wilde dieren en traditionele gemeenschappen zijn absoluut noodzakelijk om ervoor te zorgen dat onze biomen problemen zoals de opwarming van de aarde en ontbossing overleven. Tegelijkertijd fungeert verantwoord toerisme als een fundamenteel instrument, omdat het het publieke bewustzijn vergroot en de lokale economie direct stimuleert,&#8221; aldus Lucas Ribeiro, oprichter van PlanetaEXO.<\/span><\/p>\n<p><span style=\"font-weight: 400;\">Bekijk nu 10 essenti\u00eble natuurbeschermingsinitiatieven in Brazili\u00eb:<\/span><\/p>\n<h2><a href=\"https:\/\/oncafari.org\/\" target=\"_blank\" rel=\"noopener\"><b>1. On\u00e7afari Project (Mato Grosso do Sul)<\/b><\/a><\/h2>\n<p><span style=\"font-weight: 400;\">Als pionier in het behoud van biodiversiteit richt On\u00e7afari zich op het vergroten van het bewustzijn over <\/span><b>jaguars<\/b><span style=\"font-weight: 400;\"> en het promoten van ecotoerisme als een duurzaam alternatief voor het genereren van inkomsten. In de<\/span><a href=\"https:\/\/planetaexo.com\/trips\/nl\/bestemmingen\/brazilie\/pantanal-tours\/\"> <b>Pantanal<\/b><\/a><span style=\"font-weight: 400;\"> voert het project wetenschappelijk onderzoek uit, evenals milieu-educatie en de herintroductie van dieren in het wild.<\/span><\/p>\n<div id=\"attachment_47203\" style=\"width: 1010px\" class=\"wp-caption alignnone\"><img loading=\"lazy\" decoding=\"async\" aria-describedby=\"caption-attachment-47203\" class=\"wp-image-47203 size-full\" title=\"Een jaguar wandelt over een grasvlakte in de Pantanal, terwijl een groep toeristen toekijkt vanuit een geel safarivoertuig als onderdeel van het On\u00e7afari Project.\" src=\"https:\/\/static.planetaexo.com\/wp-content\/uploads\/2026\/04\/jaguar-safari-tour-oncafari-pantanal.jpg.jpg\" alt=\"Een jaguar wandelt over een grasvlakte in de Pantanal, terwijl een groep toeristen toekijkt vanuit een geel safarivoertuig als onderdeel van het On\u00e7afari Project.\" width=\"1000\" height=\"750\" srcset=\"https:\/\/static.planetaexo.com\/wp-content\/uploads\/2026\/04\/jaguar-safari-tour-oncafari-pantanal.jpg.jpg 1000w, https:\/\/static.planetaexo.com\/wp-content\/uploads\/2026\/04\/jaguar-safari-tour-oncafari-pantanal.jpg-300x225.jpg 300w, https:\/\/static.planetaexo.com\/wp-content\/uploads\/2026\/04\/jaguar-safari-tour-oncafari-pantanal.jpg-768x576.jpg 768w\" sizes=\"auto, (max-width: 1000px) 100vw, 1000px\" \/><p id=\"caption-attachment-47203\" class=\"wp-caption-text\">Photo: Donal Boyd<\/p><\/div>\n<p><b>Hoe u kunt helpen:<\/b><span style=\"font-weight: 400;\"> Steun het project door een bezoek te brengen aan de Caiman Refuge via verantwoord toerisme, volg hun activiteiten op sociale media of doe een directe donatie.<\/span><\/p>\n<h2><a href=\"https:\/\/www.tamar.org.br\/\" target=\"_blank\" rel=\"noopener\"><b>2. Tamar Project (Braziliaanse Kust)<\/b><\/a><\/h2>\n<p><span style=\"font-weight: 400;\">Het internationaal erkende Tamar Project werkt al tientallen jaren aan de bescherming van zeeschildpadden in belangrijke kustgebieden. Het combineert wetenschappelijk onderzoek, strandmonitoring en sociale inclusie voor gemeenschappen langs de kustlijn in Brazili\u00eb.<\/span><\/p>\n<div id=\"attachment_47218\" style=\"width: 1010px\" class=\"wp-caption alignnone\"><img loading=\"lazy\" decoding=\"async\" aria-describedby=\"caption-attachment-47218\" class=\"wp-image-47218 size-full\" title=\"Twee onderzoekers op een zandstrand meten een grote zeeschildpad op met een meetlint, wat de inspanningen van het Tamar Project benadrukt om het zeeleven te beschermen.\" src=\"https:\/\/static.planetaexo.com\/wp-content\/uploads\/2026\/04\/researchers-measuring-sea-turtle-tamar-project.jpg.jpg\" alt=\"Twee onderzoekers op een zandstrand meten een grote zeeschildpad op met een meetlint, wat de inspanningen van het Tamar Project benadrukt om het zeeleven te beschermen.\" width=\"1000\" height=\"750\" srcset=\"https:\/\/static.planetaexo.com\/wp-content\/uploads\/2026\/04\/researchers-measuring-sea-turtle-tamar-project.jpg.jpg 1000w, https:\/\/static.planetaexo.com\/wp-content\/uploads\/2026\/04\/researchers-measuring-sea-turtle-tamar-project.jpg-300x225.jpg 300w, https:\/\/static.planetaexo.com\/wp-content\/uploads\/2026\/04\/researchers-measuring-sea-turtle-tamar-project.jpg-768x576.jpg 768w\" sizes=\"auto, (max-width: 1000px) 100vw, 1000px\" \/><p id=\"caption-attachment-47218\" class=\"wp-caption-text\">.<\/p><\/div>\n<p><b>Hoe u kunt helpen:<\/b><span style=\"font-weight: 400;\"> Bezoek de bezoekerscentra van het project in Santa Catarina, S\u00e3o Paulo, Esp\u00edrito Santo, Bahia, Sergipe en Pernambuco (<\/span><a href=\"https:\/\/www.google.com\/search?q=https:\/\/planetaexo.com\/trips\/nl\/bestemmingen\/brazilie\/fernando-de-noronha-tochten\/\"><b>Fernando de Noronha<\/b><\/a><span style=\"font-weight: 400;\">) en koop offici\u00eble producten in hun fysieke winkels en webshops, of draag bij met een donatie aan de stichting van het Tamar Project.<\/span><\/p>\n<h2><a href=\"https:\/\/fas-amazonia.org\/\" target=\"_blank\" rel=\"noopener\"><b>3. Funda\u00e7\u00e3o Amaz\u00f4nia Sustent\u00e1vel \u2013 Pensa Programma (Amazonas)<\/b><\/a><\/h2>\n<p><span style=\"font-weight: 400;\">De Funda\u00e7\u00e3o Amaz\u00f4nia Sustent\u00e1vel (FAS) bestrijdt sociale kwetsbaarheid in de<\/span><a href=\"https:\/\/planetaexo.com\/trips\/nl\/bestemmingen\/brazilie\/rondreis-amazone-brazilie\/\"> <b>Amazone<\/b><\/a><span style=\"font-weight: 400;\"> via het Sustainable Entrepreneurship and Business Program (Pensa). De focus ligt op gemeenschapsgericht toerisme in beschermde natuurgebieden. Dit transformeert het intacte bos in een economische aanwinst die al miljoenen aan inkomsten heeft gegenereerd voor gemeenschappen langs de rivier.<\/span><\/p>\n<div id=\"attachment_47233\" style=\"width: 1010px\" class=\"wp-caption alignnone\"><img loading=\"lazy\" decoding=\"async\" aria-describedby=\"caption-attachment-47233\" class=\"wp-image-47233 size-full\" title=\" Een vrouw in een zwart schort met het logo van FAS Ribeirinha steekt haar handen vreugdevol in de lucht, samen met anderen vieren ze het programma van de Funda\u00e7\u00e3o Amaz\u00f4nia Sustent\u00e1vel.\" src=\"https:\/\/static.planetaexo.com\/wp-content\/uploads\/2026\/04\/women-celebrating-sustainable-amazon-foundation-fas.jpg.jpg\" alt=\" Een vrouw in een zwart schort met het logo van FAS Ribeirinha steekt haar handen vreugdevol in de lucht, samen met anderen vieren ze het programma van de Funda\u00e7\u00e3o Amaz\u00f4nia Sustent\u00e1vel.\" width=\"1000\" height=\"750\" srcset=\"https:\/\/static.planetaexo.com\/wp-content\/uploads\/2026\/04\/women-celebrating-sustainable-amazon-foundation-fas.jpg.jpg 1000w, https:\/\/static.planetaexo.com\/wp-content\/uploads\/2026\/04\/women-celebrating-sustainable-amazon-foundation-fas.jpg-300x225.jpg 300w, https:\/\/static.planetaexo.com\/wp-content\/uploads\/2026\/04\/women-celebrating-sustainable-amazon-foundation-fas.jpg-768x576.jpg 768w\" sizes=\"auto, (max-width: 1000px) 100vw, 1000px\" \/><p id=\"caption-attachment-47233\" class=\"wp-caption-text\">.<\/p><\/div>\n<p><b>Hoe u kunt helpen:<\/b><span style=\"font-weight: 400;\"> Geef voorrang aan gemeenschapsgerichte toeristische routes in de <\/span><b>Amazone<\/b><span style=\"font-weight: 400;\">, uitgevoerd door partnergemeenschappen van FAS, en steun de instelling via donaties voor natuureducatie- en gezondheidsprojecten.<\/span><\/p>\n<h2><a href=\"https:\/\/www.baleiajubarte.org.br\/\" target=\"_blank\" rel=\"noopener\"><b>4. Baleia Jubarte Project (Bahia en Esp\u00edrito Santo)<\/b><\/a><\/h2>\n<p><span style=\"font-weight: 400;\">Dit initiatief is actief in de belangrijkste kraamkamers van de soort in de Zuid-Atlantische Oceaan en combineert wetenschap met de promotie van duurzaam <\/span><b>walvissen spotten<\/b><span style=\"font-weight: 400;\">. Het genereert lokale inkomsten zonder de levenscyclus van de dieren te verstoren.<\/span><\/p>\n<div id=\"attachment_47198\" style=\"width: 1010px\" class=\"wp-caption alignnone\"><img loading=\"lazy\" decoding=\"async\" aria-describedby=\"caption-attachment-47198\" class=\"wp-image-47198 size-full\" title=\"Een grote bultrugwalvis springt uit het oceaanoppervlak met zijn borstvin omhoog tegen een helderblauwe lucht, een prachtig beeld van het zeeleven in Bahia.\" src=\"https:\/\/static.planetaexo.com\/wp-content\/uploads\/2026\/04\/humpback-whale-breaching-ocean-bahia.jpg.jpg\" alt=\"Een grote bultrugwalvis springt uit het oceaanoppervlak met zijn borstvin omhoog tegen een helderblauwe lucht, een prachtig beeld van het zeeleven in Bahia.\" width=\"1000\" height=\"750\" srcset=\"https:\/\/static.planetaexo.com\/wp-content\/uploads\/2026\/04\/humpback-whale-breaching-ocean-bahia.jpg.jpg 1000w, https:\/\/static.planetaexo.com\/wp-content\/uploads\/2026\/04\/humpback-whale-breaching-ocean-bahia.jpg-300x225.jpg 300w, https:\/\/static.planetaexo.com\/wp-content\/uploads\/2026\/04\/humpback-whale-breaching-ocean-bahia.jpg-768x576.jpg 768w\" sizes=\"auto, (max-width: 1000px) 100vw, 1000px\" \/><p id=\"caption-attachment-47198\" class=\"wp-caption-text\">.<\/p><\/div>\n<p><b>Hoe u kunt helpen:<\/b><span style=\"font-weight: 400;\"> Neem deel aan duurzame expedities om walvissen te spotten via geaccrediteerde partners of koop de offici\u00eble producten van de instelling.<\/span><\/p>\n<h2><a href=\"https:\/\/www.institutoararaazul.org.br\/\" target=\"_blank\" rel=\"noopener\"><b>5. Instituto Arara Azul (Mato Grosso do Sul en Mato Grosso)<\/b><\/a><\/h2>\n<p><span style=\"font-weight: 400;\">Een succesverhaal waarbij de wetenschap een soort van uitsterven heeft gered. Door de monitoring van natuurlijke en kunstmatige nesten heeft het project de populatie van <\/span><b>hyacinthara&#8217;s<\/b><span style=\"font-weight: 400;\"> aanzienlijk laten groeien in het <\/span><b>Pantanal<\/b><span style=\"font-weight: 400;\">-bioom.<\/span><\/p>\n<div id=\"attachment_47193\" style=\"width: 1010px\" class=\"wp-caption alignnone\"><img loading=\"lazy\" decoding=\"async\" aria-describedby=\"caption-attachment-47193\" class=\"wp-image-47193 size-full\" title=\" Een felblauwe hyacinthara in volle vlucht met wijd gespreide vleugels tegen een heldere lucht in het Pantanal-bioom.\" src=\"https:\/\/static.planetaexo.com\/wp-content\/uploads\/2026\/04\/flying-hyacinth-macaw-pantanal-conservation.jpg.jpg\" alt=\" Een felblauwe hyacinthara in volle vlucht met wijd gespreide vleugels tegen een heldere lucht in het Pantanal-bioom.\" width=\"1000\" height=\"750\" srcset=\"https:\/\/static.planetaexo.com\/wp-content\/uploads\/2026\/04\/flying-hyacinth-macaw-pantanal-conservation.jpg.jpg 1000w, https:\/\/static.planetaexo.com\/wp-content\/uploads\/2026\/04\/flying-hyacinth-macaw-pantanal-conservation.jpg-300x225.jpg 300w, https:\/\/static.planetaexo.com\/wp-content\/uploads\/2026\/04\/flying-hyacinth-macaw-pantanal-conservation.jpg-768x576.jpg 768w\" sizes=\"auto, (max-width: 1000px) 100vw, 1000px\" \/><p id=\"caption-attachment-47193\" class=\"wp-caption-text\">.<\/p><\/div>\n<p><b>Hoe u kunt helpen:<\/b><span style=\"font-weight: 400;\"> Adopteer symbolisch een nest of een kuiken, koop offici\u00eble merkproducten of doe een donatie via de offici\u00eble website van het instituut.<\/span><\/p>\n<h2><a href=\"https:\/\/golfinhorotador.org.br\/sobre-nos\/projeto-golfinho-rotador\/\" target=\"_blank\" rel=\"noopener\"><b>6. Projeto Golfinho Rotador (Pernambuco)<\/b><\/a><\/h2>\n<p><span style=\"font-weight: 400;\">Gevestigd op <\/span><b>Fernando de Noronha<\/b><span style=\"font-weight: 400;\">, werkt dit project al meer dan 30 jaar aan het onderzoek en de bescherming van de langsnuitdolfijn. Het is essentieel om ervoor te zorgen dat het toerisme op het eiland plaatsvindt zonder het natuurlijke gedrag en de rust van deze walvisachtigen te verstoren.<\/span><\/p>\n<div id=\"attachment_47228\" style=\"width: 1010px\" class=\"wp-caption alignnone\"><img loading=\"lazy\" decoding=\"async\" aria-describedby=\"caption-attachment-47228\" class=\"wp-image-47228 size-full\" title=\"Een langsnuitdolfijn springt hoog uit het blauwe oceaanwater en draait om zijn as, beschermd door het Projeto Golfinho Rotador in Pernambuco.\" src=\"https:\/\/static.planetaexo.com\/wp-content\/uploads\/2026\/04\/spinner-dolphin-jumping-ocean-pernambuco.jpg.jpg\" alt=\"Een langsnuitdolfijn springt hoog uit het blauwe oceaanwater en draait om zijn as, beschermd door het Projeto Golfinho Rotador in Pernambuco.\" width=\"1000\" height=\"750\" srcset=\"https:\/\/static.planetaexo.com\/wp-content\/uploads\/2026\/04\/spinner-dolphin-jumping-ocean-pernambuco.jpg.jpg 1000w, https:\/\/static.planetaexo.com\/wp-content\/uploads\/2026\/04\/spinner-dolphin-jumping-ocean-pernambuco.jpg-300x225.jpg 300w, https:\/\/static.planetaexo.com\/wp-content\/uploads\/2026\/04\/spinner-dolphin-jumping-ocean-pernambuco.jpg-768x576.jpg 768w\" sizes=\"auto, (max-width: 1000px) 100vw, 1000px\" \/><p id=\"caption-attachment-47228\" class=\"wp-caption-text\">.<\/p><\/div>\n<p><b>Hoe u kunt helpen:<\/b><span style=\"font-weight: 400;\"> Volg strikt de regels van het Nationale Zeepark wanneer u Noronha bezoekt, bezoek het bezoekerscentrum van het project of doe een directe donatie.<\/span><\/p>\n<h2><a href=\"https:\/\/ibiti.com\/\" target=\"_blank\" rel=\"noopener\"><b>7. Ibiti Project (Minas Gerais)<\/b><\/a><\/h2>\n<p><span style=\"font-weight: 400;\">Gericht op het herstel van het Atlantisch Woud en regeneratief toerisme, herbebossen zij gedegradeerde gebieden en beschermen ze inheemse fauna \u2014 met name de <\/span><b>noordelijke spinaap<\/b><span style=\"font-weight: 400;\"> \u2014 in volledige harmonie met de dorpen in de regio Ibitipoca.<\/span><\/p>\n<div id=\"attachment_47213\" style=\"width: 1010px\" class=\"wp-caption alignnone\"><img loading=\"lazy\" decoding=\"async\" aria-describedby=\"caption-attachment-47213\" class=\"wp-image-47213 size-full\" title=\"Een noordelijke spinaap met een lichte vacht rust tussen groene boomtakken in het Atlantisch Woud, beschermd door het Ibiti Project in Minas Gerais.\" src=\"https:\/\/static.planetaexo.com\/wp-content\/uploads\/2026\/04\/northern-muriqui-monkey-ibiti-project-minas-gerais.jpg.jpg\" alt=\"Een noordelijke spinaap met een lichte vacht rust tussen groene boomtakken in het Atlantisch Woud, beschermd door het Ibiti Project in Minas Gerais.\" width=\"1000\" height=\"750\" srcset=\"https:\/\/static.planetaexo.com\/wp-content\/uploads\/2026\/04\/northern-muriqui-monkey-ibiti-project-minas-gerais.jpg.jpg 1000w, https:\/\/static.planetaexo.com\/wp-content\/uploads\/2026\/04\/northern-muriqui-monkey-ibiti-project-minas-gerais.jpg-300x225.jpg 300w, https:\/\/static.planetaexo.com\/wp-content\/uploads\/2026\/04\/northern-muriqui-monkey-ibiti-project-minas-gerais.jpg-768x576.jpg 768w\" sizes=\"auto, (max-width: 1000px) 100vw, 1000px\" \/><p id=\"caption-attachment-47213\" class=\"wp-caption-text\">.<\/p><\/div>\n<p><b>Hoe u kunt helpen:<\/b><span style=\"font-weight: 400;\"> Oefen regeneratief toerisme door het project te bezoeken en geef prioriteit aan de consumptie van duurzame producten die door de lokale gemeenschap worden gemaakt.<\/span><\/p>\n<h2><a href=\"https:\/\/procarnivoros.org.br\/projeto\/programa-para-a-conservacao-do-lobo-guara-lobos-da-canastra\/\" target=\"_blank\" rel=\"noopener\"><b>8. Lobos da Canastra Programma \u2013 Instituto Pr\u00f3-Carn\u00edvoros (Minas Gerais)<\/b><\/a><\/h2>\n<p><span style=\"font-weight: 400;\">Actief in de <\/span><b>Serra da Canastra<\/b><span style=\"font-weight: 400;\">, richt dit project zich op de bescherming van de <\/span><b>manenwolf<\/b><span style=\"font-weight: 400;\">. Ze monitoren de dieren en werken samen met agrarische producenten om conflicten te verminderen en vreedzaam samenleven in de <\/span><b>Cerrado<\/b><span style=\"font-weight: 400;\"> te bevorderen.<\/span><\/p>\n<div id=\"attachment_47208\" style=\"width: 1010px\" class=\"wp-caption alignnone\"><img loading=\"lazy\" decoding=\"async\" aria-describedby=\"caption-attachment-47208\" class=\"wp-image-47208 size-full\" title=\"Een manenwolf met zijn kenmerkende roodbruine vacht, gedeeltelijk verborgen in hoog, droog gras in het Cerrado-bioom.\" src=\"https:\/\/static.planetaexo.com\/wp-content\/uploads\/2026\/04\/maned-wolf-tall-grass-cerrado-canastra.jpg.jpg\" alt=\"Een manenwolf met zijn kenmerkende roodbruine vacht, gedeeltelijk verborgen in hoog, droog gras in het Cerrado-bioom.\" width=\"1000\" height=\"750\" srcset=\"https:\/\/static.planetaexo.com\/wp-content\/uploads\/2026\/04\/maned-wolf-tall-grass-cerrado-canastra.jpg.jpg 1000w, https:\/\/static.planetaexo.com\/wp-content\/uploads\/2026\/04\/maned-wolf-tall-grass-cerrado-canastra.jpg-300x225.jpg 300w, https:\/\/static.planetaexo.com\/wp-content\/uploads\/2026\/04\/maned-wolf-tall-grass-cerrado-canastra.jpg-768x576.jpg 768w\" sizes=\"auto, (max-width: 1000px) 100vw, 1000px\" \/><p id=\"caption-attachment-47208\" class=\"wp-caption-text\">Photo: Adriano Gambarini<\/p><\/div>\n<p><b>Hoe u kunt helpen:<\/b><span style=\"font-weight: 400;\"> Verspreid de educatieve campagnes van het project (zoals &#8220;Ik ben een vriend van de wolf&#8221;) of doe donaties via de website van het Instituto Pr\u00f3-Carn\u00edvoros.<\/span><\/p>\n<h2><a href=\"https:\/\/www.instagram.com\/acappm_jalapao\/\" target=\"_blank\" rel=\"noopener\"><b>9. Associa\u00e7\u00e3o dos Artes\u00e3os em Capim Dourado (Tocantins)<\/b><\/a><\/h2>\n<p><span style=\"font-weight: 400;\">Een emblematisch voorbeeld van natuurbescherming door duurzaam gebruik; de vereniging fungeert als de hoeder van de <\/span><b>Cerrado<\/b><span style=\"font-weight: 400;\"> in<\/span><a href=\"https:\/\/planetaexo.com\/trips\/nl\/bestemmingen\/brazilie\/jalapao-tochten\/\"> <b>Jalap\u00e3o<\/b><\/a><span style=\"font-weight: 400;\">. De oogst van het <\/span><b>Gouden Gras<\/b><span style=\"font-weight: 400;\"> (Capim Dourado) gebeurt onder strikte regels die de zaadcyclus van de plant respecteren, wat het herstel van het ecosysteem waarborgt en inkomsten genereert voor quilombola-gemeenschappen.<\/span><\/p>\n<div id=\"attachment_47178\" style=\"width: 1010px\" class=\"wp-caption alignnone\"><img loading=\"lazy\" decoding=\"async\" aria-describedby=\"caption-attachment-47178\" class=\"wp-image-47178 size-full\" title=\" Een groep vrouwen in een weelderig groen veld onder een bewolkte lucht, met geweven handwerk van Gouden Gras in de Jalap\u00e3o-regio.\" src=\"https:\/\/static.planetaexo.com\/wp-content\/uploads\/2026\/04\/artisans-holding-golden-grass-handicrafts-jalapao.jpg.jpg\" alt=\" Een groep vrouwen in een weelderig groen veld onder een bewolkte lucht, met geweven handwerk van Gouden Gras in de Jalap\u00e3o-regio.\" width=\"1000\" height=\"750\" srcset=\"https:\/\/static.planetaexo.com\/wp-content\/uploads\/2026\/04\/artisans-holding-golden-grass-handicrafts-jalapao.jpg.jpg 1000w, https:\/\/static.planetaexo.com\/wp-content\/uploads\/2026\/04\/artisans-holding-golden-grass-handicrafts-jalapao.jpg-300x225.jpg 300w, https:\/\/static.planetaexo.com\/wp-content\/uploads\/2026\/04\/artisans-holding-golden-grass-handicrafts-jalapao.jpg-768x576.jpg 768w\" sizes=\"auto, (max-width: 1000px) 100vw, 1000px\" \/><p id=\"caption-attachment-47178\" class=\"wp-caption-text\">Photo: Loiro Cunha<\/p><\/div>\n<p><b>Hoe u kunt helpen:<\/b><span style=\"font-weight: 400;\"> Steun gemeenschapsgericht toerisme bij een bezoek aan <\/span><b>Jalap\u00e3o<\/b><span style=\"font-weight: 400;\"> en koop origineel handwerk met een keurmerk van oorsprong, met respect voor de offici\u00eble oogstperiode.<\/span><\/p>\n<h2><a href=\"https:\/\/www.tamandua.org\/rota-tamanduai\" target=\"_blank\" rel=\"noopener\"><b>10. &#8220;Na Rota do TamanduA\u00cd&#8221; Project \u2013 Instituto Tamandu\u00e1 (Maranh\u00e3o)<\/b><\/a><\/h2>\n<p><span style=\"font-weight: 400;\">Dit project is actief in<\/span><a href=\"https:\/\/planetaexo.com\/trips\/nl\/bestemmingen\/brazilie\/lencois-maranhenses-tochten\/\"> <b>Len\u00e7\u00f3is Maranhenses<\/b><\/a><span style=\"font-weight: 400;\"> en bestudeert en beschermt de <\/span><b>dwergmiereneter<\/b><span style=\"font-weight: 400;\">, de kleinste mierenetersoort ter wereld. Het initiatief traint lokale gemeenschappen in duurzaam ecotoerisme als een alternatief voor sociale kwetsbaarheid en milieuschade.<\/span><\/p>\n<div id=\"attachment_47223\" style=\"width: 1010px\" class=\"wp-caption alignnone\"><img loading=\"lazy\" decoding=\"async\" aria-describedby=\"caption-attachment-47223\" class=\"wp-image-47223 size-full\" title=\"Een kleine, lichtbruine dwergmiereneter klampt zich vast aan een dikke boomtak, met een wazige groene bosachtergrond in Len\u00e7\u00f3is Maranhenses.\" src=\"https:\/\/static.planetaexo.com\/wp-content\/uploads\/2026\/04\/silky-anteater-tree-branch-lencois-maranhenses.jpg.jpg\" alt=\"Een kleine, lichtbruine dwergmiereneter klampt zich vast aan een dikke boomtak, met een wazige groene bosachtergrond in Len\u00e7\u00f3is Maranhenses.\" width=\"1000\" height=\"750\" srcset=\"https:\/\/static.planetaexo.com\/wp-content\/uploads\/2026\/04\/silky-anteater-tree-branch-lencois-maranhenses.jpg.jpg 1000w, https:\/\/static.planetaexo.com\/wp-content\/uploads\/2026\/04\/silky-anteater-tree-branch-lencois-maranhenses.jpg-300x225.jpg 300w, https:\/\/static.planetaexo.com\/wp-content\/uploads\/2026\/04\/silky-anteater-tree-branch-lencois-maranhenses.jpg-768x576.jpg 768w\" sizes=\"auto, (max-width: 1000px) 100vw, 1000px\" \/><p id=\"caption-attachment-47223\" class=\"wp-caption-text\">.<\/p><\/div>\n<p><b>Hoe u kunt helpen:<\/b><span style=\"font-weight: 400;\"> Kies voor gidsen en routes uit de lokale gemeenschap in <\/span><b>Len\u00e7\u00f3is Maranhenses<\/b><span style=\"font-weight: 400;\"> en steun de milieu-educatieve campagnes van het Instituto Tamandu\u00e1.<\/span><\/p>\n<h2><b>Dag van de Aarde 2026 Viert de Kracht van Individuen in Milieubescherming<\/b><\/h2>\n<p><span style=\"font-weight: 400;\">Sinds 2009 heeft een resolutie van de VN 22 april vastgesteld als Internationale Dag van Moeder Aarde, of simpelweg Dag van de Aarde. Deze internationale datum is in het leven geroepen om bewustzijn te cre\u00ebren over het belang van milieubehoud en om concrete acties aan te moedigen tegen problemen zoals vervuiling, klimaatverandering en verlies van biodiversiteit.<\/span><\/p>\n<p><span style=\"font-weight: 400;\">De viering begon in 1970 in de Verenigde Staten, lang voor de offici\u00eble erkenning door de Verenigde Naties. Vandaag de dag mobiliseert de Dag van de Aarde miljoenen mensen wereldwijd.<\/span><\/p>\n<p><span style=\"font-weight: 400;\">Het thema voor 2026, &#8220;Our Power, Our Planet&#8221;, viert de kracht van individuen en maatschappelijke mobilisatie bij de bescherming van het milieu. Leer meer over de datum en de wereldwijde mobilisatie op de offici\u00eble website<\/span><a href=\"https:\/\/earthday.org\/\" target=\"_blank\" rel=\"noopener\"> <b>EarthDay.org<\/b><\/a><span style=\"font-weight: 400;\">.<\/span><\/p>\n<h2><b>Ondersteun Braziliaanse Natuurbescherming via Ecotoerisme met PlanetaEXO<\/b><\/h2>\n<p><span style=\"font-weight: 400;\">PlanetaEXO is een platform dat zich inzet voor verantwoord ecotoerisme, het verbindt reizigers met authentieke natuurervaringen en versterkt maatschappelijke initiatieven in heel Brazili\u00eb. Het bedrijf werkt samen met lokale gemeenschappen, gidsen en natuurbeschermingsprojecten om reizen te bevorderen die cultuur, biodiversiteit en duurzaamheid op waarde schatten.<\/span><\/p>\n","protected":false},"excerpt":{"rendered":"<p>Ter ere van de Dag van de Aarde, gevierd op 22 april, hebben we 10 impactvolle initiatieven geselecteerd die het behoud van biodiversiteit combineren met de duurzame ontwikkeling van gemeenschappen&#8230;<\/p>\n","protected":false},"author":37,"featured_media":47190,"comment_status":"closed","ping_status":"open","sticky":false,"template":"","format":"standard","meta":{"_acf_changed":false,"content-type":"","footnotes":""},"categories":[567],"tags":[],"class_list":{"0":"post-47733","1":"post","2":"type-post","3":"status-publish","4":"format-standard","5":"has-post-thumbnail","7":"category-oorzaken"},"acf":[],"yoast_head":"<!-- This site is optimized with the Yoast SEO Premium plugin v27.4 (Yoast SEO v27.4) - https:\/\/yoast.com\/product\/yoast-seo-premium-wordpress\/ -->\n<title>Dag van de Aarde: 10 Transformatieve Natuurbeschermingsprojecten in Brazili\u00eb - PlanetaEXO<\/title>\n<meta name=\"robots\" content=\"index, follow, max-snippet:-1, max-image-preview:large, max-video-preview:-1\" \/>\n<link rel=\"canonical\" href=\"https:\/\/planetaexo.com\/nl\/blog\/dag-van-de-aarde-10-transformatieve-natuurbeschermingsprojecten-in-brazilie\/\" \/>\n<meta property=\"og:locale\" content=\"nl_NL\" \/>\n<meta property=\"og:type\" content=\"article\" \/>\n<meta property=\"og:title\" content=\"Dag van de Aarde: 10 Transformatieve Natuurbeschermingsprojecten in Brazili\u00eb\" \/>\n<meta property=\"og:description\" content=\"Ter ere van de Dag van de Aarde, gevierd op 22 april, hebben we 10 impactvolle initiatieven geselecteerd die het behoud van biodiversiteit combineren met de duurzame ontwikkeling van gemeenschappen...\" \/>\n<meta property=\"og:url\" content=\"https:\/\/planetaexo.com\/nl\/blog\/dag-van-de-aarde-10-transformatieve-natuurbeschermingsprojecten-in-brazilie\/\" \/>\n<meta property=\"og:site_name\" content=\"PlanetaEXO\" \/>\n<meta property=\"article:published_time\" content=\"2026-04-22T15:09:46+00:00\" \/>\n<meta property=\"article:modified_time\" content=\"2026-04-24T19:02:47+00:00\" \/>\n<meta property=\"og:image\" content=\"https:\/\/static.planetaexo.com\/wp-content\/uploads\/2026\/04\/Featured-Blog-hand-touching-tree-bark-brazil-conservation.jpg.jpg\" \/>\n\t<meta property=\"og:image:width\" content=\"1000\" \/>\n\t<meta property=\"og:image:height\" content=\"750\" \/>\n\t<meta property=\"og:image:type\" content=\"image\/jpeg\" \/>\n<meta name=\"author\" content=\"anajulia\" \/>\n<meta name=\"twitter:card\" content=\"summary_large_image\" \/>\n<meta name=\"twitter:label1\" content=\"Geschreven door\" \/>\n\t<meta name=\"twitter:data1\" content=\"anajulia\" \/>\n\t<meta name=\"twitter:label2\" content=\"Geschatte leestijd\" \/>\n\t<meta name=\"twitter:data2\" content=\"8 minuten\" \/>\n<script type=\"application\/ld+json\" class=\"yoast-schema-graph\">{\"@context\":\"https:\\\/\\\/schema.org\",\"@graph\":[{\"@type\":\"Article\",\"@id\":\"https:\\\/\\\/planetaexo.com\\\/nl\\\/blog\\\/dag-van-de-aarde-10-transformatieve-natuurbeschermingsprojecten-in-brazilie\\\/#article\",\"isPartOf\":{\"@id\":\"https:\\\/\\\/planetaexo.com\\\/nl\\\/blog\\\/dag-van-de-aarde-10-transformatieve-natuurbeschermingsprojecten-in-brazilie\\\/\"},\"author\":{\"name\":\"anajulia\",\"@id\":\"https:\\\/\\\/planetaexo.com\\\/nl\\\/#\\\/schema\\\/person\\\/90b2371ea55876c4c10c92c2a2e7677d\"},\"headline\":\"Dag van de Aarde: 10 Transformatieve Natuurbeschermingsprojecten in Brazili\u00eb\",\"datePublished\":\"2026-04-22T15:09:46+00:00\",\"dateModified\":\"2026-04-24T19:02:47+00:00\",\"mainEntityOfPage\":{\"@id\":\"https:\\\/\\\/planetaexo.com\\\/nl\\\/blog\\\/dag-van-de-aarde-10-transformatieve-natuurbeschermingsprojecten-in-brazilie\\\/\"},\"wordCount\":1270,\"publisher\":{\"@id\":\"https:\\\/\\\/planetaexo.com\\\/nl\\\/#organization\"},\"image\":{\"@id\":\"https:\\\/\\\/planetaexo.com\\\/nl\\\/blog\\\/dag-van-de-aarde-10-transformatieve-natuurbeschermingsprojecten-in-brazilie\\\/#primaryimage\"},\"thumbnailUrl\":\"https:\\\/\\\/planetaexo.com\\\/wp-content\\\/uploads\\\/2026\\\/04\\\/Featured-Blog-hand-touching-tree-bark-brazil-conservation.jpg.jpg\",\"articleSection\":[\"Oorzaken\"],\"inLanguage\":\"nl-NL\"},{\"@type\":\"WebPage\",\"@id\":\"https:\\\/\\\/planetaexo.com\\\/nl\\\/blog\\\/dag-van-de-aarde-10-transformatieve-natuurbeschermingsprojecten-in-brazilie\\\/\",\"url\":\"https:\\\/\\\/planetaexo.com\\\/nl\\\/blog\\\/dag-van-de-aarde-10-transformatieve-natuurbeschermingsprojecten-in-brazilie\\\/\",\"name\":\"Dag van de Aarde: 10 Transformatieve Natuurbeschermingsprojecten in Brazili\u00eb - PlanetaEXO\",\"isPartOf\":{\"@id\":\"https:\\\/\\\/planetaexo.com\\\/nl\\\/#website\"},\"primaryImageOfPage\":{\"@id\":\"https:\\\/\\\/planetaexo.com\\\/nl\\\/blog\\\/dag-van-de-aarde-10-transformatieve-natuurbeschermingsprojecten-in-brazilie\\\/#primaryimage\"},\"image\":{\"@id\":\"https:\\\/\\\/planetaexo.com\\\/nl\\\/blog\\\/dag-van-de-aarde-10-transformatieve-natuurbeschermingsprojecten-in-brazilie\\\/#primaryimage\"},\"thumbnailUrl\":\"https:\\\/\\\/planetaexo.com\\\/wp-content\\\/uploads\\\/2026\\\/04\\\/Featured-Blog-hand-touching-tree-bark-brazil-conservation.jpg.jpg\",\"datePublished\":\"2026-04-22T15:09:46+00:00\",\"dateModified\":\"2026-04-24T19:02:47+00:00\",\"breadcrumb\":{\"@id\":\"https:\\\/\\\/planetaexo.com\\\/nl\\\/blog\\\/dag-van-de-aarde-10-transformatieve-natuurbeschermingsprojecten-in-brazilie\\\/#breadcrumb\"},\"inLanguage\":\"nl-NL\",\"potentialAction\":[{\"@type\":\"ReadAction\",\"target\":[\"https:\\\/\\\/planetaexo.com\\\/nl\\\/blog\\\/dag-van-de-aarde-10-transformatieve-natuurbeschermingsprojecten-in-brazilie\\\/\"]}]},{\"@type\":\"ImageObject\",\"inLanguage\":\"nl-NL\",\"@id\":\"https:\\\/\\\/planetaexo.com\\\/nl\\\/blog\\\/dag-van-de-aarde-10-transformatieve-natuurbeschermingsprojecten-in-brazilie\\\/#primaryimage\",\"url\":\"https:\\\/\\\/planetaexo.com\\\/wp-content\\\/uploads\\\/2026\\\/04\\\/Featured-Blog-hand-touching-tree-bark-brazil-conservation.jpg.jpg\",\"contentUrl\":\"https:\\\/\\\/planetaexo.com\\\/wp-content\\\/uploads\\\/2026\\\/04\\\/Featured-Blog-hand-touching-tree-bark-brazil-conservation.jpg.jpg\",\"width\":1000,\"height\":750,\"caption\":\"A person's hand gently touching the rough bark of a tree trunk in a lush forest, representing connection with nature and conservation projects in Brazil.\"},{\"@type\":\"BreadcrumbList\",\"@id\":\"https:\\\/\\\/planetaexo.com\\\/nl\\\/blog\\\/dag-van-de-aarde-10-transformatieve-natuurbeschermingsprojecten-in-brazilie\\\/#breadcrumb\",\"itemListElement\":[{\"@type\":\"ListItem\",\"position\":1,\"name\":\"Home\",\"item\":\"https:\\\/\\\/planetaexo.com\\\/nl\\\/\"},{\"@type\":\"ListItem\",\"position\":2,\"name\":\"Dag van de Aarde: 10 Transformatieve Natuurbeschermingsprojecten in Brazili\u00eb\"}]},{\"@type\":\"WebSite\",\"@id\":\"https:\\\/\\\/planetaexo.com\\\/nl\\\/#website\",\"url\":\"https:\\\/\\\/planetaexo.com\\\/nl\\\/\",\"name\":\"PlanetaEXO\",\"description\":\"Live an Adventure\",\"publisher\":{\"@id\":\"https:\\\/\\\/planetaexo.com\\\/nl\\\/#organization\"},\"potentialAction\":[{\"@type\":\"SearchAction\",\"target\":{\"@type\":\"EntryPoint\",\"urlTemplate\":\"https:\\\/\\\/planetaexo.com\\\/nl\\\/?s={search_term_string}\"},\"query-input\":{\"@type\":\"PropertyValueSpecification\",\"valueRequired\":true,\"valueName\":\"search_term_string\"}}],\"inLanguage\":\"nl-NL\"},{\"@type\":\"Organization\",\"@id\":\"https:\\\/\\\/planetaexo.com\\\/nl\\\/#organization\",\"name\":\"PlanetaEXO\",\"url\":\"https:\\\/\\\/planetaexo.com\\\/nl\\\/\",\"logo\":{\"@type\":\"ImageObject\",\"inLanguage\":\"nl-NL\",\"@id\":\"https:\\\/\\\/planetaexo.com\\\/nl\\\/#\\\/schema\\\/logo\\\/image\\\/\",\"url\":\"https:\\\/\\\/planetaexo.com\\\/wp-content\\\/uploads\\\/2023\\\/10\\\/cropped-favicon_logoexo-min-1.png\",\"contentUrl\":\"https:\\\/\\\/planetaexo.com\\\/wp-content\\\/uploads\\\/2023\\\/10\\\/cropped-favicon_logoexo-min-1.png\",\"width\":512,\"height\":512,\"caption\":\"PlanetaEXO\"},\"image\":{\"@id\":\"https:\\\/\\\/planetaexo.com\\\/nl\\\/#\\\/schema\\\/logo\\\/image\\\/\"},\"sameAs\":[\"https:\\\/\\\/instagram.com\\\/planetaexo\"]},{\"@type\":\"Person\",\"@id\":\"https:\\\/\\\/planetaexo.com\\\/nl\\\/#\\\/schema\\\/person\\\/90b2371ea55876c4c10c92c2a2e7677d\",\"name\":\"anajulia\",\"image\":{\"@type\":\"ImageObject\",\"inLanguage\":\"nl-NL\",\"@id\":\"https:\\\/\\\/secure.gravatar.com\\\/avatar\\\/0160f9615a672bd9b973445664e1c623a0c72c5e2af4fc97e23033c1a3cbbbdb?s=96&d=mm&r=g\",\"url\":\"https:\\\/\\\/secure.gravatar.com\\\/avatar\\\/0160f9615a672bd9b973445664e1c623a0c72c5e2af4fc97e23033c1a3cbbbdb?s=96&d=mm&r=g\",\"contentUrl\":\"https:\\\/\\\/secure.gravatar.com\\\/avatar\\\/0160f9615a672bd9b973445664e1c623a0c72c5e2af4fc97e23033c1a3cbbbdb?s=96&d=mm&r=g\",\"caption\":\"anajulia\"},\"url\":\"https:\\\/\\\/planetaexo.com\\\/nl\\\/blog\\\/author\\\/anajulia\\\/\"}]}<\/script>\n<!-- \/ Yoast SEO Premium plugin. -->","yoast_head_json":{"title":"Dag van de Aarde: 10 Transformatieve Natuurbeschermingsprojecten in Brazili\u00eb - PlanetaEXO","robots":{"index":"index","follow":"follow","max-snippet":"max-snippet:-1","max-image-preview":"max-image-preview:large","max-video-preview":"max-video-preview:-1"},"canonical":"https:\/\/planetaexo.com\/nl\/blog\/dag-van-de-aarde-10-transformatieve-natuurbeschermingsprojecten-in-brazilie\/","og_locale":"nl_NL","og_type":"article","og_title":"Dag van de Aarde: 10 Transformatieve Natuurbeschermingsprojecten in Brazili\u00eb","og_description":"Ter ere van de Dag van de Aarde, gevierd op 22 april, hebben we 10 impactvolle initiatieven geselecteerd die het behoud van biodiversiteit combineren met de duurzame ontwikkeling van gemeenschappen...","og_url":"https:\/\/planetaexo.com\/nl\/blog\/dag-van-de-aarde-10-transformatieve-natuurbeschermingsprojecten-in-brazilie\/","og_site_name":"PlanetaEXO","article_published_time":"2026-04-22T15:09:46+00:00","article_modified_time":"2026-04-24T19:02:47+00:00","og_image":[{"width":1000,"height":750,"url":"https:\/\/static.planetaexo.com\/wp-content\/uploads\/2026\/04\/Featured-Blog-hand-touching-tree-bark-brazil-conservation.jpg.jpg","type":"image\/jpeg"}],"author":"anajulia","twitter_card":"summary_large_image","twitter_misc":{"Geschreven door":"anajulia","Geschatte leestijd":"8 minuten"},"schema":{"@context":"https:\/\/schema.org","@graph":[{"@type":"Article","@id":"https:\/\/planetaexo.com\/nl\/blog\/dag-van-de-aarde-10-transformatieve-natuurbeschermingsprojecten-in-brazilie\/#article","isPartOf":{"@id":"https:\/\/planetaexo.com\/nl\/blog\/dag-van-de-aarde-10-transformatieve-natuurbeschermingsprojecten-in-brazilie\/"},"author":{"name":"anajulia","@id":"https:\/\/planetaexo.com\/nl\/#\/schema\/person\/90b2371ea55876c4c10c92c2a2e7677d"},"headline":"Dag van de Aarde: 10 Transformatieve Natuurbeschermingsprojecten in Brazili\u00eb","datePublished":"2026-04-22T15:09:46+00:00","dateModified":"2026-04-24T19:02:47+00:00","mainEntityOfPage":{"@id":"https:\/\/planetaexo.com\/nl\/blog\/dag-van-de-aarde-10-transformatieve-natuurbeschermingsprojecten-in-brazilie\/"},"wordCount":1270,"publisher":{"@id":"https:\/\/planetaexo.com\/nl\/#organization"},"image":{"@id":"https:\/\/planetaexo.com\/nl\/blog\/dag-van-de-aarde-10-transformatieve-natuurbeschermingsprojecten-in-brazilie\/#primaryimage"},"thumbnailUrl":"https:\/\/static.planetaexo.com\/wp-content\/uploads\/2026\/04\/Featured-Blog-hand-touching-tree-bark-brazil-conservation.jpg.jpg","articleSection":["Oorzaken"],"inLanguage":"nl-NL"},{"@type":"WebPage","@id":"https:\/\/planetaexo.com\/nl\/blog\/dag-van-de-aarde-10-transformatieve-natuurbeschermingsprojecten-in-brazilie\/","url":"https:\/\/planetaexo.com\/nl\/blog\/dag-van-de-aarde-10-transformatieve-natuurbeschermingsprojecten-in-brazilie\/","name":"Dag van de Aarde: 10 Transformatieve Natuurbeschermingsprojecten in Brazili\u00eb - PlanetaEXO","isPartOf":{"@id":"https:\/\/planetaexo.com\/nl\/#website"},"primaryImageOfPage":{"@id":"https:\/\/planetaexo.com\/nl\/blog\/dag-van-de-aarde-10-transformatieve-natuurbeschermingsprojecten-in-brazilie\/#primaryimage"},"image":{"@id":"https:\/\/planetaexo.com\/nl\/blog\/dag-van-de-aarde-10-transformatieve-natuurbeschermingsprojecten-in-brazilie\/#primaryimage"},"thumbnailUrl":"https:\/\/static.planetaexo.com\/wp-content\/uploads\/2026\/04\/Featured-Blog-hand-touching-tree-bark-brazil-conservation.jpg.jpg","datePublished":"2026-04-22T15:09:46+00:00","dateModified":"2026-04-24T19:02:47+00:00","breadcrumb":{"@id":"https:\/\/planetaexo.com\/nl\/blog\/dag-van-de-aarde-10-transformatieve-natuurbeschermingsprojecten-in-brazilie\/#breadcrumb"},"inLanguage":"nl-NL","potentialAction":[{"@type":"ReadAction","target":["https:\/\/planetaexo.com\/nl\/blog\/dag-van-de-aarde-10-transformatieve-natuurbeschermingsprojecten-in-brazilie\/"]}]},{"@type":"ImageObject","inLanguage":"nl-NL","@id":"https:\/\/planetaexo.com\/nl\/blog\/dag-van-de-aarde-10-transformatieve-natuurbeschermingsprojecten-in-brazilie\/#primaryimage","url":"https:\/\/static.planetaexo.com\/wp-content\/uploads\/2026\/04\/Featured-Blog-hand-touching-tree-bark-brazil-conservation.jpg.jpg","contentUrl":"https:\/\/static.planetaexo.com\/wp-content\/uploads\/2026\/04\/Featured-Blog-hand-touching-tree-bark-brazil-conservation.jpg.jpg","width":1000,"height":750,"caption":"A person's hand gently touching the rough bark of a tree trunk in a lush forest, representing connection with nature and conservation projects in Brazil."},{"@type":"BreadcrumbList","@id":"https:\/\/planetaexo.com\/nl\/blog\/dag-van-de-aarde-10-transformatieve-natuurbeschermingsprojecten-in-brazilie\/#breadcrumb","itemListElement":[{"@type":"ListItem","position":1,"name":"Home","item":"https:\/\/planetaexo.com\/nl\/"},{"@type":"ListItem","position":2,"name":"Dag van de Aarde: 10 Transformatieve Natuurbeschermingsprojecten in Brazili\u00eb"}]},{"@type":"WebSite","@id":"https:\/\/planetaexo.com\/nl\/#website","url":"https:\/\/planetaexo.com\/nl\/","name":"PlanetaEXO","description":"Live an Adventure","publisher":{"@id":"https:\/\/planetaexo.com\/nl\/#organization"},"potentialAction":[{"@type":"SearchAction","target":{"@type":"EntryPoint","urlTemplate":"https:\/\/planetaexo.com\/nl\/?s={search_term_string}"},"query-input":{"@type":"PropertyValueSpecification","valueRequired":true,"valueName":"search_term_string"}}],"inLanguage":"nl-NL"},{"@type":"Organization","@id":"https:\/\/planetaexo.com\/nl\/#organization","name":"PlanetaEXO","url":"https:\/\/planetaexo.com\/nl\/","logo":{"@type":"ImageObject","inLanguage":"nl-NL","@id":"https:\/\/planetaexo.com\/nl\/#\/schema\/logo\/image\/","url":"https:\/\/static.planetaexo.com\/wp-content\/uploads\/2023\/10\/cropped-favicon_logoexo-min-1.png","contentUrl":"https:\/\/static.planetaexo.com\/wp-content\/uploads\/2023\/10\/cropped-favicon_logoexo-min-1.png","width":512,"height":512,"caption":"PlanetaEXO"},"image":{"@id":"https:\/\/planetaexo.com\/nl\/#\/schema\/logo\/image\/"},"sameAs":["https:\/\/instagram.com\/planetaexo"]},{"@type":"Person","@id":"https:\/\/planetaexo.com\/nl\/#\/schema\/person\/90b2371ea55876c4c10c92c2a2e7677d","name":"anajulia","image":{"@type":"ImageObject","inLanguage":"nl-NL","@id":"https:\/\/secure.gravatar.com\/avatar\/0160f9615a672bd9b973445664e1c623a0c72c5e2af4fc97e23033c1a3cbbbdb?s=96&d=mm&r=g","url":"https:\/\/secure.gravatar.com\/avatar\/0160f9615a672bd9b973445664e1c623a0c72c5e2af4fc97e23033c1a3cbbbdb?s=96&d=mm&r=g","contentUrl":"https:\/\/secure.gravatar.com\/avatar\/0160f9615a672bd9b973445664e1c623a0c72c5e2af4fc97e23033c1a3cbbbdb?s=96&d=mm&r=g","caption":"anajulia"},"url":"https:\/\/planetaexo.com\/nl\/blog\/author\/anajulia\/"}]}},"_links":{"self":[{"href":"https:\/\/planetaexo.com\/nl\/wp-json\/wp\/v2\/posts\/47733","targetHints":{"allow":["GET"]}}],"collection":[{"href":"https:\/\/planetaexo.com\/nl\/wp-json\/wp\/v2\/posts"}],"about":[{"href":"https:\/\/planetaexo.com\/nl\/wp-json\/wp\/v2\/types\/post"}],"author":[{"embeddable":true,"href":"https:\/\/planetaexo.com\/nl\/wp-json\/wp\/v2\/users\/37"}],"replies":[{"embeddable":true,"href":"https:\/\/planetaexo.com\/nl\/wp-json\/wp\/v2\/comments?post=47733"}],"version-history":[{"count":1,"href":"https:\/\/planetaexo.com\/nl\/wp-json\/wp\/v2\/posts\/47733\/revisions"}],"predecessor-version":[{"id":47739,"href":"https:\/\/planetaexo.com\/nl\/wp-json\/wp\/v2\/posts\/47733\/revisions\/47739"}],"wp:featuredmedia":[{"embeddable":true,"href":"https:\/\/planetaexo.com\/nl\/wp-json\/wp\/v2\/media\/47190"}],"wp:attachment":[{"href":"https:\/\/planetaexo.com\/nl\/wp-json\/wp\/v2\/media?parent=47733"}],"wp:term":[{"taxonomy":"category","embeddable":true,"href":"https:\/\/planetaexo.com\/nl\/wp-json\/wp\/v2\/categories?post=47733"},{"taxonomy":"post_tag","embeddable":true,"href":"https:\/\/planetaexo.com\/nl\/wp-json\/wp\/v2\/tags?post=47733"}],"curies":[{"name":"wp","href":"https:\/\/api.w.org\/{rel}","templated":true}]}}