{"id":47647,"date":"2026-04-22T15:09:46","date_gmt":"2026-04-22T15:09:46","guid":{"rendered":"https:\/\/planetaexo.com\/?p=47647"},"modified":"2026-04-24T15:47:26","modified_gmt":"2026-04-24T15:47:26","slug":"jour-de-la-terre-projets-de-conservation-bresil","status":"publish","type":"post","link":"https:\/\/planetaexo.com\/fr\/blog\/jour-de-la-terre-projets-de-conservation-bresil\/","title":{"rendered":"Jour de la Terre : 10 projets de conservation transformateurs au Br\u00e9sil"},"content":{"rendered":"<h2><em>Pour c\u00e9l\u00e9brer le Jour de la Terre, c\u00e9l\u00e9br\u00e9 le 22 avril, nous avons s\u00e9lectionn\u00e9 10 initiatives marquantes qui allient la conservation de la biodiversit\u00e9 au d\u00e9veloppement durable des communaut\u00e9s br\u00e9siliennes.<\/em><\/h2>\n<p><span style=\"font-weight: 400;\">Pour c\u00e9l\u00e9brer le Jour de la Terre,<\/span> <a href=\"https:\/\/planetaexo.com\/fr\/\"><b>PlanetaEXO<\/b><\/a><span style=\"font-weight: 400;\">, une plateforme sp\u00e9cialis\u00e9e dans l&#8217;\u00e9cotourisme et les voyages responsables, met en lumi\u00e8re le travail des organisations \u00e0 la pointe de la protection de l&#8217;environnement au Br\u00e9sil. Le pays, qui abrite la plus grande biodiversit\u00e9 au monde, fait face \u00e0 des d\u00e9fis climatiques croissants, rendant le soutien \u00e0 ces \u00e9cosyst\u00e8mes plus urgent que jamais.<\/span><\/p>\n<p><span style=\"font-weight: 400;\">S&#8217;appuyant sur sa mission de connecter les voyageurs \u00e0 des exp\u00e9riences \u00e0 impact positif et inspir\u00e9e par le th\u00e8me du Jour de la Terre de cette ann\u00e9e (\u00ab Notre Pouvoir, Notre Plan\u00e8te \u00bb), PlanetaEXO a compil\u00e9 une s\u00e9lection sp\u00e9ciale des 10 meilleures initiatives pour la pr\u00e9servation de la faune, de la flore et le d\u00e9veloppement socio-\u00e9conomique des communaut\u00e9s locales au Br\u00e9sil.<\/span><\/p>\n<p><span style=\"font-weight: 400;\">\u00ab Les initiatives visant \u00e0 prot\u00e9ger la faune et les communaut\u00e9s traditionnelles sont imp\u00e9ratives pour garantir la survie de nos biomes face \u00e0 des probl\u00e8mes tels que le r\u00e9chauffement climatique et la d\u00e9forestation. Dans le m\u00eame temps, le tourisme responsable agit comme un outil fondamental, car il accro\u00eet la sensibilisation du public et stimule directement l&#8217;\u00e9conomie locale \u00bb, explique Lucas Ribeiro, fondateur de PlanetaEXO.<\/span><\/p>\n<p><span style=\"font-weight: 400;\">D\u00e9couvrez d\u00e8s maintenant 10 initiatives de conservation essentielles au Br\u00e9sil :<\/span><\/p>\n<h2><a href=\"https:\/\/oncafari.org\/\" target=\"_blank\" rel=\"noopener\"><b>1. Projet On\u00e7afari (Mato Grosso do Sul)<\/b><\/a><\/h2>\n<p><span style=\"font-weight: 400;\">Pionnier dans la conservation de la biodiversit\u00e9, On\u00e7afari se concentre sur la sensibilisation aux <\/span><b>jaguars<\/b><span style=\"font-weight: 400;\"> et la promotion de l&#8217;\u00e9cotourisme comme alternative durable g\u00e9n\u00e9ratrice de revenus. Dans le<\/span> <a href=\"https:\/\/planetaexo.com\/trips\/fr\/destinations\/bresil\/circuit-pantanal\/\"><b>Pantanal<\/b><\/a><span style=\"font-weight: 400;\">, il m\u00e8ne des recherches, des actions d&#8217;\u00e9ducation environnementale et la r\u00e9introduction d&#8217;animaux dans la nature.<\/span><\/p>\n<div id=\"attachment_47203\" style=\"width: 1010px\" class=\"wp-caption alignnone\"><img loading=\"lazy\" decoding=\"async\" aria-describedby=\"caption-attachment-47203\" class=\"wp-image-47203 size-full\" title=\"Un jaguar marchant dans une plaine herbeuse du Pantanal tandis qu'un groupe de touristes l'observe depuis un v\u00e9hicule de safari jaune dans le cadre du projet On\u00e7afari.\" src=\"https:\/\/static.planetaexo.com\/wp-content\/uploads\/2026\/04\/jaguar-safari-tour-oncafari-pantanal.jpg.jpg\" alt=\"Un jaguar marchant dans une plaine herbeuse du Pantanal tandis qu'un groupe de touristes l'observe depuis un v\u00e9hicule de safari jaune dans le cadre du projet On\u00e7afari.\" width=\"1000\" height=\"750\" srcset=\"https:\/\/static.planetaexo.com\/wp-content\/uploads\/2026\/04\/jaguar-safari-tour-oncafari-pantanal.jpg.jpg 1000w, https:\/\/static.planetaexo.com\/wp-content\/uploads\/2026\/04\/jaguar-safari-tour-oncafari-pantanal.jpg-300x225.jpg 300w, https:\/\/static.planetaexo.com\/wp-content\/uploads\/2026\/04\/jaguar-safari-tour-oncafari-pantanal.jpg-768x576.jpg 768w\" sizes=\"auto, (max-width: 1000px) 100vw, 1000px\" \/><p id=\"caption-attachment-47203\" class=\"wp-caption-text\">Photo: Donal Boyd<\/p><\/div>\n<p><b>Comment aider :<\/b><span style=\"font-weight: 400;\"> Soutenez-les en visitant le refuge Caiman gr\u00e2ce au tourisme responsable, en suivant les activit\u00e9s du projet sur les r\u00e9seaux sociaux ou en faisant un don direct.<\/span><\/p>\n<h2><a href=\"https:\/\/www.tamar.org.br\/\" target=\"_blank\" rel=\"noopener\"><b>2. Projet Tamar (<\/b><\/a><b><a href=\"https:\/\/www.tamar.org.br\/\">c\u00f4te br\u00e9silienne)<\/a><\/b><\/h2>\n<p><span style=\"font-weight: 400;\">Reconnu internationalement, le projet Tamar \u0153uvre depuis des d\u00e9cennies \u00e0 la protection des tortues marines dans des zones c\u00f4ti\u00e8res vitales. Il associe recherche scientifique, surveillance des plages et inclusion sociale pour les communaut\u00e9s le long de la c\u00f4te br\u00e9silienne.<\/span><\/p>\n<div id=\"attachment_47218\" style=\"width: 1010px\" class=\"wp-caption alignnone\"><img loading=\"lazy\" decoding=\"async\" aria-describedby=\"caption-attachment-47218\" class=\"wp-image-47218 size-full\" title=\"Deux chercheurs sur une plage de sable mesurant une grande tortue marine avec un m\u00e8tre ruban, soulignant les efforts du projet Tamar pour prot\u00e9ger la vie marine\" src=\"https:\/\/static.planetaexo.com\/wp-content\/uploads\/2026\/04\/researchers-measuring-sea-turtle-tamar-project.jpg.jpg\" alt=\"Deux chercheurs sur une plage de sable mesurant une grande tortue marine avec un m\u00e8tre ruban, soulignant les efforts du projet Tamar pour prot\u00e9ger la vie marine\" width=\"1000\" height=\"750\" srcset=\"https:\/\/static.planetaexo.com\/wp-content\/uploads\/2026\/04\/researchers-measuring-sea-turtle-tamar-project.jpg.jpg 1000w, https:\/\/static.planetaexo.com\/wp-content\/uploads\/2026\/04\/researchers-measuring-sea-turtle-tamar-project.jpg-300x225.jpg 300w, https:\/\/static.planetaexo.com\/wp-content\/uploads\/2026\/04\/researchers-measuring-sea-turtle-tamar-project.jpg-768x576.jpg 768w\" sizes=\"auto, (max-width: 1000px) 100vw, 1000px\" \/><p id=\"caption-attachment-47218\" class=\"wp-caption-text\">.<\/p><\/div>\n<p><b>Comment aider :<\/b><span style=\"font-weight: 400;\"> Visitez les centres d&#8217;accueil du projet \u00e0 Santa Catarina, S\u00e3o Paulo, Esp\u00edrito Santo, Bahia, Sergipe et Pernambouc (<\/span><a href=\"https:\/\/planetaexo.com\/trips\/fr\/destinations\/bresil\/forfaits-plongee-fernando-de-noronha\/\"><b>Fernando de Noronha<\/b><\/a><span style=\"font-weight: 400;\">) et achetez des produits officiels dans les magasins physiques et en ligne, ou contribuez par des dons \u00e0 la Fondation du Projet Tamar.<\/span><\/p>\n<h2><a href=\"https:\/\/fas-amazonia.org\/\" target=\"_blank\" rel=\"noopener\"><b>3. <\/b><\/a><b><a href=\"https:\/\/fas-amazonia.org\/\">Fondation Amazonie Durable \u2013 Programme Pensa (Amazonas)<\/a><\/b><\/h2>\n<p><span style=\"font-weight: 400;\">La Fondation Amazonie Durable (FAS) lutte contre la vuln\u00e9rabilit\u00e9 sociale en<\/span> <a href=\"https:\/\/planetaexo.com\/trips\/fr\/destinations\/bresil\/circuits-excursions-amazonie-bresil\/\"><b>Amazonie<\/b><\/a><span style=\"font-weight: 400;\"> par le biais du Programme d&#8217;Entrepreneuriat et d&#8217;Affaires Durables (Pensa). L&#8217;accent est mis sur le tourisme communautaire dans les unit\u00e9s de conservation, transformant la for\u00eat sur pied en un atout \u00e9conomique qui a d\u00e9j\u00e0 g\u00e9n\u00e9r\u00e9 des millions de revenus pour les communaut\u00e9s riveraines.<\/span><\/p>\n<div id=\"attachment_47233\" style=\"width: 1010px\" class=\"wp-caption alignnone\"><img loading=\"lazy\" decoding=\"async\" aria-describedby=\"caption-attachment-47233\" class=\"wp-image-47233 size-full\" title=\"Une femme portant un tablier noir avec le logo FAS Ribeirinha l\u00e8ve les mains de joie, aux c\u00f4t\u00e9s d'autres personnes c\u00e9l\u00e9brant le programme de la Fondation Amazonie Durable.\" src=\"https:\/\/static.planetaexo.com\/wp-content\/uploads\/2026\/04\/women-celebrating-sustainable-amazon-foundation-fas.jpg.jpg\" alt=\"Une femme portant un tablier noir avec le logo FAS Ribeirinha l\u00e8ve les mains de joie, aux c\u00f4t\u00e9s d'autres personnes c\u00e9l\u00e9brant le programme de la Fondation Amazonie Durable.\" width=\"1000\" height=\"750\" srcset=\"https:\/\/static.planetaexo.com\/wp-content\/uploads\/2026\/04\/women-celebrating-sustainable-amazon-foundation-fas.jpg.jpg 1000w, https:\/\/static.planetaexo.com\/wp-content\/uploads\/2026\/04\/women-celebrating-sustainable-amazon-foundation-fas.jpg-300x225.jpg 300w, https:\/\/static.planetaexo.com\/wp-content\/uploads\/2026\/04\/women-celebrating-sustainable-amazon-foundation-fas.jpg-768x576.jpg 768w\" sizes=\"auto, (max-width: 1000px) 100vw, 1000px\" \/><p id=\"caption-attachment-47233\" class=\"wp-caption-text\">.<\/p><\/div>\n<p><b>Comment aider :<\/b><span style=\"font-weight: 400;\"> Privil\u00e9giez les itin\u00e9raires de tourisme communautaire en <\/span><b>Amazonie<\/b><span style=\"font-weight: 400;\"> g\u00e9r\u00e9s par les communaut\u00e9s partenaires de la FAS et soutenez l&#8217;institution par des dons pour des projets d&#8217;\u00e9ducation foresti\u00e8re et de sant\u00e9.<\/span><\/p>\n<h2><a href=\"https:\/\/www.baleiajubarte.org.br\/\" target=\"_blank\" rel=\"noopener\"><b>4. <\/b><\/a><b><a href=\"https:\/\/www.baleiajubarte.org.br\/\">Projet Baleine \u00e0 Bosse (Bahia et Esp\u00edrito Santo)<\/a><\/b><\/h2>\n<p><span style=\"font-weight: 400;\">Travaillant dans les principales zones de reproduction de l&#8217;esp\u00e8ce dans l&#8217;Atlantique Sud, cette initiative allie la science \u00e0 la promotion d&#8217;une <\/span><b>observation des baleines<\/b><span style=\"font-weight: 400;\"> durable, g\u00e9n\u00e9rant des revenus locaux sans nuire au cycle de vie des animaux.<\/span><\/p>\n<div id=\"attachment_47198\" style=\"width: 1010px\" class=\"wp-caption alignnone\"><img loading=\"lazy\" decoding=\"async\" aria-describedby=\"caption-attachment-47198\" class=\"wp-image-47198 size-full\" title=\"Une grande baleine \u00e0 bosse sautant \u00e0 la surface de l'oc\u00e9an avec sa nageoire pectorale lev\u00e9e contre un ciel bleu clair, mettant en valeur la vie marine \u00e0 Bahia.\" src=\"https:\/\/static.planetaexo.com\/wp-content\/uploads\/2026\/04\/humpback-whale-breaching-ocean-bahia.jpg.jpg\" alt=\"Une grande baleine \u00e0 bosse sautant \u00e0 la surface de l'oc\u00e9an avec sa nageoire pectorale lev\u00e9e contre un ciel bleu clair, mettant en valeur la vie marine \u00e0 Bahia.\" width=\"1000\" height=\"750\" srcset=\"https:\/\/static.planetaexo.com\/wp-content\/uploads\/2026\/04\/humpback-whale-breaching-ocean-bahia.jpg.jpg 1000w, https:\/\/static.planetaexo.com\/wp-content\/uploads\/2026\/04\/humpback-whale-breaching-ocean-bahia.jpg-300x225.jpg 300w, https:\/\/static.planetaexo.com\/wp-content\/uploads\/2026\/04\/humpback-whale-breaching-ocean-bahia.jpg-768x576.jpg 768w\" sizes=\"auto, (max-width: 1000px) 100vw, 1000px\" \/><p id=\"caption-attachment-47198\" class=\"wp-caption-text\">.<\/p><\/div>\n<p><b>Comment aider :<\/b><span style=\"font-weight: 400;\"> Participez \u00e0 des exp\u00e9ditions durables d&#8217;observation des baleines avec des partenaires agr\u00e9\u00e9s ou achetez des produits officiels de l&#8217;institution.<\/span><\/p>\n<h2><a href=\"https:\/\/www.institutoararaazul.org.br\/\" target=\"_blank\" rel=\"noopener\"><b>5. <\/b><\/a><b><a href=\"https:\/\/www.institutoararaazul.org.br\/\">Institut de l&#8217;Ara Hyacinthe (Mato Grosso do Sul et Mato Grosso)<\/a><\/b><\/h2>\n<p><span style=\"font-weight: 400;\">Une r\u00e9ussite o\u00f9 la science a sauv\u00e9 une esp\u00e8ce de l&#8217;extinction. Gr\u00e2ce \u00e0 la surveillance des nids naturels et artificiels, le projet a permis \u00e0 la population d&#8217;<\/span><b>aras hyacinthes<\/b><span style=\"font-weight: 400;\"> de cro\u00eetre de mani\u00e8re significative dans le biome du <\/span><b>Pantanal<\/b><span style=\"font-weight: 400;\">.<\/span><\/p>\n<div id=\"attachment_47193\" style=\"width: 1010px\" class=\"wp-caption alignnone\"><img loading=\"lazy\" decoding=\"async\" aria-describedby=\"caption-attachment-47193\" class=\"wp-image-47193 size-full\" title=\"Un ara hyacinthe d'un bleu \u00e9clatant en plein vol avec ses ailes grandes ouvertes contre un ciel lumineux dans le biome du Pantanal.\" src=\"https:\/\/static.planetaexo.com\/wp-content\/uploads\/2026\/04\/flying-hyacinth-macaw-pantanal-conservation.jpg.jpg\" alt=\"Un ara hyacinthe d'un bleu \u00e9clatant en plein vol avec ses ailes grandes ouvertes contre un ciel lumineux dans le biome du Pantanal.\" width=\"1000\" height=\"750\" srcset=\"https:\/\/static.planetaexo.com\/wp-content\/uploads\/2026\/04\/flying-hyacinth-macaw-pantanal-conservation.jpg.jpg 1000w, https:\/\/static.planetaexo.com\/wp-content\/uploads\/2026\/04\/flying-hyacinth-macaw-pantanal-conservation.jpg-300x225.jpg 300w, https:\/\/static.planetaexo.com\/wp-content\/uploads\/2026\/04\/flying-hyacinth-macaw-pantanal-conservation.jpg-768x576.jpg 768w\" sizes=\"auto, (max-width: 1000px) 100vw, 1000px\" \/><p id=\"caption-attachment-47193\" class=\"wp-caption-text\">.<\/p><\/div>\n<p><b>Comment aider :<\/b><span style=\"font-weight: 400;\"> Adoptez symboliquement un nid ou un oisillon, achetez des produits officiels de la marque ou faites des dons via le site officiel de l&#8217;institut.<\/span><\/p>\n<h2><a href=\"https:\/\/golfinhorotador.org.br\/sobre-nos\/projeto-golfinho-rotador\/\" target=\"_blank\" rel=\"noopener\"><b>6. <\/b><\/a><b><a href=\"https:\/\/golfinhorotador.org.br\/sobre-nos\/projeto-golfinho-rotador\/\">Projet Dauphin Long Bec (Pernambuco)<\/a><\/b><\/h2>\n<p><span style=\"font-weight: 400;\">Bas\u00e9 \u00e0 <\/span><b>Fernando de Noronha<\/b><span style=\"font-weight: 400;\">, il \u0153uvre depuis plus de 30 ans dans la recherche et la protection des dauphins \u00e0 long bec. Il est fondamental pour garantir que le tourisme sur l&#8217;\u00eele se d\u00e9roule sans interf\u00e9rer avec le comportement naturel et le repos de ces c\u00e9tac\u00e9s.<\/span><\/p>\n<div id=\"attachment_47228\" style=\"width: 1010px\" class=\"wp-caption alignnone\"><img loading=\"lazy\" decoding=\"async\" aria-describedby=\"caption-attachment-47228\" class=\"wp-image-47228 size-full\" title=\"Un dauphin \u00e0 long bec sautant haut hors de l'eau bleue de l'oc\u00e9an, \u00e9claboussant en tournoyant, prot\u00e9g\u00e9 par le projet Dauphin \u00e0 Long Bec dans le Pernambouc.\" src=\"https:\/\/static.planetaexo.com\/wp-content\/uploads\/2026\/04\/spinner-dolphin-jumping-ocean-pernambuco.jpg.jpg\" alt=\"Un dauphin \u00e0 long bec sautant haut hors de l'eau bleue de l'oc\u00e9an, \u00e9claboussant en tournoyant, prot\u00e9g\u00e9 par le projet Dauphin \u00e0 Long Bec dans le Pernambouc.\" width=\"1000\" height=\"750\" srcset=\"https:\/\/static.planetaexo.com\/wp-content\/uploads\/2026\/04\/spinner-dolphin-jumping-ocean-pernambuco.jpg.jpg 1000w, https:\/\/static.planetaexo.com\/wp-content\/uploads\/2026\/04\/spinner-dolphin-jumping-ocean-pernambuco.jpg-300x225.jpg 300w, https:\/\/static.planetaexo.com\/wp-content\/uploads\/2026\/04\/spinner-dolphin-jumping-ocean-pernambuco.jpg-768x576.jpg 768w\" sizes=\"auto, (max-width: 1000px) 100vw, 1000px\" \/><p id=\"caption-attachment-47228\" class=\"wp-caption-text\">.<\/p><\/div>\n<p><b>Comment aider :<\/b><span style=\"font-weight: 400;\"> Respectez strictement les r\u00e8gles du parc national marin lors de votre visite \u00e0 Noronha, visitez le centre d&#8217;accueil du projet ou faites des dons directs.<\/span><\/p>\n<h2><a href=\"https:\/\/ibiti.com\/\" target=\"_blank\" rel=\"noopener\"><b>7. Projet Ibiti (Minas Gerais)<\/b><\/a><\/h2>\n<p><span style=\"font-weight: 400;\">Ax\u00e9 sur la r\u00e9g\u00e9n\u00e9ration de la for\u00eat atlantique et le tourisme r\u00e9g\u00e9n\u00e9ratif, le projet reboise les zones d\u00e9grad\u00e9es et prot\u00e8ge la faune indig\u00e8ne\u2014notamment le <\/span><b>muriqui du Nord <\/b>\u2014 en<span style=\"font-weight: 400;\">\u00a0totale harmonie avec les villages de la r\u00e9gion d&#8217;Ibitipoca.<\/span><\/p>\n<div id=\"attachment_47213\" style=\"width: 1010px\" class=\"wp-caption alignnone\"><img loading=\"lazy\" decoding=\"async\" aria-describedby=\"caption-attachment-47213\" class=\"wp-image-47213 size-full\" title=\"Un singe muriqui du Nord au pelage clair se reposant parmi les branches vertes des arbres dans la for\u00eat atlantique, prot\u00e9g\u00e9 par le projet Ibiti dans le Minas Gerais.\" src=\"https:\/\/static.planetaexo.com\/wp-content\/uploads\/2026\/04\/northern-muriqui-monkey-ibiti-project-minas-gerais.jpg.jpg\" alt=\"Un singe muriqui du Nord au pelage clair se reposant parmi les branches vertes des arbres dans la for\u00eat atlantique, prot\u00e9g\u00e9 par le projet Ibiti dans le Minas Gerais.\" width=\"1000\" height=\"750\" srcset=\"https:\/\/static.planetaexo.com\/wp-content\/uploads\/2026\/04\/northern-muriqui-monkey-ibiti-project-minas-gerais.jpg.jpg 1000w, https:\/\/static.planetaexo.com\/wp-content\/uploads\/2026\/04\/northern-muriqui-monkey-ibiti-project-minas-gerais.jpg-300x225.jpg 300w, https:\/\/static.planetaexo.com\/wp-content\/uploads\/2026\/04\/northern-muriqui-monkey-ibiti-project-minas-gerais.jpg-768x576.jpg 768w\" sizes=\"auto, (max-width: 1000px) 100vw, 1000px\" \/><p id=\"caption-attachment-47213\" class=\"wp-caption-text\">.<\/p><\/div>\n<p><b>Comment aider :<\/b><span style=\"font-weight: 400;\"> Pratiquez le tourisme r\u00e9g\u00e9n\u00e9ratif en visitant le projet et privil\u00e9giez la consommation de produits durables fabriqu\u00e9s par la communaut\u00e9 locale.<\/span><\/p>\n<h2><a href=\"https:\/\/procarnivoros.org.br\/projeto\/programa-para-a-conservacao-do-lobo-guara-lobos-da-canastra\/\" target=\"_blank\" rel=\"noopener\"><b>8. <\/b><\/a><b><a href=\"https:\/\/procarnivoros.org.br\/projeto\/programa-para-a-conservacao-do-lobo-guara-lobos-da-canastra\/\">Programme Lobos da Canastra \u2013 Institut Pr\u00f3-Carn\u00edvoros (Minas Gerais)<\/a><\/b><\/h2>\n<p><span style=\"font-weight: 400;\">Op\u00e9rant dans la <\/span><b>Serra da Canastra<\/b><span style=\"font-weight: 400;\">, ce projet se concentre sur la protection du <\/span><b>loup \u00e0 crini\u00e8re<\/b><span style=\"font-weight: 400;\">, en surveillant les animaux et en travaillant avec les producteurs ruraux pour att\u00e9nuer les conflits et promouvoir une coexistence pacifique dans le <\/span><b>Cerrado<\/b><span style=\"font-weight: 400;\">.<\/span><\/p>\n<div id=\"attachment_47208\" style=\"width: 1010px\" class=\"wp-caption alignnone\"><img loading=\"lazy\" decoding=\"async\" aria-describedby=\"caption-attachment-47208\" class=\"wp-image-47208 size-full\" title=\"Un loup \u00e0 crini\u00e8re avec son pelage distinctif brun rouge\u00e2tre partiellement cach\u00e9 alors qu'il se tient dans les hautes herbes s\u00e8ches du biome du Cerrado\" src=\"https:\/\/static.planetaexo.com\/wp-content\/uploads\/2026\/04\/maned-wolf-tall-grass-cerrado-canastra.jpg.jpg\" alt=\"Un loup \u00e0 crini\u00e8re avec son pelage distinctif brun rouge\u00e2tre partiellement cach\u00e9 alors qu'il se tient dans les hautes herbes s\u00e8ches du biome du Cerrado\" width=\"1000\" height=\"750\" srcset=\"https:\/\/static.planetaexo.com\/wp-content\/uploads\/2026\/04\/maned-wolf-tall-grass-cerrado-canastra.jpg.jpg 1000w, https:\/\/static.planetaexo.com\/wp-content\/uploads\/2026\/04\/maned-wolf-tall-grass-cerrado-canastra.jpg-300x225.jpg 300w, https:\/\/static.planetaexo.com\/wp-content\/uploads\/2026\/04\/maned-wolf-tall-grass-cerrado-canastra.jpg-768x576.jpg 768w\" sizes=\"auto, (max-width: 1000px) 100vw, 1000px\" \/><p id=\"caption-attachment-47208\" class=\"wp-caption-text\">Photo: Adriano Gambarini<\/p><\/div>\n<p><b>Comment aider :<\/b><span style=\"font-weight: 400;\"> Faites conna\u00eetre les campagnes \u00e9ducatives du projet (comme \u00ab Je suis un ami du loup \u00bb) ou faites des dons sur le site de l&#8217;Institut Pr\u00f3-Carn\u00edvoros.<\/span><\/p>\n<h2><a href=\"https:\/\/www.instagram.com\/acappm_jalapao\/\" target=\"_blank\" rel=\"noopener\"><b>9. <\/b><\/a><b><a href=\"https:\/\/www.instagram.com\/acappm_jalapao\/\">Association des Artisans de Mateiros (Tocantins)<\/a><\/b><\/h2>\n<p><span style=\"font-weight: 400;\">Un exemple embl\u00e9matique de conservation par l&#8217;utilisation durable, l&#8217;association agit comme un gardien du <\/span><b>Cerrado<\/b><span style=\"font-weight: 400;\"> au<\/span> <a href=\"https:\/\/planetaexo.com\/trips\/fr\/destinations\/bresil\/jalapao-excursions\/\"><b>Jalap\u00e3o<\/b><\/a><span style=\"font-weight: 400;\">. La r\u00e9colte de l&#8217;<\/span><b>herbe dor\u00e9e<\/b><span style=\"font-weight: 400;\"> (Capim Dourado) est men\u00e9e sous des r\u00e9glementations strictes qui respectent le cycle d&#8217;ensemencement de la plante, garantissant la r\u00e9g\u00e9n\u00e9ration de l&#8217;\u00e9cosyst\u00e8me et des revenus pour les communaut\u00e9s quilombolas.<\/span><\/p>\n<div id=\"attachment_47178\" style=\"width: 1010px\" class=\"wp-caption alignnone\"><img loading=\"lazy\" decoding=\"async\" aria-describedby=\"caption-attachment-47178\" class=\"wp-image-47178 size-full\" title=\"Un groupe de femmes debout dans un champ verdoyant sous un ciel nuageux, brandissant des objets artisanaux tress\u00e9s en herbe dor\u00e9e dans la r\u00e9gion du Jalap\u00e3o\" src=\"https:\/\/static.planetaexo.com\/wp-content\/uploads\/2026\/04\/artisans-holding-golden-grass-handicrafts-jalapao.jpg.jpg\" alt=\"Un groupe de femmes debout dans un champ verdoyant sous un ciel nuageux, brandissant des objets artisanaux tress\u00e9s en herbe dor\u00e9e dans la r\u00e9gion du Jalap\u00e3o\" width=\"1000\" height=\"750\" srcset=\"https:\/\/static.planetaexo.com\/wp-content\/uploads\/2026\/04\/artisans-holding-golden-grass-handicrafts-jalapao.jpg.jpg 1000w, https:\/\/static.planetaexo.com\/wp-content\/uploads\/2026\/04\/artisans-holding-golden-grass-handicrafts-jalapao.jpg-300x225.jpg 300w, https:\/\/static.planetaexo.com\/wp-content\/uploads\/2026\/04\/artisans-holding-golden-grass-handicrafts-jalapao.jpg-768x576.jpg 768w\" sizes=\"auto, (max-width: 1000px) 100vw, 1000px\" \/><p id=\"caption-attachment-47178\" class=\"wp-caption-text\">Photo: Loiro Cunha<\/p><\/div>\n<p><b>Comment aider :<\/b><span style=\"font-weight: 400;\"> Soutenez le tourisme communautaire lors de votre visite au <\/span><b>Jalap\u00e3o<\/b><span style=\"font-weight: 400;\"> et achetez des objets artisanaux originaux avec un sceau d&#8217;origine, en respectant la p\u00e9riode de r\u00e9colte officielle.<\/span><\/p>\n<h2><a href=\"https:\/\/www.tamandua.org\/rota-tamanduai\" target=\"_blank\" rel=\"noopener\"><b>10. <\/b><\/a><b><a href=\"https:\/\/www.tamandua.org\/rota-tamanduai\">Projet \u00ab Na Rota do TamanduA\u00cd \u00bb \u2013 Institut Tamandu\u00e1 (Maranh\u00e3o)<\/a><\/b><\/h2>\n<p><span style=\"font-weight: 400;\">Op\u00e9rant dans les<\/span> <a href=\"https:\/\/planetaexo.com\/trips\/fr\/destinations\/bresil\/lencois-maranhenses-excursions\/\"><b>Len\u00e7\u00f3is Maranhenses<\/b><\/a><span style=\"font-weight: 400;\">, ce projet \u00e9tudie et prot\u00e8ge la <\/span><b>myrmidonne<\/b><span style=\"font-weight: 400;\"> (ou fourmilier soyeux), la plus petite esp\u00e8ce de fourmilier au monde. L&#8217;initiative forme les communaut\u00e9s locales \u00e0 l&#8217;\u00e9cotourisme durable comme alternative \u00e0 la vuln\u00e9rabilit\u00e9 sociale et \u00e0 la d\u00e9gradation de l&#8217;environnement.<\/span><\/p>\n<div id=\"attachment_47223\" style=\"width: 1010px\" class=\"wp-caption alignnone\"><img loading=\"lazy\" decoding=\"async\" aria-describedby=\"caption-attachment-47223\" class=\"wp-image-47223 size-full\" title=\"Une petite myrmidonne (fourmilier soyeux) brun clair s'accrochant \u00e0 une \u00e9paisse branche d'arbre avec une for\u00eat verte floue en arri\u00e8re-plan dans les Len\u00e7\u00f3is Maranhenses.\" src=\"https:\/\/static.planetaexo.com\/wp-content\/uploads\/2026\/04\/silky-anteater-tree-branch-lencois-maranhenses.jpg.jpg\" alt=\"Une petite myrmidonne (fourmilier soyeux) brun clair s'accrochant \u00e0 une \u00e9paisse branche d'arbre avec une for\u00eat verte floue en arri\u00e8re-plan dans les Len\u00e7\u00f3is Maranhenses.\" width=\"1000\" height=\"750\" srcset=\"https:\/\/static.planetaexo.com\/wp-content\/uploads\/2026\/04\/silky-anteater-tree-branch-lencois-maranhenses.jpg.jpg 1000w, https:\/\/static.planetaexo.com\/wp-content\/uploads\/2026\/04\/silky-anteater-tree-branch-lencois-maranhenses.jpg-300x225.jpg 300w, https:\/\/static.planetaexo.com\/wp-content\/uploads\/2026\/04\/silky-anteater-tree-branch-lencois-maranhenses.jpg-768x576.jpg 768w\" sizes=\"auto, (max-width: 1000px) 100vw, 1000px\" \/><p id=\"caption-attachment-47223\" class=\"wp-caption-text\">.<\/p><\/div>\n<p><b>Comment aider :<\/b><span style=\"font-weight: 400;\"> Optez pour des guides et des itin\u00e9raires communautaires dans les <\/span><b>Len\u00e7\u00f3is Maranhenses<\/b><span style=\"font-weight: 400;\"> et soutenez les campagnes d&#8217;\u00e9ducation environnementale de l&#8217;Institut Tamandu\u00e1.<\/span><\/p>\n<h2><b>Le Jour de la Terre 2026 c\u00e9l\u00e8bre le pouvoir des individus dans la d\u00e9fense de l&#8217;environnement<\/b><\/h2>\n<p><span style=\"font-weight: 400;\">Depuis 2009, une r\u00e9solution de l&#8217;ONU a fait du 22 avril la Journ\u00e9e internationale de la Terre nourrici\u00e8re ou Jour de la Terre, une date internationale cr\u00e9\u00e9e pour sensibiliser \u00e0 l&#8217;importance de la pr\u00e9servation de l&#8217;environnement et encourager des actions concr\u00e8tes contre des probl\u00e8mes tels que la pollution, les changements climatiques et la perte de biodiversit\u00e9.<\/span><\/p>\n<p><span style=\"font-weight: 400;\">La c\u00e9l\u00e9bration a commenc\u00e9 aux \u00c9tats-Unis en 1970, bien avant la reconnaissance officielle par les Nations Unies. Aujourd&#8217;hui, le Jour de la Terre mobilise des millions de personnes dans le monde entier.<\/span><\/p>\n<p><span style=\"font-weight: 400;\">Le th\u00e8me de 2026, \u00ab Notre Pouvoir, Notre Plan\u00e8te \u00bb, c\u00e9l\u00e8bre le pouvoir des individus et de la mobilisation communautaire dans la d\u00e9fense de l&#8217;environnement. Apprenez-en plus sur la date et la mobilisation mondiale sur le site officiel <\/span><strong><a href=\"https:\/\/earthday.org\/\" target=\"_blank\" rel=\"noopener\">EarthDay.org<\/a><\/strong>.<\/p>\n<h2><b>Soutenez la conservation br\u00e9silienne gr\u00e2ce \u00e0 l&#8217;\u00e9cotourisme avec PlanetaEXO<\/b><\/h2>\n<p><span style=\"font-weight: 400;\">PlanetaEXO est une plateforme d\u00e9di\u00e9e \u00e0 l&#8217;\u00e9cotourisme responsable, connectant les voyageurs \u00e0 des exp\u00e9riences authentiques dans la nature et renfor\u00e7ant les initiatives communautaires \u00e0 travers le Br\u00e9sil. L&#8217;entreprise travaille en partenariat avec les communaut\u00e9s locales, les guides et les projets de conservation pour promouvoir des voyages qui valorisent la culture, la biodiversit\u00e9 et la durabilit\u00e9.<\/span><\/p>\n","protected":false},"excerpt":{"rendered":"<p>Pour c\u00e9l\u00e9brer le Jour de la Terre, c\u00e9l\u00e9br\u00e9 le 22 avril, nous avons s\u00e9lectionn\u00e9 10 initiatives marquantes qui allient la conservation de la biodiversit\u00e9 au d\u00e9veloppement durable des communaut\u00e9s br\u00e9siliennes&#8230;.<\/p>\n","protected":false},"author":41,"featured_media":47191,"comment_status":"closed","ping_status":"open","sticky":false,"template":"","format":"standard","meta":{"_acf_changed":false,"content-type":"","footnotes":""},"categories":[573],"tags":[],"class_list":{"0":"post-47647","1":"post","2":"type-post","3":"status-publish","4":"format-standard","5":"has-post-thumbnail","7":"category-causes-fr"},"acf":[],"yoast_head":"<!-- This site is optimized with the Yoast SEO Premium plugin v27.4 (Yoast SEO v27.4) - https:\/\/yoast.com\/product\/yoast-seo-premium-wordpress\/ -->\n<title>Jour de la Terre : 10 projets de conservation transformateurs au Br\u00e9sil - PlanetaEXO<\/title>\n<meta name=\"description\" content=\"C\u00e9l\u00e9brez le Jour de la Terre en d\u00e9couvrant 10 projets de conservation transformateurs au Br\u00e9sil. D\u00e9couvrez comment la protection de la biodiversit\u00e9 et le soutien aux communaut\u00e9s locales favorisent le d\u00e9veloppement durable.\" \/>\n<meta name=\"robots\" content=\"index, follow, max-snippet:-1, max-image-preview:large, max-video-preview:-1\" \/>\n<link rel=\"canonical\" href=\"https:\/\/planetaexo.com\/fr\/blog\/jour-de-la-terre-projets-de-conservation-bresil\/\" \/>\n<meta property=\"og:locale\" content=\"fr_FR\" \/>\n<meta property=\"og:type\" content=\"article\" \/>\n<meta property=\"og:title\" content=\"Jour de la Terre : 10 projets de conservation transformateurs au Br\u00e9sil\" \/>\n<meta property=\"og:description\" content=\"C\u00e9l\u00e9brez le Jour de la Terre en d\u00e9couvrant 10 projets de conservation transformateurs au Br\u00e9sil. D\u00e9couvrez comment la protection de la biodiversit\u00e9 et le soutien aux communaut\u00e9s locales favorisent le d\u00e9veloppement durable.\" \/>\n<meta property=\"og:url\" content=\"https:\/\/planetaexo.com\/fr\/blog\/jour-de-la-terre-projets-de-conservation-bresil\/\" \/>\n<meta property=\"og:site_name\" content=\"PlanetaEXO\" \/>\n<meta property=\"article:published_time\" content=\"2026-04-22T15:09:46+00:00\" \/>\n<meta property=\"article:modified_time\" content=\"2026-04-24T15:47:26+00:00\" \/>\n<meta property=\"og:image\" content=\"https:\/\/static.planetaexo.com\/wp-content\/uploads\/2026\/04\/Featured-Blog-hand-touching-tree-bark-brazil-conservation.jpg.jpg\" \/>\n\t<meta property=\"og:image:width\" content=\"1000\" \/>\n\t<meta property=\"og:image:height\" content=\"750\" \/>\n\t<meta property=\"og:image:type\" content=\"image\/jpeg\" \/>\n<meta name=\"author\" content=\"Elisa\" \/>\n<meta name=\"twitter:card\" content=\"summary_large_image\" \/>\n<meta name=\"twitter:label1\" content=\"\u00c9crit par\" \/>\n\t<meta name=\"twitter:data1\" content=\"Elisa\" \/>\n\t<meta name=\"twitter:label2\" content=\"Dur\u00e9e de lecture estim\u00e9e\" \/>\n\t<meta name=\"twitter:data2\" content=\"8 minutes\" \/>\n<script type=\"application\/ld+json\" class=\"yoast-schema-graph\">{\"@context\":\"https:\\\/\\\/schema.org\",\"@graph\":[{\"@type\":\"Article\",\"@id\":\"https:\\\/\\\/planetaexo.com\\\/fr\\\/blog\\\/jour-de-la-terre-projets-de-conservation-bresil\\\/#article\",\"isPartOf\":{\"@id\":\"https:\\\/\\\/planetaexo.com\\\/fr\\\/blog\\\/jour-de-la-terre-projets-de-conservation-bresil\\\/\"},\"author\":{\"name\":\"Elisa\",\"@id\":\"https:\\\/\\\/planetaexo.com\\\/fr\\\/#\\\/schema\\\/person\\\/c0e39e0696b058c5f701d824494fb637\"},\"headline\":\"Jour de la Terre : 10 projets de conservation transformateurs au Br\u00e9sil\",\"datePublished\":\"2026-04-22T15:09:46+00:00\",\"dateModified\":\"2026-04-24T15:47:26+00:00\",\"mainEntityOfPage\":{\"@id\":\"https:\\\/\\\/planetaexo.com\\\/fr\\\/blog\\\/jour-de-la-terre-projets-de-conservation-bresil\\\/\"},\"wordCount\":1465,\"publisher\":{\"@id\":\"https:\\\/\\\/planetaexo.com\\\/fr\\\/#organization\"},\"image\":{\"@id\":\"https:\\\/\\\/planetaexo.com\\\/fr\\\/blog\\\/jour-de-la-terre-projets-de-conservation-bresil\\\/#primaryimage\"},\"thumbnailUrl\":\"https:\\\/\\\/planetaexo.com\\\/wp-content\\\/uploads\\\/2026\\\/04\\\/Featured-Blog-hand-touching-tree-bark-brazil-conservation.jpg.jpg\",\"articleSection\":[\"Causes ;\"],\"inLanguage\":\"fr-FR\"},{\"@type\":\"WebPage\",\"@id\":\"https:\\\/\\\/planetaexo.com\\\/fr\\\/blog\\\/jour-de-la-terre-projets-de-conservation-bresil\\\/\",\"url\":\"https:\\\/\\\/planetaexo.com\\\/fr\\\/blog\\\/jour-de-la-terre-projets-de-conservation-bresil\\\/\",\"name\":\"Jour de la Terre : 10 projets de conservation transformateurs au Br\u00e9sil - PlanetaEXO\",\"isPartOf\":{\"@id\":\"https:\\\/\\\/planetaexo.com\\\/fr\\\/#website\"},\"primaryImageOfPage\":{\"@id\":\"https:\\\/\\\/planetaexo.com\\\/fr\\\/blog\\\/jour-de-la-terre-projets-de-conservation-bresil\\\/#primaryimage\"},\"image\":{\"@id\":\"https:\\\/\\\/planetaexo.com\\\/fr\\\/blog\\\/jour-de-la-terre-projets-de-conservation-bresil\\\/#primaryimage\"},\"thumbnailUrl\":\"https:\\\/\\\/planetaexo.com\\\/wp-content\\\/uploads\\\/2026\\\/04\\\/Featured-Blog-hand-touching-tree-bark-brazil-conservation.jpg.jpg\",\"datePublished\":\"2026-04-22T15:09:46+00:00\",\"dateModified\":\"2026-04-24T15:47:26+00:00\",\"description\":\"C\u00e9l\u00e9brez le Jour de la Terre en d\u00e9couvrant 10 projets de conservation transformateurs au Br\u00e9sil. D\u00e9couvrez comment la protection de la biodiversit\u00e9 et le soutien aux communaut\u00e9s locales favorisent le d\u00e9veloppement durable.\",\"breadcrumb\":{\"@id\":\"https:\\\/\\\/planetaexo.com\\\/fr\\\/blog\\\/jour-de-la-terre-projets-de-conservation-bresil\\\/#breadcrumb\"},\"inLanguage\":\"fr-FR\",\"potentialAction\":[{\"@type\":\"ReadAction\",\"target\":[\"https:\\\/\\\/planetaexo.com\\\/fr\\\/blog\\\/jour-de-la-terre-projets-de-conservation-bresil\\\/\"]}]},{\"@type\":\"ImageObject\",\"inLanguage\":\"fr-FR\",\"@id\":\"https:\\\/\\\/planetaexo.com\\\/fr\\\/blog\\\/jour-de-la-terre-projets-de-conservation-bresil\\\/#primaryimage\",\"url\":\"https:\\\/\\\/planetaexo.com\\\/wp-content\\\/uploads\\\/2026\\\/04\\\/Featured-Blog-hand-touching-tree-bark-brazil-conservation.jpg.jpg\",\"contentUrl\":\"https:\\\/\\\/planetaexo.com\\\/wp-content\\\/uploads\\\/2026\\\/04\\\/Featured-Blog-hand-touching-tree-bark-brazil-conservation.jpg.jpg\",\"width\":1000,\"height\":750,\"caption\":\"A person's hand gently touching the rough bark of a tree trunk in a lush forest, representing connection with nature and conservation projects in Brazil.\"},{\"@type\":\"BreadcrumbList\",\"@id\":\"https:\\\/\\\/planetaexo.com\\\/fr\\\/blog\\\/jour-de-la-terre-projets-de-conservation-bresil\\\/#breadcrumb\",\"itemListElement\":[{\"@type\":\"ListItem\",\"position\":1,\"name\":\"Home\",\"item\":\"https:\\\/\\\/planetaexo.com\\\/fr\\\/\"},{\"@type\":\"ListItem\",\"position\":2,\"name\":\"Jour de la Terre : 10 projets de conservation transformateurs au Br\u00e9sil\"}]},{\"@type\":\"WebSite\",\"@id\":\"https:\\\/\\\/planetaexo.com\\\/fr\\\/#website\",\"url\":\"https:\\\/\\\/planetaexo.com\\\/fr\\\/\",\"name\":\"PlanetaEXO\",\"description\":\"Live an Adventure\",\"publisher\":{\"@id\":\"https:\\\/\\\/planetaexo.com\\\/fr\\\/#organization\"},\"potentialAction\":[{\"@type\":\"SearchAction\",\"target\":{\"@type\":\"EntryPoint\",\"urlTemplate\":\"https:\\\/\\\/planetaexo.com\\\/fr\\\/?s={search_term_string}\"},\"query-input\":{\"@type\":\"PropertyValueSpecification\",\"valueRequired\":true,\"valueName\":\"search_term_string\"}}],\"inLanguage\":\"fr-FR\"},{\"@type\":\"Organization\",\"@id\":\"https:\\\/\\\/planetaexo.com\\\/fr\\\/#organization\",\"name\":\"PlanetaEXO\",\"url\":\"https:\\\/\\\/planetaexo.com\\\/fr\\\/\",\"logo\":{\"@type\":\"ImageObject\",\"inLanguage\":\"fr-FR\",\"@id\":\"https:\\\/\\\/planetaexo.com\\\/fr\\\/#\\\/schema\\\/logo\\\/image\\\/\",\"url\":\"https:\\\/\\\/planetaexo.com\\\/wp-content\\\/uploads\\\/2023\\\/10\\\/cropped-favicon_logoexo-min-1.png\",\"contentUrl\":\"https:\\\/\\\/planetaexo.com\\\/wp-content\\\/uploads\\\/2023\\\/10\\\/cropped-favicon_logoexo-min-1.png\",\"width\":512,\"height\":512,\"caption\":\"PlanetaEXO\"},\"image\":{\"@id\":\"https:\\\/\\\/planetaexo.com\\\/fr\\\/#\\\/schema\\\/logo\\\/image\\\/\"},\"sameAs\":[\"https:\\\/\\\/instagram.com\\\/planetaexo\"]},{\"@type\":\"Person\",\"@id\":\"https:\\\/\\\/planetaexo.com\\\/fr\\\/#\\\/schema\\\/person\\\/c0e39e0696b058c5f701d824494fb637\",\"name\":\"Elisa\",\"image\":{\"@type\":\"ImageObject\",\"inLanguage\":\"fr-FR\",\"@id\":\"https:\\\/\\\/secure.gravatar.com\\\/avatar\\\/352df2b05eefc24c8f545c55f33e36e3a9c644949875418bf1217fd4eb428ec9?s=96&d=mm&r=g\",\"url\":\"https:\\\/\\\/secure.gravatar.com\\\/avatar\\\/352df2b05eefc24c8f545c55f33e36e3a9c644949875418bf1217fd4eb428ec9?s=96&d=mm&r=g\",\"contentUrl\":\"https:\\\/\\\/secure.gravatar.com\\\/avatar\\\/352df2b05eefc24c8f545c55f33e36e3a9c644949875418bf1217fd4eb428ec9?s=96&d=mm&r=g\",\"caption\":\"Elisa\"},\"url\":\"https:\\\/\\\/planetaexo.com\\\/fr\\\/blog\\\/author\\\/elisa\\\/\"}]}<\/script>\n<!-- \/ Yoast SEO Premium plugin. -->","yoast_head_json":{"title":"Jour de la Terre : 10 projets de conservation transformateurs au Br\u00e9sil - PlanetaEXO","description":"C\u00e9l\u00e9brez le Jour de la Terre en d\u00e9couvrant 10 projets de conservation transformateurs au Br\u00e9sil. D\u00e9couvrez comment la protection de la biodiversit\u00e9 et le soutien aux communaut\u00e9s locales favorisent le d\u00e9veloppement durable.","robots":{"index":"index","follow":"follow","max-snippet":"max-snippet:-1","max-image-preview":"max-image-preview:large","max-video-preview":"max-video-preview:-1"},"canonical":"https:\/\/planetaexo.com\/fr\/blog\/jour-de-la-terre-projets-de-conservation-bresil\/","og_locale":"fr_FR","og_type":"article","og_title":"Jour de la Terre : 10 projets de conservation transformateurs au Br\u00e9sil","og_description":"C\u00e9l\u00e9brez le Jour de la Terre en d\u00e9couvrant 10 projets de conservation transformateurs au Br\u00e9sil. D\u00e9couvrez comment la protection de la biodiversit\u00e9 et le soutien aux communaut\u00e9s locales favorisent le d\u00e9veloppement durable.","og_url":"https:\/\/planetaexo.com\/fr\/blog\/jour-de-la-terre-projets-de-conservation-bresil\/","og_site_name":"PlanetaEXO","article_published_time":"2026-04-22T15:09:46+00:00","article_modified_time":"2026-04-24T15:47:26+00:00","og_image":[{"width":1000,"height":750,"url":"https:\/\/static.planetaexo.com\/wp-content\/uploads\/2026\/04\/Featured-Blog-hand-touching-tree-bark-brazil-conservation.jpg.jpg","type":"image\/jpeg"}],"author":"Elisa","twitter_card":"summary_large_image","twitter_misc":{"\u00c9crit par":"Elisa","Dur\u00e9e de lecture estim\u00e9e":"8 minutes"},"schema":{"@context":"https:\/\/schema.org","@graph":[{"@type":"Article","@id":"https:\/\/planetaexo.com\/fr\/blog\/jour-de-la-terre-projets-de-conservation-bresil\/#article","isPartOf":{"@id":"https:\/\/planetaexo.com\/fr\/blog\/jour-de-la-terre-projets-de-conservation-bresil\/"},"author":{"name":"Elisa","@id":"https:\/\/planetaexo.com\/fr\/#\/schema\/person\/c0e39e0696b058c5f701d824494fb637"},"headline":"Jour de la Terre : 10 projets de conservation transformateurs au Br\u00e9sil","datePublished":"2026-04-22T15:09:46+00:00","dateModified":"2026-04-24T15:47:26+00:00","mainEntityOfPage":{"@id":"https:\/\/planetaexo.com\/fr\/blog\/jour-de-la-terre-projets-de-conservation-bresil\/"},"wordCount":1465,"publisher":{"@id":"https:\/\/planetaexo.com\/fr\/#organization"},"image":{"@id":"https:\/\/planetaexo.com\/fr\/blog\/jour-de-la-terre-projets-de-conservation-bresil\/#primaryimage"},"thumbnailUrl":"https:\/\/static.planetaexo.com\/wp-content\/uploads\/2026\/04\/Featured-Blog-hand-touching-tree-bark-brazil-conservation.jpg.jpg","articleSection":["Causes ;"],"inLanguage":"fr-FR"},{"@type":"WebPage","@id":"https:\/\/planetaexo.com\/fr\/blog\/jour-de-la-terre-projets-de-conservation-bresil\/","url":"https:\/\/planetaexo.com\/fr\/blog\/jour-de-la-terre-projets-de-conservation-bresil\/","name":"Jour de la Terre : 10 projets de conservation transformateurs au Br\u00e9sil - PlanetaEXO","isPartOf":{"@id":"https:\/\/planetaexo.com\/fr\/#website"},"primaryImageOfPage":{"@id":"https:\/\/planetaexo.com\/fr\/blog\/jour-de-la-terre-projets-de-conservation-bresil\/#primaryimage"},"image":{"@id":"https:\/\/planetaexo.com\/fr\/blog\/jour-de-la-terre-projets-de-conservation-bresil\/#primaryimage"},"thumbnailUrl":"https:\/\/static.planetaexo.com\/wp-content\/uploads\/2026\/04\/Featured-Blog-hand-touching-tree-bark-brazil-conservation.jpg.jpg","datePublished":"2026-04-22T15:09:46+00:00","dateModified":"2026-04-24T15:47:26+00:00","description":"C\u00e9l\u00e9brez le Jour de la Terre en d\u00e9couvrant 10 projets de conservation transformateurs au Br\u00e9sil. D\u00e9couvrez comment la protection de la biodiversit\u00e9 et le soutien aux communaut\u00e9s locales favorisent le d\u00e9veloppement durable.","breadcrumb":{"@id":"https:\/\/planetaexo.com\/fr\/blog\/jour-de-la-terre-projets-de-conservation-bresil\/#breadcrumb"},"inLanguage":"fr-FR","potentialAction":[{"@type":"ReadAction","target":["https:\/\/planetaexo.com\/fr\/blog\/jour-de-la-terre-projets-de-conservation-bresil\/"]}]},{"@type":"ImageObject","inLanguage":"fr-FR","@id":"https:\/\/planetaexo.com\/fr\/blog\/jour-de-la-terre-projets-de-conservation-bresil\/#primaryimage","url":"https:\/\/static.planetaexo.com\/wp-content\/uploads\/2026\/04\/Featured-Blog-hand-touching-tree-bark-brazil-conservation.jpg.jpg","contentUrl":"https:\/\/static.planetaexo.com\/wp-content\/uploads\/2026\/04\/Featured-Blog-hand-touching-tree-bark-brazil-conservation.jpg.jpg","width":1000,"height":750,"caption":"A person's hand gently touching the rough bark of a tree trunk in a lush forest, representing connection with nature and conservation projects in Brazil."},{"@type":"BreadcrumbList","@id":"https:\/\/planetaexo.com\/fr\/blog\/jour-de-la-terre-projets-de-conservation-bresil\/#breadcrumb","itemListElement":[{"@type":"ListItem","position":1,"name":"Home","item":"https:\/\/planetaexo.com\/fr\/"},{"@type":"ListItem","position":2,"name":"Jour de la Terre : 10 projets de conservation transformateurs au Br\u00e9sil"}]},{"@type":"WebSite","@id":"https:\/\/planetaexo.com\/fr\/#website","url":"https:\/\/planetaexo.com\/fr\/","name":"PlanetaEXO","description":"Live an Adventure","publisher":{"@id":"https:\/\/planetaexo.com\/fr\/#organization"},"potentialAction":[{"@type":"SearchAction","target":{"@type":"EntryPoint","urlTemplate":"https:\/\/planetaexo.com\/fr\/?s={search_term_string}"},"query-input":{"@type":"PropertyValueSpecification","valueRequired":true,"valueName":"search_term_string"}}],"inLanguage":"fr-FR"},{"@type":"Organization","@id":"https:\/\/planetaexo.com\/fr\/#organization","name":"PlanetaEXO","url":"https:\/\/planetaexo.com\/fr\/","logo":{"@type":"ImageObject","inLanguage":"fr-FR","@id":"https:\/\/planetaexo.com\/fr\/#\/schema\/logo\/image\/","url":"https:\/\/static.planetaexo.com\/wp-content\/uploads\/2023\/10\/cropped-favicon_logoexo-min-1.png","contentUrl":"https:\/\/static.planetaexo.com\/wp-content\/uploads\/2023\/10\/cropped-favicon_logoexo-min-1.png","width":512,"height":512,"caption":"PlanetaEXO"},"image":{"@id":"https:\/\/planetaexo.com\/fr\/#\/schema\/logo\/image\/"},"sameAs":["https:\/\/instagram.com\/planetaexo"]},{"@type":"Person","@id":"https:\/\/planetaexo.com\/fr\/#\/schema\/person\/c0e39e0696b058c5f701d824494fb637","name":"Elisa","image":{"@type":"ImageObject","inLanguage":"fr-FR","@id":"https:\/\/secure.gravatar.com\/avatar\/352df2b05eefc24c8f545c55f33e36e3a9c644949875418bf1217fd4eb428ec9?s=96&d=mm&r=g","url":"https:\/\/secure.gravatar.com\/avatar\/352df2b05eefc24c8f545c55f33e36e3a9c644949875418bf1217fd4eb428ec9?s=96&d=mm&r=g","contentUrl":"https:\/\/secure.gravatar.com\/avatar\/352df2b05eefc24c8f545c55f33e36e3a9c644949875418bf1217fd4eb428ec9?s=96&d=mm&r=g","caption":"Elisa"},"url":"https:\/\/planetaexo.com\/fr\/blog\/author\/elisa\/"}]}},"_links":{"self":[{"href":"https:\/\/planetaexo.com\/fr\/wp-json\/wp\/v2\/posts\/47647","targetHints":{"allow":["GET"]}}],"collection":[{"href":"https:\/\/planetaexo.com\/fr\/wp-json\/wp\/v2\/posts"}],"about":[{"href":"https:\/\/planetaexo.com\/fr\/wp-json\/wp\/v2\/types\/post"}],"author":[{"embeddable":true,"href":"https:\/\/planetaexo.com\/fr\/wp-json\/wp\/v2\/users\/41"}],"replies":[{"embeddable":true,"href":"https:\/\/planetaexo.com\/fr\/wp-json\/wp\/v2\/comments?post=47647"}],"version-history":[{"count":5,"href":"https:\/\/planetaexo.com\/fr\/wp-json\/wp\/v2\/posts\/47647\/revisions"}],"predecessor-version":[{"id":47652,"href":"https:\/\/planetaexo.com\/fr\/wp-json\/wp\/v2\/posts\/47647\/revisions\/47652"}],"wp:featuredmedia":[{"embeddable":true,"href":"https:\/\/planetaexo.com\/fr\/wp-json\/wp\/v2\/media\/47191"}],"wp:attachment":[{"href":"https:\/\/planetaexo.com\/fr\/wp-json\/wp\/v2\/media?parent=47647"}],"wp:term":[{"taxonomy":"category","embeddable":true,"href":"https:\/\/planetaexo.com\/fr\/wp-json\/wp\/v2\/categories?post=47647"},{"taxonomy":"post_tag","embeddable":true,"href":"https:\/\/planetaexo.com\/fr\/wp-json\/wp\/v2\/tags?post=47647"}],"curies":[{"name":"wp","href":"https:\/\/api.w.org\/{rel}","templated":true}]}}