{"id":25995,"date":"2026-01-27T18:55:51","date_gmt":"2026-01-27T18:55:51","guid":{"rendered":"https:\/\/planetaexo.com\/?p=25995"},"modified":"2026-04-23T18:47:01","modified_gmt":"2026-04-23T18:47:01","slug":"ou-sejourner-chapada-diamantina-bresil","status":"publish","type":"post","link":"https:\/\/planetaexo.com\/fr\/blog\/ou-sejourner-chapada-diamantina-bresil\/","title":{"rendered":"O\u00f9 s\u00e9journer dans la Chapada Diamantina ?"},"content":{"rendered":"<h2><em><strong>D\u00e9couvrez o\u00f9 s\u00e9journer dans le parc national de la Chapada Diamantina depuis les villes portes d&#8217;entr\u00e9e, ainsi que les options d&#8217;h\u00e9bergement pour les randonneurs au Vale do Pati.<\/strong><\/em><\/h2>\n<p><span style=\"font-weight: 400;\">La <\/span><a href=\"https:\/\/planetaexo.com\/fr\/blog\/parc-national-de-la-chapada-diamantina-guide-de-voyage\/\"><b>Chapada Diamantina<\/b><\/a><span style=\"font-weight: 400;\"> est une vaste zone naturelle de 152 000 hectares. Parfait pour les amateurs d&#8217;aventure en raison de sa v\u00e9g\u00e9tation luxuriante, de ses magnifiques cascades, de ses formations rocheuses anciennes et de ses kilom\u00e8tres de sentiers de randonn\u00e9e, cette destination incroyable figure sur la liste de souhaits des trekkeurs du monde entier.<\/span><\/p>\n<p><span style=\"font-weight: 400;\">\u00c0 l&#8217;image de cette atmosph\u00e8re de nature et de tranquillit\u00e9, deux options d&#8217;h\u00e9bergement s&#8217;offrent \u00e0 vous : <\/span><b>s\u00e9journer chez les habitants du parc national ou dans des h\u00f4tels des villes voisines<\/b><span style=\"font-weight: 400;\"> \u2014 en particulier <\/span><b>Len\u00e7\u00f3is<\/b><span style=\"font-weight: 400;\">, <\/span><b>Mucug\u00ea<\/b><span style=\"font-weight: 400;\"> et <\/span><b>Vale do Cap\u00e3o<\/b><span style=\"font-weight: 400;\">. Que ce soit dans de petites auberges ou chez l&#8217;habitant, les choix pour savoir o\u00f9 s\u00e9journer dans la Chapada Diamantina se distinguent par l&#8217;authenticit\u00e9 de la r\u00e9gion.<\/span><\/p>\n<p><b>PlanetaEXO<\/b><span style=\"font-weight: 400;\">, une plateforme de voyage d&#8217;aventure sp\u00e9cialis\u00e9e dans les <\/span><a href=\"https:\/\/planetaexo.com\/trips\/fr\/destinations\/bresil\/chapada-diamantina-excursions\/\"><b>excursions dans la Chapada Diamantina<\/b><\/a><span style=\"font-weight: 400;\">, a aid\u00e9 d&#8217;innombrables voyageurs du monde entier \u00e0 r\u00e9server les meilleurs h\u00e9bergements dans cette destination fantastique. D\u00e9couvrez nos suggestions ci-dessous !<\/span><\/p>\n<h2><b>S\u00e9jour chez l&#8217;habitant au Vale do Pati<\/b><\/h2>\n<p><span style=\"font-weight: 400;\">Au lieu de s\u00e9journer dans des <\/span><span style=\"font-weight: 400;\">h\u00f4tels dans la Chapada Diamantina<\/span><span style=\"font-weight: 400;\">, beaucoup de voyageurs choisissent de <\/span><b>s\u00e9journer chez les personnes qui vivent \u00e0 l&#8217;int\u00e9rieur du parc national<\/b><span style=\"font-weight: 400;\">. C&#8217;est la <\/span><b>seule forme d&#8217;h\u00e9bergement pour ceux qui s&#8217;aventurent dans des randonn\u00e9es de plusieurs jours \u00e0 travers le <\/b><a href=\"https:\/\/planetaexo.com\/fr\/blog\/guide-de-voyage-vallee-de-pati-chapada-diamantina\/\"><b>Vale do Pati<\/b><\/a><b>.<\/b><\/p>\n<div id=\"attachment_46527\" style=\"width: 1010px\" class=\"wp-caption alignnone\"><img loading=\"lazy\" decoding=\"async\" aria-describedby=\"caption-attachment-46527\" class=\"wp-image-46527 size-full\" title=\"Silhouette d'une maison d'h\u00f4tes locale et de palmiers dans le Vale do Pati sur fond de coucher de soleil orange vibrant.\" src=\"https:\/\/static.planetaexo.com\/wp-content\/uploads\/2025\/01\/vale-do-pati-homestay-dusk.jpg.jpg\" alt=\"Silhouette d'une maison d'h\u00f4tes locale et de palmiers dans le Vale do Pati sur fond de coucher de soleil orange vibrant.\" width=\"1000\" height=\"750\" srcset=\"https:\/\/static.planetaexo.com\/wp-content\/uploads\/2025\/01\/vale-do-pati-homestay-dusk.jpg.jpg 1000w, https:\/\/static.planetaexo.com\/wp-content\/uploads\/2025\/01\/vale-do-pati-homestay-dusk.jpg-300x225.jpg 300w, https:\/\/static.planetaexo.com\/wp-content\/uploads\/2025\/01\/vale-do-pati-homestay-dusk.jpg-768x576.jpg 768w\" sizes=\"auto, (max-width: 1000px) 100vw, 1000px\" \/><p id=\"caption-attachment-46527\" class=\"wp-caption-text\">.<\/p><\/div>\n\n\t\t<style type=\"text\/css\">\n\t\t\t#gallery-1 {\n\t\t\t\tmargin: auto;\n\t\t\t}\n\t\t\t#gallery-1 .gallery-item {\n\t\t\t\tfloat: left;\n\t\t\t\tmargin-top: 10px;\n\t\t\t\ttext-align: center;\n\t\t\t\twidth: 50%;\n\t\t\t}\n\t\t\t#gallery-1 img {\n\t\t\t\tborder: 2px solid #cfcfcf;\n\t\t\t}\n\t\t\t#gallery-1 .gallery-caption {\n\t\t\t\tmargin-left: 0;\n\t\t\t}\n\t\t\t\/* see gallery_shortcode() in wp-includes\/media.php *\/\n\t\t<\/style>\n\t\t<div id='gallery-1' class='gallery galleryid-25995 gallery-columns-2 gallery-size-full'><dl class='gallery-item'>\n\t\t\t<dt class='gallery-icon landscape'>\n\t\t\t\t<img loading=\"lazy\" decoding=\"async\" width=\"600\" height=\"600\" src=\"https:\/\/static.planetaexo.com\/wp-content\/uploads\/2025\/01\/coffee-view-chapada-diamantina-valley.jpg.jpg\" class=\"attachment-full size-full\" alt=\"Une tasse de caf\u00e9 pos\u00e9e sur un balcon en bois surplombant les montagnes et les vall\u00e9es verdoyantes de la Chapada Diamantina.\" aria-describedby=\"gallery-1-46510\" srcset=\"https:\/\/static.planetaexo.com\/wp-content\/uploads\/2025\/01\/coffee-view-chapada-diamantina-valley.jpg.jpg 600w, https:\/\/static.planetaexo.com\/wp-content\/uploads\/2025\/01\/coffee-view-chapada-diamantina-valley.jpg-300x300.jpg 300w, https:\/\/static.planetaexo.com\/wp-content\/uploads\/2025\/01\/coffee-view-chapada-diamantina-valley.jpg-150x150.jpg 150w, https:\/\/static.planetaexo.com\/wp-content\/uploads\/2025\/01\/coffee-view-chapada-diamantina-valley.jpg-140x140.jpg 140w, https:\/\/static.planetaexo.com\/wp-content\/uploads\/2025\/01\/coffee-view-chapada-diamantina-valley.jpg-100x100.jpg 100w, https:\/\/static.planetaexo.com\/wp-content\/uploads\/2025\/01\/coffee-view-chapada-diamantina-valley.jpg-500x500.jpg 500w, https:\/\/static.planetaexo.com\/wp-content\/uploads\/2025\/01\/coffee-view-chapada-diamantina-valley.jpg-350x350.jpg 350w\" sizes=\"auto, (max-width: 600px) 100vw, 600px\" \/>\n\t\t\t<\/dt>\n\t\t\t\t<dd class='wp-caption-text gallery-caption' id='gallery-1-46510'>\n\t\t\t\t.\n\t\t\t\t<\/dd><\/dl><dl class='gallery-item'>\n\t\t\t<dt class='gallery-icon landscape'>\n\t\t\t\t<img loading=\"lazy\" decoding=\"async\" width=\"600\" height=\"600\" src=\"https:\/\/static.planetaexo.com\/wp-content\/uploads\/2025\/01\/trekkers-campfire-vale-do-pati.jpg.jpg\" class=\"attachment-full size-full\" alt=\"Des randonneurs se relaxant autour d&#039;un feu de camp rougeoyant la nuit lors d&#039;une exp\u00e9dition de trekking dans le Vale do Pati.\" aria-describedby=\"gallery-1-46525\" srcset=\"https:\/\/static.planetaexo.com\/wp-content\/uploads\/2025\/01\/trekkers-campfire-vale-do-pati.jpg.jpg 600w, https:\/\/static.planetaexo.com\/wp-content\/uploads\/2025\/01\/trekkers-campfire-vale-do-pati.jpg-300x300.jpg 300w, https:\/\/static.planetaexo.com\/wp-content\/uploads\/2025\/01\/trekkers-campfire-vale-do-pati.jpg-150x150.jpg 150w, https:\/\/static.planetaexo.com\/wp-content\/uploads\/2025\/01\/trekkers-campfire-vale-do-pati.jpg-140x140.jpg 140w, https:\/\/static.planetaexo.com\/wp-content\/uploads\/2025\/01\/trekkers-campfire-vale-do-pati.jpg-100x100.jpg 100w, https:\/\/static.planetaexo.com\/wp-content\/uploads\/2025\/01\/trekkers-campfire-vale-do-pati.jpg-500x500.jpg 500w, https:\/\/static.planetaexo.com\/wp-content\/uploads\/2025\/01\/trekkers-campfire-vale-do-pati.jpg-350x350.jpg 350w\" sizes=\"auto, (max-width: 600px) 100vw, 600px\" \/>\n\t\t\t<\/dt>\n\t\t\t\t<dd class='wp-caption-text gallery-caption' id='gallery-1-46525'>\n\t\t\t\t.\n\t\t\t\t<\/dd><\/dl><br style=\"clear: both\" \/>\n\t\t<\/div>\n\n<p><span style=\"font-weight: 400;\">Dans des maisons rustiques adapt\u00e9es pour recevoir des groupes de randonneurs, les familles les accueillent en toute simplicit\u00e9 mais avec une grande hospitalit\u00e9, offrant <\/span><b>des lits confortables, des salles de bains avec douches (froides) et des repas faits maison<\/b><span style=\"font-weight: 400;\">.<\/span><\/p>\n<p><span style=\"font-weight: 400;\">L&#8217;exp\u00e9rience est modeste, mais elle offre tout ce dont un aventurier a besoin pour reposer son corps fatigu\u00e9 apr\u00e8s une longue journ\u00e9e de trek. C&#8217;est aussi un excellent moyen de rencontrer de nouvelles personnes et de s&#8217;immerger dans la culture de la Chapada Diamantina !<\/span><\/p>\n<p><b>\ud83d\udc49 D\u00e9couvrez l&#8217;aventure :\u00a0<\/b><a href=\"https:\/\/planetaexo.com\/trips\/fr\/a\/trek-vale-do-pati-chapada-diamantina-3-jours\/\"><b>Trek de 3 jours dans le Vale do Pati<\/b><\/a><\/p>\n<h2><b>O\u00f9 s\u00e9journer \u00e0 Len\u00e7\u00f3is ?<\/b><\/h2>\n<p><span style=\"font-weight: 400;\">Consid\u00e9r\u00e9e comme un patrimoine historique et artistique national, <\/span><b>Len\u00e7\u00f3is<\/b><span style=\"font-weight: 400;\"> est une petite ville de plus de 11 000 habitants, <\/span><b>mais elle dispose de la meilleure infrastructure de la r\u00e9gion de la Chapada Diamantina et constitue sa principale porte d&#8217;entr\u00e9e<\/b><span style=\"font-weight: 400;\">.<\/span><\/p>\n<p><span style=\"font-weight: 400;\">Entre les maisons construites au 19\u00e8me si\u00e8cle, les visiteurs trouvent des restaurants, des \u00e9piceries, des distributeurs automatiques, des pharmacies et, bien s\u00fbr, d&#8217;excellentes options de s\u00e9jour.<\/span><\/p>\n<h3><a href=\"https:\/\/www.booking.com\/hotel\/br\/de-lenassois.html\" target=\"_blank\" rel=\"noopener\"><b>Hotel de Len\u00e7\u00f3is<\/b><\/a><\/h3>\n<p><span style=\"font-weight: 400;\">\u00c9cologique et moderne, l&#8217;<\/span><b>Hotel de Len\u00e7\u00f3is<\/b><span style=\"font-weight: 400;\"> propose une vari\u00e9t\u00e9 d&#8217;options d&#8217;h\u00e9bergement, des chambres standard aux appartements avec jacuzzis. Toutes comprennent des lits confortables, des salles de bains avec douches chaudes, la climatisation, des t\u00e9l\u00e9visions et des balcons priv\u00e9s.<\/span><\/p>\n<p><span style=\"font-weight: 400;\">Dans les espaces communs, profitez du restaurant, du bain \u00e0 remous, de l&#8217;aire de jeux, de la salle de jeux, de la salle de r\u00e9union, de la biblioth\u00e8que, de l&#8217;espace massage, d&#8217;un bosquet avec plus de 1000 jeunes plants indig\u00e8nes et d&#8217;un mus\u00e9e avec des artefacts et des archives historiques de la r\u00e9gion.<\/span><\/p>\n<ul>\n<li style=\"font-weight: 400;\" aria-level=\"1\"><b>Adresse :<\/b><span style=\"font-weight: 400;\"> R. Altina Alves, 747<\/span><\/li>\n<li style=\"font-weight: 400;\" aria-level=\"1\"><b>Gamme de prix :<\/b><span style=\"font-weight: 400;\"> \u20ac\u20ac\u20ac\u20ac<\/span><\/li>\n<\/ul>\n<div id=\"attachment_10938\" style=\"width: 1560px\" class=\"wp-caption aligncenter\"><img loading=\"lazy\" decoding=\"async\" aria-describedby=\"caption-attachment-10938\" class=\"wp-image-10938 size-full\" style=\"font-size: 16px;\" title=\"Vue a\u00e9rienne de Len\u00e7\u00f3is montrant des maisons coloniales du 19\u00e8me si\u00e8cle, des ponts en pierre et la rivi\u00e8re serpentant \u00e0 travers la ville.\" src=\"https:\/\/static.planetaexo.com\/trips\/wp-content\/uploads\/2023\/08\/enlarge_Lencois.jpeg\" alt=\"Vue a\u00e9rienne de Len\u00e7\u00f3is montrant des maisons coloniales du 19\u00e8me si\u00e8cle, des ponts en pierre et la rivi\u00e8re serpentant \u00e0 travers la ville.\" width=\"1550\" height=\"954\" \/><p id=\"caption-attachment-10938\" class=\"wp-caption-text\">.<\/p><\/div>\n<p><b>\ud83d\udc49 Lire la suite :\u00a0<\/b><a href=\"https:\/\/planetaexo.com\/fr\/blog\/comment-se-rendre-au-parc-national-de-la-chapada-diamantina\/\"><b>Comment aller dans la Chapada Diamantina ?<\/b><\/a><\/p>\n<h3><a href=\"https:\/\/www.booking.com\/Share-G9Ilic\" target=\"_blank\" rel=\"noopener\"><b>Pousada Vila Serrano<\/b><\/a><\/h3>\n<p><span style=\"font-weight: 400;\">La <\/span><b>Vila Serrano<\/b><span style=\"font-weight: 400;\"> est un r\u00e9gal pour les yeux. Les installations sont magnifiques, permettant aux clients de passer un excellent moment dans des chambres spacieuses et climatis\u00e9es avec salles de bains privatives et balcons.<\/span><\/p>\n<p><span style=\"font-weight: 400;\">Les services les plus remarquables sont un spa exclusif, un d\u00e9licieux petit-d\u00e9jeuner buffet, une connexion Wi-Fi gratuite, des activit\u00e9s sp\u00e9ciales dans le parc national et un emplacement privil\u00e9gi\u00e9 \u2014 \u00e0 seulement 200 m\u00e8tres du centre-ville de Len\u00e7\u00f3is.<\/span><\/p>\n<ul>\n<li style=\"font-weight: 400;\" aria-level=\"1\"><b>Adresse :<\/b><span style=\"font-weight: 400;\"> R. Alto do Bonfim, 8<\/span><\/li>\n<li style=\"font-weight: 400;\" aria-level=\"1\"><b>Gamme de prix :<\/b><span style=\"font-weight: 400;\"> \u20ac\u20ac\u20ac<\/span><\/li>\n<\/ul>\n<div id=\"attachment_46517\" style=\"width: 1010px\" class=\"wp-caption alignnone\"><a href=\"https:\/\/booking.tp.st\/SGIWHNHB\"><img loading=\"lazy\" decoding=\"async\" aria-describedby=\"caption-attachment-46517\" class=\"wp-image-46517 size-full\" title=\"Cour de style colonial de la Pousada Vila Serrano \u00e0 Len\u00e7\u00f3is, avec des murs bleus et blancs et des jardins verdoyants.\" src=\"https:\/\/static.planetaexo.com\/wp-content\/uploads\/2025\/01\/pousada-vila-serrano-lencois.jpg.jpg\" alt=\"Cour de style colonial de la Pousada Vila Serrano \u00e0 Len\u00e7\u00f3is, avec des murs bleus et blancs et des jardins verdoyants.\" width=\"1000\" height=\"750\" srcset=\"https:\/\/static.planetaexo.com\/wp-content\/uploads\/2025\/01\/pousada-vila-serrano-lencois.jpg.jpg 1000w, https:\/\/static.planetaexo.com\/wp-content\/uploads\/2025\/01\/pousada-vila-serrano-lencois.jpg-300x225.jpg 300w, https:\/\/static.planetaexo.com\/wp-content\/uploads\/2025\/01\/pousada-vila-serrano-lencois.jpg-768x576.jpg 768w\" sizes=\"auto, (max-width: 1000px) 100vw, 1000px\" \/><\/a><p id=\"caption-attachment-46517\" class=\"wp-caption-text\">.<\/p><\/div>\n<h3><a href=\"https:\/\/www.booking.com\/Share-xuINbPv\" target=\"_blank\" rel=\"noopener\"><b>Casa Ant\u00f4nia<\/b><\/a><\/h3>\n<p><span style=\"font-weight: 400;\">\u00c0 seulement 900 m\u00e8tres du centre-ville de Len\u00e7\u00f3is, l&#8217;architecture moderne de la <\/span><b>Casa Ant\u00f4nia<\/b><span style=\"font-weight: 400;\"> m\u00eal\u00e9e \u00e0 des \u00e9l\u00e9ments naturels est l&#8217;un des points forts de cette charmante auberge.<\/span><\/p>\n<p><span style=\"font-weight: 400;\">Chaque chambre comprend des lits simples et\/ou doubles, la climatisation, une armoire, un bureau, une t\u00e9l\u00e9vision, ainsi que des balcons et salles de bains priv\u00e9s. Le petit-d\u00e9jeuner est tr\u00e8s appr\u00e9ci\u00e9 par les clients !<\/span><\/p>\n<ul>\n<li style=\"font-weight: 400;\" aria-level=\"1\"><b>Adresse :<\/b><span style=\"font-weight: 400;\"> Segunda Travessa Parque do Ribeir\u00e3o, S\/N \u2013 Ribeir\u00e3o do Meio<\/span><\/li>\n<li style=\"font-weight: 400;\" aria-level=\"1\"><b>Gamme de prix :<\/b><span style=\"font-weight: 400;\"> \u20ac\u20ac\u20ac\u20ac\u20ac<\/span><\/li>\n<\/ul>\n\n\t\t<style type=\"text\/css\">\n\t\t\t#gallery-2 {\n\t\t\t\tmargin: auto;\n\t\t\t}\n\t\t\t#gallery-2 .gallery-item {\n\t\t\t\tfloat: left;\n\t\t\t\tmargin-top: 10px;\n\t\t\t\ttext-align: center;\n\t\t\t\twidth: 50%;\n\t\t\t}\n\t\t\t#gallery-2 img {\n\t\t\t\tborder: 2px solid #cfcfcf;\n\t\t\t}\n\t\t\t#gallery-2 .gallery-caption {\n\t\t\t\tmargin-left: 0;\n\t\t\t}\n\t\t\t\/* see gallery_shortcode() in wp-includes\/media.php *\/\n\t\t<\/style>\n\t\t<div id='gallery-2' class='gallery galleryid-25995 gallery-columns-2 gallery-size-full'><dl class='gallery-item'>\n\t\t\t<dt class='gallery-icon portrait'>\n\t\t\t\t<img loading=\"lazy\" decoding=\"async\" width=\"750\" height=\"1000\" src=\"https:\/\/static.planetaexo.com\/wp-content\/uploads\/2025\/01\/Where-to-stay-in-Chapada-Diamantina.jpg\" class=\"attachment-full size-full\" alt=\"Espace de restauration ext\u00e9rieur moderne et une cabane en verre entour\u00e9e d&#039;\u00e9l\u00e9ments naturels \u00e0 l&#039;auberge Casa Ant\u00f4nia \u00e0 Len\u00e7\u00f3is\" aria-describedby=\"gallery-2-25631\" srcset=\"https:\/\/static.planetaexo.com\/wp-content\/uploads\/2025\/01\/Where-to-stay-in-Chapada-Diamantina.jpg 750w, https:\/\/static.planetaexo.com\/wp-content\/uploads\/2025\/01\/Where-to-stay-in-Chapada-Diamantina-225x300.jpg 225w, https:\/\/static.planetaexo.com\/wp-content\/uploads\/2025\/01\/Where-to-stay-in-Chapada-Diamantina-450x600.jpg 450w, https:\/\/static.planetaexo.com\/wp-content\/uploads\/2025\/01\/Where-to-stay-in-Chapada-Diamantina-350x467.jpg 350w\" sizes=\"auto, (max-width: 750px) 100vw, 750px\" \/>\n\t\t\t<\/dt>\n\t\t\t\t<dd class='wp-caption-text gallery-caption' id='gallery-2-25631'>\n\t\t\t\t.\n\t\t\t\t<\/dd><\/dl><dl class='gallery-item'>\n\t\t\t<dt class='gallery-icon portrait'>\n\t\t\t\t<img loading=\"lazy\" decoding=\"async\" width=\"750\" height=\"1000\" src=\"https:\/\/static.planetaexo.com\/wp-content\/uploads\/2025\/01\/where-to-stay-in-chapada-1.jpg\" class=\"attachment-full size-full\" alt=\"Un voyageur assis sur une terrasse en bois admire la vue panoramique sur les vastes vall\u00e9es verdoyantes et les montagnes de la Chapada Diamantina au coucher du soleil.\" aria-describedby=\"gallery-2-25636\" srcset=\"https:\/\/static.planetaexo.com\/wp-content\/uploads\/2025\/01\/where-to-stay-in-chapada-1.jpg 750w, https:\/\/static.planetaexo.com\/wp-content\/uploads\/2025\/01\/where-to-stay-in-chapada-1-225x300.jpg 225w, https:\/\/static.planetaexo.com\/wp-content\/uploads\/2025\/01\/where-to-stay-in-chapada-1-450x600.jpg 450w, https:\/\/static.planetaexo.com\/wp-content\/uploads\/2025\/01\/where-to-stay-in-chapada-1-350x467.jpg 350w\" sizes=\"auto, (max-width: 750px) 100vw, 750px\" \/>\n\t\t\t<\/dt>\n\t\t\t\t<dd class='wp-caption-text gallery-caption' id='gallery-2-25636'>\n\t\t\t\t.\n\t\t\t\t<\/dd><\/dl><br style=\"clear: both\" \/>\n\t\t<\/div>\n\n[divider line_type=&#8221;no-line&#8221; custom_height=&#8221;25&#8243;]\n<h3><a href=\"https:\/\/www.booking.com\/Share-XfXf5F\" target=\"_blank\" rel=\"noopener\"><b>Pousada Campo do Bosque<\/b><\/a><\/h3>\n<p><span style=\"font-weight: 400;\">Vous chercher <\/span><span style=\"font-weight: 400;\">o\u00f9 s\u00e9journer dans la Chapada Diamantina<\/span><span style=\"font-weight: 400;\"> avec un budget raisonnable ? <\/span><b>Canto do Bosque<\/b><span style=\"font-weight: 400;\"> est l&#8217;auberge parfaite pour les couples et les familles qui recherchent des services de bonne qualit\u00e9 et des prix justes.<\/span><\/p>\n<p><span style=\"font-weight: 400;\">Les chambres sont confortables et d\u00e9gagent de charmantes ondes br\u00e9siliennes, toutes comprenant des salles de bains privatives. Vous pouvez \u00e9galement vous d\u00e9tendre dans la piscine ou vous faire plaisir avec le petit-d\u00e9jeuner buffet \u00e0 volont\u00e9 servi tous les jours.<\/span><\/p>\n<ul>\n<li style=\"font-weight: 400;\" aria-level=\"1\"><b>Adresse :<\/b><span style=\"font-weight: 400;\"> Loteamento Parque do Ribeir\u00e3o, s\/n<\/span><\/li>\n<li style=\"font-weight: 400;\" aria-level=\"1\"><b>Gamme de prix :<\/b><span style=\"font-weight: 400;\"> \u20ac\u20ac\u20ac<\/span><\/li>\n<\/ul>\n<h3><a href=\"https:\/\/www.booking.com\/Share-mBeD0Fc\" target=\"_blank\" rel=\"noopener\"><b>Hotel Canto das \u00c1guas<\/b><\/a><\/h3>\n<p><span style=\"font-weight: 400;\">Sur les rives de la rivi\u00e8re Len\u00e7\u00f3is, le <\/span><b>Canto das \u00c1guas<\/b><span style=\"font-weight: 400;\"> est totalement immerg\u00e9 dans l&#8217;immensit\u00e9 de la nature environnante. Avec 43 h\u00e9bergements, il offre un confort absolu dans des chambres de trois cat\u00e9gories (Standard, Luxe et Diamant) \u00e9quip\u00e9es de lits douillets, de la climatisation, de minibars, de salles de bains privatives et d&#8217;une d\u00e9coration inspir\u00e9e par des artistes locaux.<\/span><\/p>\n<p><span style=\"font-weight: 400;\">\u00c0 seulement 200 m du centre historique de Len\u00e7\u00f3is, les clients peuvent \u00e9galement se d\u00e9tendre dans les jardins de l&#8217;h\u00f4tel ou manger un morceau au restaurant et au bar.<\/span><\/p>\n<ul>\n<li><b>Adresse :<\/b><span style=\"font-weight: 400;\"> Av. Sr. dos Passos, 01 &#8211; Centro<\/span><\/li>\n<li><b>Gamme de prix :<\/b><span style=\"font-weight: 400;\"> \u20ac\u20ac\u20ac\u20ac\u20ac<\/span><\/li>\n<\/ul>\n<div id=\"attachment_46512\" style=\"width: 1010px\" class=\"wp-caption alignnone\"><a href=\"https:\/\/booking.tp.st\/cxrG4okZ\"><img loading=\"lazy\" decoding=\"async\" aria-describedby=\"caption-attachment-46512\" class=\"wp-image-46512 size-full\" title=\"Piscine illumin\u00e9e et palmiers tropicaux la nuit \u00e0 l'Hotel Canto das \u00c1guas \u00e0 Len\u00e7\u00f3is.\" src=\"https:\/\/static.planetaexo.com\/wp-content\/uploads\/2025\/01\/hotel-canto-das-aguas-pool-lencois.jpg.jpg\" alt=\"Piscine illumin\u00e9e et palmiers tropicaux la nuit \u00e0 l'Hotel Canto das \u00c1guas \u00e0 Len\u00e7\u00f3is.\" width=\"1000\" height=\"750\" srcset=\"https:\/\/static.planetaexo.com\/wp-content\/uploads\/2025\/01\/hotel-canto-das-aguas-pool-lencois.jpg.jpg 1000w, https:\/\/static.planetaexo.com\/wp-content\/uploads\/2025\/01\/hotel-canto-das-aguas-pool-lencois.jpg-300x225.jpg 300w, https:\/\/static.planetaexo.com\/wp-content\/uploads\/2025\/01\/hotel-canto-das-aguas-pool-lencois.jpg-768x576.jpg 768w\" sizes=\"auto, (max-width: 1000px) 100vw, 1000px\" \/><\/a><p id=\"caption-attachment-46512\" class=\"wp-caption-text\">.<\/p><\/div>\n<h3><\/h3>\n<h3><a href=\"https:\/\/www.booking.com\/Share-CQNyNr\" target=\"_blank\" rel=\"noopener\"><b>Pouso da Trilha<\/b><\/a><\/h3>\n<p><span style=\"font-weight: 400;\">Dans le centre historique de Len\u00e7\u00f3is, le <\/span><b>Pouso da Trilha<\/b><span style=\"font-weight: 400;\"> est une maison coloniale transform\u00e9e en h\u00f4tel. Elle offre une belle exp\u00e9rience de s\u00e9jour avec des lits confortables, des mini-r\u00e9frig\u00e9rateurs, des ventilateurs de plafond ou la climatisation, et des salles de bains privatives.<\/span><\/p>\n<p><span style=\"font-weight: 400;\">Apr\u00e8s un d\u00e9licieux petit-d\u00e9jeuner buffet, les clients peuvent se rendre aux piscines naturelles de Ribeir\u00e3o do Meio et Serrano, \u00e0 seulement 30 minutes de marche !<\/span><\/p>\n<ul>\n<li style=\"font-weight: 400;\" aria-level=\"1\"><b>Adresse :<\/b><span style=\"font-weight: 400;\"> R. dos Mineiros, 60<\/span><\/li>\n<li style=\"font-weight: 400;\" aria-level=\"1\"><b>Gamme de prix :<\/b><span style=\"font-weight: 400;\"> \u20ac\u20ac<\/span><\/li>\n<\/ul>\n<div id=\"attachment_25718\" style=\"width: 1010px\" class=\"wp-caption aligncenter\"><a href=\"https:\/\/booking.tp.st\/cxrG4okZ\"><img loading=\"lazy\" decoding=\"async\" aria-describedby=\"caption-attachment-25718\" class=\"wp-image-25718 size-full\" title=\"Fa\u00e7ade bleu vif avec des encadrements de fen\u00eatres blancs et rouges de la Pousada Alto do Cajueiro sur une rue pav\u00e9e de Len\u00e7\u00f3is.\" src=\"https:\/\/static.planetaexo.com\/wp-content\/uploads\/2025\/01\/pouso-da-trilha-1-1.jpg\" alt=\"Fa\u00e7ade bleu vif avec des encadrements de fen\u00eatres blancs et rouges de la Pousada Alto do Cajueiro sur une rue pav\u00e9e de Len\u00e7\u00f3is.\" width=\"1000\" height=\"750\" srcset=\"https:\/\/static.planetaexo.com\/wp-content\/uploads\/2025\/01\/pouso-da-trilha-1-1.jpg 1000w, https:\/\/static.planetaexo.com\/wp-content\/uploads\/2025\/01\/pouso-da-trilha-1-1-300x225.jpg 300w, https:\/\/static.planetaexo.com\/wp-content\/uploads\/2025\/01\/pouso-da-trilha-1-1-768x576.jpg 768w\" sizes=\"auto, (max-width: 1000px) 100vw, 1000px\" \/><\/a><p id=\"caption-attachment-25718\" class=\"wp-caption-text\">.<\/p><\/div>\n<h3><\/h3>\n<h3><a href=\"https:\/\/www.booking.com\/Share-1f3fQE\" target=\"_blank\" rel=\"noopener\"><b>Pousada Alto do Cajueiro (\u20ac\u20ac)<\/b><\/a><\/h3>\n<p><span style=\"font-weight: 400;\">Qui a dit qu&#8217;un h\u00e9bergement \u00e9conomique ne pouvait pas \u00eatre beau et fournir d&#8217;excellents services ? La d\u00e9coration charmante et moderne de la <\/span><b>Pousada Alto do Cajueiro<\/b><span style=\"font-weight: 400;\"> n&#8217;est que la cerise sur le g\u00e2teau, car chaque chambre comprend des lits simples ou doubles, des ventilateurs de plafond, des armoires et des salles de bains priv\u00e9es.<\/span><\/p>\n<p><span style=\"font-weight: 400;\">Le service d&#8217;\u00e9tage, la conciergerie, la bagagerie et le petit-d\u00e9jeuner (buffet ou continental) sont \u00e9galement inclus. Pour un co\u00fbt suppl\u00e9mentaire, les clients peuvent louer des services de transfert a\u00e9roport.<\/span><\/p>\n<ul>\n<li style=\"font-weight: 400;\" aria-level=\"1\"><b>Adresse :<\/b><span style=\"font-weight: 400;\"> R. do Cajueiro, 161<\/span><\/li>\n<li style=\"font-weight: 400;\" aria-level=\"1\"><b>Gamme de prix :<\/b><span style=\"font-weight: 400;\"> \u20ac\u20ac<\/span><\/li>\n<\/ul>\n<h2><b>O\u00f9 s\u00e9journer \u00e0 Mucug\u00ea ?<\/b><\/h2>\n<p><span style=\"font-weight: 400;\">Lorsqu&#8217;on cherche <\/span><span style=\"font-weight: 400;\">o\u00f9 s\u00e9journer dans la Chapada Diamantina<\/span><span style=\"font-weight: 400;\">, <\/span><b>Mucug\u00ea<\/b><span style=\"font-weight: 400;\"> appara\u00eet toujours comme un choix de premier ordre pour des h\u00e9bergements de haute qualit\u00e9. Avec plus de 12 700 habitants, la ville ressemble \u00e0 l&#8217;architecture coloniale de Len\u00e7\u00f3is, mais elle est encore plus paisible, id\u00e9ale pour les personnes \u00e0 la recherche d&#8217;une retraite sereine.<\/span><\/p>\n<p><span style=\"font-weight: 400;\">De plus, de nombreux circuits de trekking vers le Vale do Pati d\u00e9marrent \u00e0 <\/span><b>Guin\u00e9<\/b><span style=\"font-weight: 400;\">, un petit village du district de Mucug\u00ea, \u00e0 une heure du centre-ville.<\/span><\/p>\n<p><span style=\"font-weight: 400;\">Des petites maisons color\u00e9es, des \u00e9glises historiques, un beau kiosque \u00e0 musique et des restaurants ornent la rue principale. Pour s&#8217;impr\u00e9gner pleinement de l&#8217;histoire et de la culture de Mucug\u00ea, les touristes aiment aussi visiter le cimeti\u00e8re byzantin, c\u00e9l\u00e8bre pour ses pierres tombales d&#8217;un blanc \u00e9clatant.<\/span><\/p>\n<div id=\"attachment_19471\" style=\"width: 1010px\" class=\"wp-caption alignnone\"><img loading=\"lazy\" decoding=\"async\" aria-describedby=\"caption-attachment-19471\" class=\"wp-image-19471 size-full\" title=\"Pierres tombales blanches \u00e9clatantes du cimeti\u00e8re historique byzantin construit \u00e0 flanc de montagne verdoyante et rocheuse de Mucug\u00ea.\" src=\"https:\/\/static.planetaexo.com\/wp-content\/uploads\/2022\/10\/cemiterio-bizantino-de-mucuge.jpg\" alt=\"Pierres tombales blanches \u00e9clatantes du cimeti\u00e8re historique byzantin construit \u00e0 flanc de montagne verdoyante et rocheuse de Mucug\u00ea.\" width=\"1000\" height=\"750\" srcset=\"https:\/\/static.planetaexo.com\/wp-content\/uploads\/2022\/10\/cemiterio-bizantino-de-mucuge.jpg 1000w, https:\/\/static.planetaexo.com\/wp-content\/uploads\/2022\/10\/cemiterio-bizantino-de-mucuge-300x225.jpg 300w, https:\/\/static.planetaexo.com\/wp-content\/uploads\/2022\/10\/cemiterio-bizantino-de-mucuge-768x576.jpg 768w\" sizes=\"auto, (max-width: 1000px) 100vw, 1000px\" \/><p id=\"caption-attachment-19471\" class=\"wp-caption-text\">Byzantine Cemetery of Mucug\u00ea<b style=\"font-size: 16px;\"><\/b><\/p><\/div>\n<h3><\/h3>\n<p><b>\ud83d\udc49 Lire la suite :\u00a0<\/b><a href=\"https:\/\/planetaexo.com\/fr\/blog\/quand-aller-a-la-chapada-diamantina\/\"><b>Quelle est la meilleure p\u00e9riode pour visiter la Chapada Diamantina ?<\/b><\/a><\/p>\n<h3><a href=\"https:\/\/www.booking.com\/Share-LNUAriG\" target=\"_blank\" rel=\"noopener\"><b>Pousada Monte Azul<\/b><\/a><\/h3>\n<p><span style=\"font-weight: 400;\">L&#8217;emplacement exceptionnel est l&#8217;un des points forts de la <\/span><b>Pousada Monte Azul<\/b><span style=\"font-weight: 400;\"> \u2014 \u00e0 seulement 500 m\u00e8tres du centre-ville de Mucug\u00ea, \u00e0 1,5 km de la rivi\u00e8re Paragua\u00e7u et \u00e0 7 km de Sib\u00e9ria, une magnifique cascade.<\/span><\/p>\n<p><span style=\"font-weight: 400;\">Les clients complimentent toujours l&#8217;incroyable cuisine br\u00e9silienne servie fra\u00eeche tous les jours au restaurant, le personnel attentionn\u00e9 et les chambres confortables, qui disposent de lits simples ou doubles, de t\u00e9l\u00e9visions, de mini-r\u00e9frig\u00e9rateurs, d&#8217;un d\u00e9cor rustique et de salles de bains priv\u00e9es.<\/span><\/p>\n<ul>\n<li><b>Adresse :<\/b><span style=\"font-weight: 400;\"> Av. Antonito Pina Medrado, 563<\/span><\/li>\n<li><b>Gamme de prix :<\/b><span style=\"font-weight: 400;\"> \u20ac\u20ac\u20ac\u20ac\u20ac<\/span><\/li>\n<\/ul>\n<div id=\"attachment_25473\" style=\"width: 1010px\" class=\"wp-caption aligncenter\"><img loading=\"lazy\" decoding=\"async\" aria-describedby=\"caption-attachment-25473\" class=\"wp-image-25473 size-full\" title=\"Ext\u00e9rieur rustique de la Pousada Monte Azul \u00e0 Mucug\u00ea illumin\u00e9e la nuit sous un ciel sombre.\" src=\"https:\/\/static.planetaexo.com\/wp-content\/uploads\/2025\/01\/Where-to-stay-in-Chapada-Diamantina-34.jpg\" alt=\"Ext\u00e9rieur rustique de la Pousada Monte Azul \u00e0 Mucug\u00ea illumin\u00e9e la nuit sous un ciel sombre.\" width=\"1000\" height=\"750\" srcset=\"https:\/\/static.planetaexo.com\/wp-content\/uploads\/2025\/01\/Where-to-stay-in-Chapada-Diamantina-34.jpg 1000w, https:\/\/static.planetaexo.com\/wp-content\/uploads\/2025\/01\/Where-to-stay-in-Chapada-Diamantina-34-300x225.jpg 300w, https:\/\/static.planetaexo.com\/wp-content\/uploads\/2025\/01\/Where-to-stay-in-Chapada-Diamantina-34-768x576.jpg 768w\" sizes=\"auto, (max-width: 1000px) 100vw, 1000px\" \/><p id=\"caption-attachment-25473\" class=\"wp-caption-text\">.<\/p><\/div>\n<h3><a href=\"https:\/\/www.booking.com\/Share-SMMfZwb\" target=\"_blank\" rel=\"noopener\"><b>Pousada Mucug\u00ea<\/b><\/a><\/h3>\n<p><span style=\"font-weight: 400;\">Un classique local, la <\/span><b>Pousada Mucug\u00ea<\/b><span style=\"font-weight: 400;\"> est modeste mais efficace, principalement recommand\u00e9e pour les personnes qui aiment explorer et ne retournent \u00e0 leur h\u00e9bergement que pour se reposer \u00e0 la fin de la journ\u00e9e.<\/span><\/p>\n<p><span style=\"font-weight: 400;\">Quoi qu&#8217;il en soit, elle offre une piscine, le Wi-Fi et un parking priv\u00e9. Des lits simples ou doubles, des salles de bains priv\u00e9es et des serviettes fra\u00eeches se trouvent dans les chambres douillettes.<\/span><\/p>\n<ul>\n<li><b>Adresse :<\/b><span style=\"font-weight: 400;\"> R. Dr. Rodrigues de Lima, 30 &#8211; Centro<\/span><\/li>\n<li><b>Gamme de prix :<\/b><span style=\"font-weight: 400;\"> \u20ac\u20ac\u20ac<\/span><\/li>\n<\/ul>\n<h3><a href=\"https:\/\/www.booking.com\/Share-gzn8vI\" target=\"_blank\" rel=\"noopener\"><b>Pousada Primavera<\/b><\/a><\/h3>\n<p><span style=\"font-weight: 400;\">\u00c0 seulement 5 minutes \u00e0 pied du centre-ville de Mucug\u00ea, la <\/span><b>Pousada Primavera<\/b><span style=\"font-weight: 400;\"> offre une ambiance sereine, parfaite pour les personnes qui souhaitent \u00e9chapper \u00e0 l&#8217;agitation de la vie quotidienne.<\/span><\/p>\n<p><span style=\"font-weight: 400;\">Trouvez des chalets avec des lits douillets, des hamacs, un excellent service et un copieux petit-d\u00e9jeuner tous les matins. Rentabilit\u00e9, confort et excellents services dans la m\u00eame exp\u00e9rience de s\u00e9jour !<\/span><\/p>\n<ul>\n<li><b>Adresse :<\/b><span style=\"font-weight: 400;\"> R. do Caboclo, 102 &#8211; Centro<\/span><\/li>\n<li><b>Gamme de prix :<\/b><span style=\"font-weight: 400;\"> \u20ac\u20ac\u20ac<\/span><\/li>\n<\/ul>\n<h3><a href=\"https:\/\/booking.tp.st\/n5GqoZqv\" target=\"_blank\" rel=\"noopener\"><b>Pousada Guin\u00e9<\/b><\/a><\/h3>\n<p><span style=\"font-weight: 400;\">La <\/span><b>Pousada Guin\u00e9<\/b><span style=\"font-weight: 400;\"> est un s\u00e9jour chaleureux dans le village de Guin\u00e9 \u2014 un endroit parfait pour les aventuriers qui veulent rester pr\u00e8s du point de d\u00e9part du trek du Vale do Pati \u2014 comprenant une terrasse bien expos\u00e9e, un jardin, un restaurant, un bar, le WiFi gratuit et un bar sur place.<\/span><\/p>\n<p><span style=\"font-weight: 400;\">Les chambres sont simples mais toujours confortables, \u00e9quip\u00e9es de lits douillets, de la climatisation et de salles de bains privatives. Les vues magnifiques depuis chaque unit\u00e9 rendent le s\u00e9jour encore meilleur !<\/span><\/p>\n<ul>\n<li><b>Adresse :<\/b><span style=\"font-weight: 400;\"> R. Eliezer Lima de Oliveira &#8211; Guin\u00e9<\/span><\/li>\n<li><b>Gamme de prix :<\/b><span style=\"font-weight: 400;\"> \u20ac\u20ac<\/span><\/li>\n<\/ul>\n<h2><b>O\u00f9 s\u00e9journer dans le Vale do Cap\u00e3o ?<\/b><\/h2>\n<p><span style=\"font-weight: 400;\">Dans le district de <\/span><b>Caet\u00e9-A\u00e7u<\/b><span style=\"font-weight: 400;\">, qui appartient \u00e0 la ville de <\/span><b>Palmeiras<\/b><span style=\"font-weight: 400;\">, le <\/span><b>Vale do Cap\u00e3o<\/b><span style=\"font-weight: 400;\"> est un petit village paisible de la r\u00e9gion.<\/span><\/p>\n<p><span style=\"font-weight: 400;\">Connu pour ses cascades impressionnantes, ses sentiers panoramiques et son atmosph\u00e8re d\u00e9contract\u00e9e, c&#8217;est une porte d&#8217;entr\u00e9e vers des randonn\u00e9es c\u00e9l\u00e8bres comme la cascade de Fuma\u00e7a et Morr\u00e3o, attirant les amoureux de la nature, les routards et les trekkeurs du monde entier \u00e0 la recherche d&#8217;une connexion profonde avec la nature.<\/span><\/p>\n<div id=\"attachment_25764\" style=\"width: 1010px\" class=\"wp-caption aligncenter\"><img loading=\"lazy\" decoding=\"async\" aria-describedby=\"caption-attachment-25764\" class=\"wp-image-25764 size-full\" title=\"Maisons color\u00e9es bordant la rue principale paisible du Vale do Cap\u00e3o avec une montagne massive rougeoyante au coucher du soleil.\" src=\"https:\/\/static.planetaexo.com\/wp-content\/uploads\/2025\/01\/vale-do-capao-1.jpg\" alt=\"Maisons color\u00e9es bordant la rue principale paisible du Vale do Cap\u00e3o avec une montagne massive rougeoyante au coucher du soleil.\" width=\"1000\" height=\"750\" srcset=\"https:\/\/static.planetaexo.com\/wp-content\/uploads\/2025\/01\/vale-do-capao-1.jpg 1000w, https:\/\/static.planetaexo.com\/wp-content\/uploads\/2025\/01\/vale-do-capao-1-300x225.jpg 300w, https:\/\/static.planetaexo.com\/wp-content\/uploads\/2025\/01\/vale-do-capao-1-768x576.jpg 768w\" sizes=\"auto, (max-width: 1000px) 100vw, 1000px\" \/><p id=\"caption-attachment-25764\" class=\"wp-caption-text\">.<\/p><\/div>\n<h3><a href=\"https:\/\/www.booking.com\/Share-nbUFOOh\" target=\"_blank\" rel=\"noopener\"><b>Pousada Amanhecer<\/b><\/a><\/h3>\n<p><span style=\"font-weight: 400;\">La <\/span><b>Pousada Amanhecer<\/b><span style=\"font-weight: 400;\"> est un h\u00e9bergement exceptionnel avec des installations sophistiqu\u00e9es et des vues naturelles \u00e9poustouflantes. Les espaces sociaux comprennent un jardin bien entretenu, un restaurant gastronomique, un bar, une aire de jeux et une piscine.<\/span><\/p>\n<p><span style=\"font-weight: 400;\">Les clients peuvent se d\u00e9tendre dans des suites et des bungalows haut de gamme avec des lits doubles, la climatisation, des mini-r\u00e9frig\u00e9rateurs, des cafeti\u00e8res, des balcons et salles de bains priv\u00e9s, ainsi que des \u00e9quipements de qualit\u00e9.<\/span><\/p>\n<ul>\n<li><b>Adresse :<\/b><span style=\"font-weight: 400;\"> S\u00edtio Povoado Caet\u00e9-A\u00e7u, 997 &#8211; Zona Rural, Palmeiras<\/span><\/li>\n<li><b>Gamme de prix :<\/b><span style=\"font-weight: 400;\"> \u20ac\u20ac\u20ac\u20ac\u20ac<\/span><\/li>\n<\/ul>\n<div id=\"attachment_25713\" style=\"width: 1010px\" class=\"wp-caption aligncenter\"><img loading=\"lazy\" decoding=\"async\" aria-describedby=\"caption-attachment-25713\" class=\"wp-image-25713 size-full\" title=\"Piscine moderne et architecture en b\u00e9ton sophistiqu\u00e9e de la Pousada Amanhecer surplombant les montagnes dans le Vale do Cap\u00e3o.\" src=\"https:\/\/static.planetaexo.com\/wp-content\/uploads\/2025\/01\/amanhecer-1.jpg\" alt=\"Piscine moderne et architecture en b\u00e9ton sophistiqu\u00e9e de la Pousada Amanhecer surplombant les montagnes dans le Vale do Cap\u00e3o.\" width=\"1000\" height=\"750\" srcset=\"https:\/\/static.planetaexo.com\/wp-content\/uploads\/2025\/01\/amanhecer-1.jpg 1000w, https:\/\/static.planetaexo.com\/wp-content\/uploads\/2025\/01\/amanhecer-1-300x225.jpg 300w, https:\/\/static.planetaexo.com\/wp-content\/uploads\/2025\/01\/amanhecer-1-768x576.jpg 768w\" sizes=\"auto, (max-width: 1000px) 100vw, 1000px\" \/><p id=\"caption-attachment-25713\" class=\"wp-caption-text\">.<\/p><\/div>\n<h3><\/h3>\n<h3><a href=\"https:\/\/www.booking.com\/Share-vOX5KO\" target=\"_blank\" rel=\"noopener\"><b>Pousada Aconchego<\/b><\/a><\/h3>\n<p><span style=\"font-weight: 400;\">Entour\u00e9e de plantes et orn\u00e9e par les montagnes \u00e0 l&#8217;horizon, la <\/span><b>Pousada Aconchego<\/b><span style=\"font-weight: 400;\"> offre une ambiance chaleureuse avec ses belles chambres, ses hamacs et son personnel amical.<\/span><\/p>\n<p><span style=\"font-weight: 400;\">Si vous avez un r\u00e9gime alimentaire restreint, pr\u00e9parez vos repas dans la cuisine et la caf\u00e9t\u00e9ria communes (ouvertes 24h\/24 et 7j\/7). L&#8217;infrastructure bucolique est souvent salu\u00e9e !<\/span><\/p>\n<ul>\n<li><b>Adresse :<\/b><span style=\"font-weight: 400;\"> R. da Vila, s\/n &#8211; Centro<\/span><\/li>\n<li><b>Gamme de prix :<\/b><span style=\"font-weight: 400;\"> \u20ac\u20ac\u20ac<\/span><\/li>\n<\/ul>\n<h3><a href=\"https:\/\/booking.tp.st\/eU5mzkvm\" target=\"_blank\" rel=\"noopener\"><b>Pousada do Cap\u00e3o<\/b><\/a><\/h3>\n<p><span style=\"font-weight: 400;\">Si vous cherchez un h\u00e9bergement paisible dams la Chapada Diamantina, la Pousada do Cap\u00e3o est un excellent choix. L&#8217;h\u00e9bergement propose des chambres douillettes et bien entretenues, un parking gratuit, le Wi-Fi gratuit, des salles de bains privatives et un d\u00e9licieux petit-d\u00e9jeuner tous les matins.<\/span><\/p>\n<p><span style=\"font-weight: 400;\">Le personnel amical est toujours disponible pour offrir des recommandations sur les randonn\u00e9es et les activit\u00e9s dans la r\u00e9gion. Un endroit parfait pour les amoureux de la nature \u00e0 la recherche de confort et de tranquillit\u00e9 !<\/span><\/p>\n<ul>\n<li><b>Adresse :<\/b><span style=\"font-weight: 400;\"> R. Chamego, s\/n &#8211; Centro<\/span><\/li>\n<li><b>Gamme de prix :<\/b><span style=\"font-weight: 400;\"> \u20ac\u20ac\u20ac<\/span><\/li>\n<\/ul>\n<h3><a href=\"https:\/\/www.booking.com\/Share-bHNaly\" target=\"_blank\" rel=\"noopener\"><b>Pousada P\u00e9 no Mato<\/b><\/a><\/h3>\n<p><span style=\"font-weight: 400;\">Lorsqu&#8217;il s&#8217;agit de trouver un endroit abordable <\/span><span style=\"font-weight: 400;\">o\u00f9 s\u00e9journer dans la Chapada Diamantina<\/span><span style=\"font-weight: 400;\">, la <\/span><b>Pousada P\u00e9 no Mato<\/b><span style=\"font-weight: 400;\"> est une excellente option. Particuli\u00e8rement recommand\u00e9e pour les jeunes voyageurs et les couples, il n&#8217;y a pas de service de restauration, mais les clients peuvent cuisiner dans la cuisine commune ou explorer les saveurs des restaurants du Vale do Cap\u00e3o \u2014 \u00e0 seulement quelques minutes de marche.<\/span><\/p>\n<p><span style=\"font-weight: 400;\">Profitez de chambres confortables avec des lits doubles ou simples, des salles de bains priv\u00e9es, des hamacs et un espace de cotravail. \u00c0 proximit\u00e9, vous trouverez des sentiers de randonn\u00e9e pour la cascade de Fuma\u00e7a et le Vale do Pati.<\/span><\/p>\n<ul>\n<li><b>Adresse :<\/b><span style=\"font-weight: 400;\"> R. da Vila, 02 &#8211; Vale do Cap\u00e3o<\/span><\/li>\n<li><b>Gamme de prix :<\/b><span style=\"font-weight: 400;\"> \u20ac\u20ac<\/span><\/li>\n<\/ul>\n<div id=\"attachment_25835\" style=\"width: 1010px\" class=\"wp-caption alignnone\"><img loading=\"lazy\" decoding=\"async\" aria-describedby=\"caption-attachment-25835\" class=\"wp-image-25835 size-full\" title=\"Un jardin circulaire bien entretenu avec une fontaine en pierre dans une retraite paisible, encadr\u00e9 par des montagnes verdoyantes.\" src=\"https:\/\/static.planetaexo.com\/wp-content\/uploads\/2025\/01\/horizontal.png\" alt=\"Un jardin circulaire bien entretenu avec une fontaine en pierre dans une retraite paisible, encadr\u00e9 par des montagnes verdoyantes.\" width=\"1000\" height=\"750\" srcset=\"https:\/\/static.planetaexo.com\/wp-content\/uploads\/2025\/01\/horizontal.png 1000w, https:\/\/static.planetaexo.com\/wp-content\/uploads\/2025\/01\/horizontal-300x225.png 300w, https:\/\/static.planetaexo.com\/wp-content\/uploads\/2025\/01\/horizontal-768x576.png 768w\" sizes=\"auto, (max-width: 1000px) 100vw, 1000px\" \/><p id=\"caption-attachment-25835\" class=\"wp-caption-text\">.<\/p><\/div>\n<h2><b>R\u00e9servez votre voyage dans la Chapada Diamantina avec PlanetaEXO<\/b><\/h2>\n<p><span style=\"font-weight: 400;\">Maintenant que vous connaissez certains des meilleurs h\u00f4tels de la r\u00e9gion, que diriez-vous de commencer \u00e0 planifier votre voyage d\u00e8s maintenant ?<\/span><\/p>\n<p><b>PlanetaEXO<\/b><span style=\"font-weight: 400;\">, une plateforme d&#8217;\u00e9cotourisme sp\u00e9cialis\u00e9e dans les <\/span><a href=\"https:\/\/planetaexo.com\/trips\/fr\/destinations\/bresil\/chapada-diamantina-excursions\/\"><b>excursions dans la Chapada Diamantina<\/b><\/a><span style=\"font-weight: 400;\">, travaille avec les meilleurs op\u00e9rateurs locaux pour garantir une exp\u00e9rience inoubliable, incluant des auberges de luxe ou \u00e9conomiques et des habitants du parc national.<\/span><a href=\"https:\/\/planetaexo.com\/fr\/contact\/\"> <b>Contactez-nous d\u00e8s maintenant !<\/b><\/a><\/p>\n","protected":false},"excerpt":{"rendered":"<p>D\u00e9couvrez o\u00f9 s\u00e9journer dans le parc national de la Chapada Diamantina depuis les villes portes d&#8217;entr\u00e9e, ainsi que les options d&#8217;h\u00e9bergement pour les randonneurs au Vale do Pati. La Chapada&#8230;<\/p>\n","protected":false},"author":19,"featured_media":25859,"comment_status":"closed","ping_status":"open","sticky":false,"template":"","format":"standard","meta":{"_acf_changed":false,"content-type":"","footnotes":""},"categories":[279],"tags":[281],"class_list":{"0":"post-25995","1":"post","2":"type-post","3":"status-publish","4":"format-standard","5":"has-post-thumbnail","7":"category-chapada-diamantina","8":"tag-chapada-diamantina-fr"},"acf":[],"yoast_head":"<!-- This site is optimized with the Yoast SEO Premium plugin v27.4 (Yoast SEO v27.4) - https:\/\/yoast.com\/product\/yoast-seo-premium-wordpress\/ -->\n<title>O\u00f9 s\u00e9journer dans la Chapada Diamantina ? - PlanetaEXO<\/title>\n<meta name=\"description\" content=\"D\u00e9couvrez o\u00f9 s\u00e9journer dans le parc national de la Chapada Diamantina, des auberges chaleureuses dans les villes portes d&#039;entr\u00e9e aux h\u00e9bergements authentiques chez l&#039;habitant sur le circuit du Vale do Pati.\" \/>\n<meta name=\"robots\" content=\"index, follow, max-snippet:-1, max-image-preview:large, max-video-preview:-1\" \/>\n<link rel=\"canonical\" href=\"https:\/\/planetaexo.com\/fr\/blog\/ou-sejourner-chapada-diamantina-bresil\/\" \/>\n<meta property=\"og:locale\" content=\"fr_FR\" \/>\n<meta property=\"og:type\" content=\"article\" \/>\n<meta property=\"og:title\" content=\"O\u00f9 s\u00e9journer dans la Chapada Diamantina ?\" \/>\n<meta property=\"og:description\" content=\"D\u00e9couvrez o\u00f9 s\u00e9journer dans le parc national de la Chapada Diamantina, des auberges chaleureuses dans les villes portes d&#039;entr\u00e9e aux h\u00e9bergements authentiques chez l&#039;habitant sur le circuit du Vale do Pati.\" \/>\n<meta property=\"og:url\" content=\"https:\/\/planetaexo.com\/fr\/blog\/ou-sejourner-chapada-diamantina-bresil\/\" \/>\n<meta property=\"og:site_name\" content=\"PlanetaEXO\" \/>\n<meta property=\"article:published_time\" content=\"2026-01-27T18:55:51+00:00\" \/>\n<meta property=\"article:modified_time\" content=\"2026-04-23T18:47:01+00:00\" \/>\n<meta property=\"og:image\" content=\"https:\/\/static.planetaexo.com\/wp-content\/uploads\/2025\/01\/FEATURED-BLOG-1000-x-450-px-1-1.png\" \/>\n\t<meta property=\"og:image:width\" content=\"1000\" \/>\n\t<meta property=\"og:image:height\" content=\"450\" \/>\n\t<meta property=\"og:image:type\" content=\"image\/png\" \/>\n<meta name=\"author\" content=\"Lucas Ribeiro\" \/>\n<meta name=\"twitter:card\" content=\"summary_large_image\" \/>\n<meta name=\"twitter:label1\" content=\"\u00c9crit par\" \/>\n\t<meta name=\"twitter:data1\" content=\"Lucas Ribeiro\" \/>\n\t<meta name=\"twitter:label2\" content=\"Dur\u00e9e de lecture estim\u00e9e\" \/>\n\t<meta name=\"twitter:data2\" content=\"12 minutes\" \/>\n<script type=\"application\/ld+json\" class=\"yoast-schema-graph\">{\"@context\":\"https:\\\/\\\/schema.org\",\"@graph\":[{\"@type\":\"Article\",\"@id\":\"https:\\\/\\\/planetaexo.com\\\/fr\\\/blog\\\/ou-sejourner-chapada-diamantina-bresil\\\/#article\",\"isPartOf\":{\"@id\":\"https:\\\/\\\/planetaexo.com\\\/fr\\\/blog\\\/ou-sejourner-chapada-diamantina-bresil\\\/\"},\"author\":{\"name\":\"Lucas Ribeiro\",\"@id\":\"https:\\\/\\\/planetaexo.com\\\/fr\\\/#\\\/schema\\\/person\\\/aea53905ad0bd76e66bbb81bd5650170\"},\"headline\":\"O\u00f9 s\u00e9journer dans la Chapada Diamantina ?\",\"datePublished\":\"2026-01-27T18:55:51+00:00\",\"dateModified\":\"2026-04-23T18:47:01+00:00\",\"mainEntityOfPage\":{\"@id\":\"https:\\\/\\\/planetaexo.com\\\/fr\\\/blog\\\/ou-sejourner-chapada-diamantina-bresil\\\/\"},\"wordCount\":2345,\"publisher\":{\"@id\":\"https:\\\/\\\/planetaexo.com\\\/fr\\\/#organization\"},\"image\":{\"@id\":\"https:\\\/\\\/planetaexo.com\\\/fr\\\/blog\\\/ou-sejourner-chapada-diamantina-bresil\\\/#primaryimage\"},\"thumbnailUrl\":\"https:\\\/\\\/planetaexo.com\\\/wp-content\\\/uploads\\\/2025\\\/01\\\/FEATURED-BLOG-1000-x-450-px-1-1.png\",\"keywords\":[\"Chapada Diamantina\"],\"articleSection\":[\"Chapada Diamantina\"],\"inLanguage\":\"fr-FR\"},{\"@type\":\"WebPage\",\"@id\":\"https:\\\/\\\/planetaexo.com\\\/fr\\\/blog\\\/ou-sejourner-chapada-diamantina-bresil\\\/\",\"url\":\"https:\\\/\\\/planetaexo.com\\\/fr\\\/blog\\\/ou-sejourner-chapada-diamantina-bresil\\\/\",\"name\":\"O\u00f9 s\u00e9journer dans la Chapada Diamantina ? - PlanetaEXO\",\"isPartOf\":{\"@id\":\"https:\\\/\\\/planetaexo.com\\\/fr\\\/#website\"},\"primaryImageOfPage\":{\"@id\":\"https:\\\/\\\/planetaexo.com\\\/fr\\\/blog\\\/ou-sejourner-chapada-diamantina-bresil\\\/#primaryimage\"},\"image\":{\"@id\":\"https:\\\/\\\/planetaexo.com\\\/fr\\\/blog\\\/ou-sejourner-chapada-diamantina-bresil\\\/#primaryimage\"},\"thumbnailUrl\":\"https:\\\/\\\/planetaexo.com\\\/wp-content\\\/uploads\\\/2025\\\/01\\\/FEATURED-BLOG-1000-x-450-px-1-1.png\",\"datePublished\":\"2026-01-27T18:55:51+00:00\",\"dateModified\":\"2026-04-23T18:47:01+00:00\",\"description\":\"D\u00e9couvrez o\u00f9 s\u00e9journer dans le parc national de la Chapada Diamantina, des auberges chaleureuses dans les villes portes d'entr\u00e9e aux h\u00e9bergements authentiques chez l'habitant sur le circuit du Vale do Pati.\",\"breadcrumb\":{\"@id\":\"https:\\\/\\\/planetaexo.com\\\/fr\\\/blog\\\/ou-sejourner-chapada-diamantina-bresil\\\/#breadcrumb\"},\"inLanguage\":\"fr-FR\",\"potentialAction\":[{\"@type\":\"ReadAction\",\"target\":[\"https:\\\/\\\/planetaexo.com\\\/fr\\\/blog\\\/ou-sejourner-chapada-diamantina-bresil\\\/\"]}]},{\"@type\":\"ImageObject\",\"inLanguage\":\"fr-FR\",\"@id\":\"https:\\\/\\\/planetaexo.com\\\/fr\\\/blog\\\/ou-sejourner-chapada-diamantina-bresil\\\/#primaryimage\",\"url\":\"https:\\\/\\\/planetaexo.com\\\/wp-content\\\/uploads\\\/2025\\\/01\\\/FEATURED-BLOG-1000-x-450-px-1-1.png\",\"contentUrl\":\"https:\\\/\\\/planetaexo.com\\\/wp-content\\\/uploads\\\/2025\\\/01\\\/FEATURED-BLOG-1000-x-450-px-1-1.png\",\"width\":1000,\"height\":450},{\"@type\":\"BreadcrumbList\",\"@id\":\"https:\\\/\\\/planetaexo.com\\\/fr\\\/blog\\\/ou-sejourner-chapada-diamantina-bresil\\\/#breadcrumb\",\"itemListElement\":[{\"@type\":\"ListItem\",\"position\":1,\"name\":\"Home\",\"item\":\"https:\\\/\\\/planetaexo.com\\\/fr\\\/\"},{\"@type\":\"ListItem\",\"position\":2,\"name\":\"O\u00f9 s\u00e9journer dans la Chapada Diamantina ?\"}]},{\"@type\":\"WebSite\",\"@id\":\"https:\\\/\\\/planetaexo.com\\\/fr\\\/#website\",\"url\":\"https:\\\/\\\/planetaexo.com\\\/fr\\\/\",\"name\":\"PlanetaEXO\",\"description\":\"Live an Adventure\",\"publisher\":{\"@id\":\"https:\\\/\\\/planetaexo.com\\\/fr\\\/#organization\"},\"potentialAction\":[{\"@type\":\"SearchAction\",\"target\":{\"@type\":\"EntryPoint\",\"urlTemplate\":\"https:\\\/\\\/planetaexo.com\\\/fr\\\/?s={search_term_string}\"},\"query-input\":{\"@type\":\"PropertyValueSpecification\",\"valueRequired\":true,\"valueName\":\"search_term_string\"}}],\"inLanguage\":\"fr-FR\"},{\"@type\":\"Organization\",\"@id\":\"https:\\\/\\\/planetaexo.com\\\/fr\\\/#organization\",\"name\":\"PlanetaEXO\",\"url\":\"https:\\\/\\\/planetaexo.com\\\/fr\\\/\",\"logo\":{\"@type\":\"ImageObject\",\"inLanguage\":\"fr-FR\",\"@id\":\"https:\\\/\\\/planetaexo.com\\\/fr\\\/#\\\/schema\\\/logo\\\/image\\\/\",\"url\":\"https:\\\/\\\/planetaexo.com\\\/wp-content\\\/uploads\\\/2023\\\/10\\\/cropped-favicon_logoexo-min-1.png\",\"contentUrl\":\"https:\\\/\\\/planetaexo.com\\\/wp-content\\\/uploads\\\/2023\\\/10\\\/cropped-favicon_logoexo-min-1.png\",\"width\":512,\"height\":512,\"caption\":\"PlanetaEXO\"},\"image\":{\"@id\":\"https:\\\/\\\/planetaexo.com\\\/fr\\\/#\\\/schema\\\/logo\\\/image\\\/\"},\"sameAs\":[\"https:\\\/\\\/instagram.com\\\/planetaexo\"]},{\"@type\":\"Person\",\"@id\":\"https:\\\/\\\/planetaexo.com\\\/fr\\\/#\\\/schema\\\/person\\\/aea53905ad0bd76e66bbb81bd5650170\",\"name\":\"Lucas Ribeiro\",\"image\":{\"@type\":\"ImageObject\",\"inLanguage\":\"fr-FR\",\"@id\":\"https:\\\/\\\/secure.gravatar.com\\\/avatar\\\/2bc95aa079871738caab41d9f1cfe51270c4b4810c308a80d55f0b3b80de8efe?s=96&d=mm&r=g\",\"url\":\"https:\\\/\\\/secure.gravatar.com\\\/avatar\\\/2bc95aa079871738caab41d9f1cfe51270c4b4810c308a80d55f0b3b80de8efe?s=96&d=mm&r=g\",\"contentUrl\":\"https:\\\/\\\/secure.gravatar.com\\\/avatar\\\/2bc95aa079871738caab41d9f1cfe51270c4b4810c308a80d55f0b3b80de8efe?s=96&d=mm&r=g\",\"caption\":\"Lucas Ribeiro\"},\"url\":\"https:\\\/\\\/planetaexo.com\\\/fr\\\/blog\\\/author\\\/lucasribeiro\\\/\"}]}<\/script>\n<!-- \/ Yoast SEO Premium plugin. -->","yoast_head_json":{"title":"O\u00f9 s\u00e9journer dans la Chapada Diamantina ? - PlanetaEXO","description":"D\u00e9couvrez o\u00f9 s\u00e9journer dans le parc national de la Chapada Diamantina, des auberges chaleureuses dans les villes portes d'entr\u00e9e aux h\u00e9bergements authentiques chez l'habitant sur le circuit du Vale do Pati.","robots":{"index":"index","follow":"follow","max-snippet":"max-snippet:-1","max-image-preview":"max-image-preview:large","max-video-preview":"max-video-preview:-1"},"canonical":"https:\/\/planetaexo.com\/fr\/blog\/ou-sejourner-chapada-diamantina-bresil\/","og_locale":"fr_FR","og_type":"article","og_title":"O\u00f9 s\u00e9journer dans la Chapada Diamantina ?","og_description":"D\u00e9couvrez o\u00f9 s\u00e9journer dans le parc national de la Chapada Diamantina, des auberges chaleureuses dans les villes portes d'entr\u00e9e aux h\u00e9bergements authentiques chez l'habitant sur le circuit du Vale do Pati.","og_url":"https:\/\/planetaexo.com\/fr\/blog\/ou-sejourner-chapada-diamantina-bresil\/","og_site_name":"PlanetaEXO","article_published_time":"2026-01-27T18:55:51+00:00","article_modified_time":"2026-04-23T18:47:01+00:00","og_image":[{"width":1000,"height":450,"url":"https:\/\/static.planetaexo.com\/wp-content\/uploads\/2025\/01\/FEATURED-BLOG-1000-x-450-px-1-1.png","type":"image\/png"}],"author":"Lucas Ribeiro","twitter_card":"summary_large_image","twitter_misc":{"\u00c9crit par":"Lucas Ribeiro","Dur\u00e9e de lecture estim\u00e9e":"12 minutes"},"schema":{"@context":"https:\/\/schema.org","@graph":[{"@type":"Article","@id":"https:\/\/planetaexo.com\/fr\/blog\/ou-sejourner-chapada-diamantina-bresil\/#article","isPartOf":{"@id":"https:\/\/planetaexo.com\/fr\/blog\/ou-sejourner-chapada-diamantina-bresil\/"},"author":{"name":"Lucas Ribeiro","@id":"https:\/\/planetaexo.com\/fr\/#\/schema\/person\/aea53905ad0bd76e66bbb81bd5650170"},"headline":"O\u00f9 s\u00e9journer dans la Chapada Diamantina ?","datePublished":"2026-01-27T18:55:51+00:00","dateModified":"2026-04-23T18:47:01+00:00","mainEntityOfPage":{"@id":"https:\/\/planetaexo.com\/fr\/blog\/ou-sejourner-chapada-diamantina-bresil\/"},"wordCount":2345,"publisher":{"@id":"https:\/\/planetaexo.com\/fr\/#organization"},"image":{"@id":"https:\/\/planetaexo.com\/fr\/blog\/ou-sejourner-chapada-diamantina-bresil\/#primaryimage"},"thumbnailUrl":"https:\/\/static.planetaexo.com\/wp-content\/uploads\/2025\/01\/FEATURED-BLOG-1000-x-450-px-1-1.png","keywords":["Chapada Diamantina"],"articleSection":["Chapada Diamantina"],"inLanguage":"fr-FR"},{"@type":"WebPage","@id":"https:\/\/planetaexo.com\/fr\/blog\/ou-sejourner-chapada-diamantina-bresil\/","url":"https:\/\/planetaexo.com\/fr\/blog\/ou-sejourner-chapada-diamantina-bresil\/","name":"O\u00f9 s\u00e9journer dans la Chapada Diamantina ? - PlanetaEXO","isPartOf":{"@id":"https:\/\/planetaexo.com\/fr\/#website"},"primaryImageOfPage":{"@id":"https:\/\/planetaexo.com\/fr\/blog\/ou-sejourner-chapada-diamantina-bresil\/#primaryimage"},"image":{"@id":"https:\/\/planetaexo.com\/fr\/blog\/ou-sejourner-chapada-diamantina-bresil\/#primaryimage"},"thumbnailUrl":"https:\/\/static.planetaexo.com\/wp-content\/uploads\/2025\/01\/FEATURED-BLOG-1000-x-450-px-1-1.png","datePublished":"2026-01-27T18:55:51+00:00","dateModified":"2026-04-23T18:47:01+00:00","description":"D\u00e9couvrez o\u00f9 s\u00e9journer dans le parc national de la Chapada Diamantina, des auberges chaleureuses dans les villes portes d'entr\u00e9e aux h\u00e9bergements authentiques chez l'habitant sur le circuit du Vale do Pati.","breadcrumb":{"@id":"https:\/\/planetaexo.com\/fr\/blog\/ou-sejourner-chapada-diamantina-bresil\/#breadcrumb"},"inLanguage":"fr-FR","potentialAction":[{"@type":"ReadAction","target":["https:\/\/planetaexo.com\/fr\/blog\/ou-sejourner-chapada-diamantina-bresil\/"]}]},{"@type":"ImageObject","inLanguage":"fr-FR","@id":"https:\/\/planetaexo.com\/fr\/blog\/ou-sejourner-chapada-diamantina-bresil\/#primaryimage","url":"https:\/\/static.planetaexo.com\/wp-content\/uploads\/2025\/01\/FEATURED-BLOG-1000-x-450-px-1-1.png","contentUrl":"https:\/\/static.planetaexo.com\/wp-content\/uploads\/2025\/01\/FEATURED-BLOG-1000-x-450-px-1-1.png","width":1000,"height":450},{"@type":"BreadcrumbList","@id":"https:\/\/planetaexo.com\/fr\/blog\/ou-sejourner-chapada-diamantina-bresil\/#breadcrumb","itemListElement":[{"@type":"ListItem","position":1,"name":"Home","item":"https:\/\/planetaexo.com\/fr\/"},{"@type":"ListItem","position":2,"name":"O\u00f9 s\u00e9journer dans la Chapada Diamantina ?"}]},{"@type":"WebSite","@id":"https:\/\/planetaexo.com\/fr\/#website","url":"https:\/\/planetaexo.com\/fr\/","name":"PlanetaEXO","description":"Live an Adventure","publisher":{"@id":"https:\/\/planetaexo.com\/fr\/#organization"},"potentialAction":[{"@type":"SearchAction","target":{"@type":"EntryPoint","urlTemplate":"https:\/\/planetaexo.com\/fr\/?s={search_term_string}"},"query-input":{"@type":"PropertyValueSpecification","valueRequired":true,"valueName":"search_term_string"}}],"inLanguage":"fr-FR"},{"@type":"Organization","@id":"https:\/\/planetaexo.com\/fr\/#organization","name":"PlanetaEXO","url":"https:\/\/planetaexo.com\/fr\/","logo":{"@type":"ImageObject","inLanguage":"fr-FR","@id":"https:\/\/planetaexo.com\/fr\/#\/schema\/logo\/image\/","url":"https:\/\/static.planetaexo.com\/wp-content\/uploads\/2023\/10\/cropped-favicon_logoexo-min-1.png","contentUrl":"https:\/\/static.planetaexo.com\/wp-content\/uploads\/2023\/10\/cropped-favicon_logoexo-min-1.png","width":512,"height":512,"caption":"PlanetaEXO"},"image":{"@id":"https:\/\/planetaexo.com\/fr\/#\/schema\/logo\/image\/"},"sameAs":["https:\/\/instagram.com\/planetaexo"]},{"@type":"Person","@id":"https:\/\/planetaexo.com\/fr\/#\/schema\/person\/aea53905ad0bd76e66bbb81bd5650170","name":"Lucas Ribeiro","image":{"@type":"ImageObject","inLanguage":"fr-FR","@id":"https:\/\/secure.gravatar.com\/avatar\/2bc95aa079871738caab41d9f1cfe51270c4b4810c308a80d55f0b3b80de8efe?s=96&d=mm&r=g","url":"https:\/\/secure.gravatar.com\/avatar\/2bc95aa079871738caab41d9f1cfe51270c4b4810c308a80d55f0b3b80de8efe?s=96&d=mm&r=g","contentUrl":"https:\/\/secure.gravatar.com\/avatar\/2bc95aa079871738caab41d9f1cfe51270c4b4810c308a80d55f0b3b80de8efe?s=96&d=mm&r=g","caption":"Lucas Ribeiro"},"url":"https:\/\/planetaexo.com\/fr\/blog\/author\/lucasribeiro\/"}]}},"_links":{"self":[{"href":"https:\/\/planetaexo.com\/fr\/wp-json\/wp\/v2\/posts\/25995","targetHints":{"allow":["GET"]}}],"collection":[{"href":"https:\/\/planetaexo.com\/fr\/wp-json\/wp\/v2\/posts"}],"about":[{"href":"https:\/\/planetaexo.com\/fr\/wp-json\/wp\/v2\/types\/post"}],"author":[{"embeddable":true,"href":"https:\/\/planetaexo.com\/fr\/wp-json\/wp\/v2\/users\/19"}],"replies":[{"embeddable":true,"href":"https:\/\/planetaexo.com\/fr\/wp-json\/wp\/v2\/comments?post=25995"}],"version-history":[{"count":19,"href":"https:\/\/planetaexo.com\/fr\/wp-json\/wp\/v2\/posts\/25995\/revisions"}],"predecessor-version":[{"id":47470,"href":"https:\/\/planetaexo.com\/fr\/wp-json\/wp\/v2\/posts\/25995\/revisions\/47470"}],"wp:featuredmedia":[{"embeddable":true,"href":"https:\/\/planetaexo.com\/fr\/wp-json\/wp\/v2\/media\/25859"}],"wp:attachment":[{"href":"https:\/\/planetaexo.com\/fr\/wp-json\/wp\/v2\/media?parent=25995"}],"wp:term":[{"taxonomy":"category","embeddable":true,"href":"https:\/\/planetaexo.com\/fr\/wp-json\/wp\/v2\/categories?post=25995"},{"taxonomy":"post_tag","embeddable":true,"href":"https:\/\/planetaexo.com\/fr\/wp-json\/wp\/v2\/tags?post=25995"}],"curies":[{"name":"wp","href":"https:\/\/api.w.org\/{rel}","templated":true}]}}