{"id":17031,"date":"2024-05-05T22:58:10","date_gmt":"2024-05-05T22:58:10","guid":{"rendered":"https:\/\/planetaexo.com\/blog\/vale-do-pati-trek\/"},"modified":"2026-04-22T14:48:56","modified_gmt":"2026-04-22T14:48:56","slug":"guide-de-voyage-vale-do-pati-chapada-diamantina","status":"publish","type":"post","link":"https:\/\/planetaexo.com\/fr\/blog\/guide-de-voyage-vale-do-pati-chapada-diamantina\/","title":{"rendered":"Comment visiter le Vale do Pati dans la Chapada Diamantina : Guide de voyage"},"content":{"rendered":"<h2><em>Apprenez tout ce que vous devez savoir pour voyager au Vale do Pati dans la Chapada Diamantina, y compris comment s&#8217;y rendre, la meilleure p\u00e9riode pour le visiter, les principales activit\u00e9s \u00e0 faire et bien plus encore !<\/em><\/h2>\n<p><span style=\"font-weight: 400;\">Le <\/span><b>Vale do Pati<\/b><span style=\"font-weight: 400;\"> (ou <\/span><b>Vall\u00e9e de Pati<\/b><span style=\"font-weight: 400;\">) est l&#8217;une des zones les plus visit\u00e9es du<\/span> <a href=\"https:\/\/planetaexo.com\/fr\/blog\/parc-national-de-la-chapada-diamantina-guide-de-voyage\/\"><b>parc national de la Chapada Diamantina<\/b><\/a><span style=\"font-weight: 400;\"> en raison de ses vastes r\u00e9seaux de sentiers \u00e0 travers les montagnes, les cascades, les rivi\u00e8res et les grottes. Consid\u00e9r\u00e9 comme <\/span><b>l&#8217;un des meilleurs treks au monde<\/b><span style=\"font-weight: 400;\">, c&#8217;est une destination de choix pour les passionn\u00e9s de nature !<\/span><\/p>\n<p><span style=\"font-weight: 400;\">La r\u00e9gion abrite \u00e9galement <\/span><b>des familles qui ouvrent leurs portes pour accueillir les visiteurs<\/b><span style=\"font-weight: 400;\"> et leur offrir un endroit o\u00f9 passer la nuit. L&#8217;authenticit\u00e9 et l&#8217;immersion dans la culture locale sont les points forts de ce mode d&#8217;h\u00e9bergement, mais c&#8217;est aussi un excellent moyen de <\/span><b>soutenir les petites communaut\u00e9s et le parc lui-m\u00eame<\/b><span style=\"font-weight: 400;\">.<\/span><\/p>\n<div id=\"attachment_46548\" style=\"width: 1010px\" class=\"wp-caption alignnone\"><img loading=\"lazy\" decoding=\"async\" aria-describedby=\"caption-attachment-46548\" class=\"wp-image-46548 size-full\" title=\"Un groupe de randonneurs faisant un trek sur un sentier de terre \u00e0 travers un paysage verdoyant en direction d'une montagne au sommet plat dans le Vale do Pati.\" src=\"https:\/\/static.planetaexo.com\/wp-content\/uploads\/2025\/10\/chapada-diamantina-travel-tips-hiking-group.jpg.jpg\" alt=\"Un groupe de randonneurs faisant un trek sur un sentier de terre \u00e0 travers un paysage verdoyant en direction d'une montagne au sommet plat dans le Vale do Pati.\" width=\"1000\" height=\"750\" srcset=\"https:\/\/static.planetaexo.com\/wp-content\/uploads\/2025\/10\/chapada-diamantina-travel-tips-hiking-group.jpg.jpg 1000w, https:\/\/static.planetaexo.com\/wp-content\/uploads\/2025\/10\/chapada-diamantina-travel-tips-hiking-group.jpg-300x225.jpg 300w, https:\/\/static.planetaexo.com\/wp-content\/uploads\/2025\/10\/chapada-diamantina-travel-tips-hiking-group.jpg-768x576.jpg 768w\" sizes=\"auto, (max-width: 1000px) 100vw, 1000px\" \/><p id=\"caption-attachment-46548\" class=\"wp-caption-text\">Photo: Lucas Neves<\/p><\/div>\n<p><span style=\"font-weight: 400;\">En tant que plateforme de voyages d&#8217;aventure sp\u00e9cialis\u00e9e dans les<\/span> <a href=\"https:\/\/planetaexo.com\/trips\/fr\/destinations\/bresil\/chapada-diamantina-excursions\/\"><b>excursions dans la Chapada Diamantina<\/b><\/a><span style=\"font-weight: 400;\">, <\/span><b>PlanetaEXO<\/b><span style=\"font-weight: 400;\"> conna\u00eet tr\u00e8s bien le <\/span><span style=\"font-weight: 400;\">Vale do Pati au Br\u00e9sil<\/span><span style=\"font-weight: 400;\">. Pour vous aider \u00e0 planifier vos vacances vers cette destination fantastique, nous avons \u00e9labor\u00e9 un guide complet regroupant toutes les informations essentielles. D\u00e9couvrez-le ci-dessous !<\/span><\/p>\n<p><b style=\"caret-color: rgba(0, 0, 0, 0);\">Table des mati\u00e8res :<\/b><\/p>\n<ul>\n<li><a href=\"#A-propos-du-Vale-do-Pati\"><b>\u00c0 propos du <\/b><b>Vale do Pati<\/b><\/a><\/li>\n<li style=\"font-weight: 400;\" aria-level=\"1\"><a href=\"#Ou-se-trouve-le-Vale-do-Pati\"><b>O\u00f9 se trouve le <\/b><b>Vale do Pati<\/b><b> ?<\/b><\/a><\/li>\n<li style=\"font-weight: 400;\" aria-level=\"1\"><a href=\"#Comment-se-rendre-au-Vale-do-Pati-dans-la-Chapada-Diamantina\"><b>Comment se rendre au <\/b><b>Vale do Pati dans la Chapada Diamantina<\/b><b> ?<\/b><\/a><\/li>\n<li style=\"font-weight: 400;\" aria-level=\"1\"><a href=\"#Quelle-est-la-meilleure-periode-pour-visiter-le-Vale-do-Pati\"><b>Quelle est la meilleure p\u00e9riode pour visiter le <\/b><b>Vale do Pati<\/b><b> ?<\/b><\/a><\/li>\n<li style=\"font-weight: 400;\" aria-level=\"1\"><a href=\"#Quel-temps-fait-il-actuellement-dans-le-Vale-do-Pati\"><b>Quel temps fait-il actuellement dans le <\/b><b>Vale do Pati<\/b><b> ?<\/b><\/a><\/li>\n<li style=\"font-weight: 400;\" aria-level=\"1\"><a href=\"#Que-faire-dans-le-Vale-do-Pati\"><b>Que faire dans le <\/b><b>Vale do Pati<\/b><b> ?<\/b><\/a><\/li>\n<li style=\"font-weight: 400;\" aria-level=\"1\"><a href=\"#Ou-sejourner-dans-le-Vale-do-Pati\"><b>O\u00f9 s\u00e9journer dans le <\/b><b>Vale do Pati<\/b><b> ?<\/b><\/a><\/li>\n<li style=\"font-weight: 400;\" aria-level=\"1\"><a href=\"#Combien-de-temps-dure-un-trek-dans-le-Vale-doPati\"><b>Combien de temps dure un <\/b><b>trek dans le Vale do Pati<\/b> <b>?<\/b><\/a><\/li>\n<li style=\"font-weight: 400;\" aria-level=\"1\"><a href=\"#Quelle-est-la-difficulte-des-randonnees-dans-le-Vale-do-Pati\"><b>Quelle est la difficult\u00e9 des <\/b><b>randonn\u00e9es dans le Vale do Pati <\/b><b>?<\/b><\/a><\/li>\n<li style=\"font-weight: 400;\" aria-level=\"1\"><a href=\"#Ai-je-besoin-d-un-guide-pour-visiter-le-Vale-do-Pati-dans-la-Chapada-Diamantina\"><b>Ai-je besoin d&#8217;un guide pour visiter le <\/b><b>Vale do Pati dans la Chapada Diamantina<\/b><b> ?<\/b><\/a><\/li>\n<li style=\"font-weight: 400;\" aria-level=\"1\"><a href=\"#Combien-de-jours-rester-dans-le-Vale-do-Pati\"><b>Combien de jours rester dans le <\/b><b>Vale do Pati<\/b><b> ?<\/b><\/a><\/li>\n<li style=\"font-weight: 400;\" aria-level=\"1\"><a href=\"#Combien-coute-un-voyage-dans-le-Vale-do-Pati\"><b>Combien co\u00fbte un voyage dans le <\/b><b>Vale do Pati<\/b><b> ?<\/b><\/a><\/li>\n<li style=\"font-weight: 400;\" aria-level=\"1\"><a href=\"#Y-a-t-il-du-reseau-mobile-dans-le-Vale-do-Pati\"><b>Y a-t-il du r\u00e9seau mobile dans le <\/b><b>Vale do Pati<\/b><b> ?<\/b><\/a><\/li>\n<li style=\"font-weight: 400;\" aria-level=\"1\"><a href=\"#Que-faut-il-emporter-pour-un-trek-dans-le-Vale-do-Pati\"><b>Que faut-il emporter pour un <\/b><b>trek dans le Vale do Pati <\/b><b>?<\/b><\/a><\/li>\n<\/ul>\n<h2><b><a id=\"A-propos-du-Vale-do-Pati\"><\/a>\u00c0 propos du <\/b><b>Vale do Pati<\/b><\/h2>\n<p><span style=\"font-weight: 400;\">Int\u00e9gr\u00e9 au parc national de la Chapada Diamantina, le <\/span><span style=\"font-weight: 400;\">Vale do Pati<\/span><span style=\"font-weight: 400;\"> s&#8217;\u00e9tend sur une superficie totale de <\/span><b>12 300 hectares<\/b><span style=\"font-weight: 400;\"> d&#8217;\u00e9cosyst\u00e8mes tropicaux semi-humides.<\/span><\/p>\n<p><span style=\"font-weight: 400;\">D&#8217;un point de vue g\u00e9ologique, il remonte \u00e0 <\/span><b>l&#8217;\u00e8re prot\u00e9rozo\u00efque<\/b><span style=\"font-weight: 400;\"> (il y a environ 1,6 milliard d&#8217;ann\u00e9es), \u00e9poque \u00e0 laquelle se sont form\u00e9es les roches s\u00e9dimentaires et m\u00e9tas\u00e9dimentaires qui constituent aujourd&#8217;hui ses cascades, ses grottes et ses montagnes.<\/span><\/p>\n<p><b>Consid\u00e9r\u00e9 comme l&#8217;une des meilleures destinations au monde pour le trekking<\/b><span style=\"font-weight: 400;\">, l&#8217;une de ses caract\u00e9ristiques distinctives est <\/span><b>l&#8217;h\u00e9bergement des randonneurs au domicile des habitants<\/b><span style=\"font-weight: 400;\"> qui vivent \u00e0 l&#8217;int\u00e9rieur du parc national.<\/span><\/p>\n<p><span style=\"font-weight: 400;\">\u00c0 l&#8217;apog\u00e9e du <\/span><b>boom du caf\u00e9<\/b><span style=\"font-weight: 400;\"> (milieu du XIXe si\u00e8cle), plus de <\/span><b>400 familles<\/b><span style=\"font-weight: 400;\"> habitaient la r\u00e9gion, empruntant les m\u00eames sentiers que les touristes traversent aujourd&#8217;hui pour transporter la r\u00e9colte. \u00c0 la suite du d\u00e9clin de l&#8217;industrie du caf\u00e9, la r\u00e9gion a failli \u00eatre d\u00e9sert\u00e9e, mais un nouveau chapitre s&#8217;est ouvert en <\/span><b>1985<\/b><span style=\"font-weight: 400;\"> lorsque la vall\u00e9e a \u00e9t\u00e9 int\u00e9gr\u00e9e au parc. <\/span><b>Quelques ann\u00e9es plus tard, les habitants ont commenc\u00e9 \u00e0 ouvrir leurs portes aux voyageurs\u2014une tradition qui perdure encore aujourd&#8217;hui.<\/b><\/p>\n<p style=\"text-align: center;\"><iframe loading=\"lazy\" title=\"YouTube video player\" src=\"\/\/www.youtube.com\/embed\/8vrfStLjzpk?si=HCroGZ-J1XjIYmqZ\" width=\"560\" height=\"315\" frameborder=\"0\" allowfullscreen=\"allowfullscreen\"><\/iframe><\/p>\n<h2><b><a id=\"Ou-se-trouve-le-Vale-do-Pati\"><\/a>O\u00f9 se trouve le Vale do Pati ?<\/b><\/h2>\n<p><span style=\"font-weight: 400;\">Au c\u0153ur de la <\/span><span style=\"font-weight: 400;\">Chapada Diamantina \u00e0 Bahia<\/span><span style=\"font-weight: 400;\">, le <\/span><span style=\"font-weight: 400;\">Vale do Pati<\/span><span style=\"font-weight: 400;\"> est la r\u00e9gion form\u00e9e par le cours de la <\/span><b>rivi\u00e8re Pati<\/b><span style=\"font-weight: 400;\"> dans les municipalit\u00e9s de <\/span><b>Palmeiras, Andara\u00ed et Mucug\u00ea<\/b><span style=\"font-weight: 400;\">.<\/span><\/p>\n<p><span style=\"font-weight: 400;\">Nich\u00e9e parmi les paysages de la <\/span><b>Serra do Sincor\u00e1<\/b><span style=\"font-weight: 400;\">, la zone est r\u00e9put\u00e9e pour ses merveilles naturelles, notamment le <\/span><b>Morro do Camelo, le Morro do Pai In\u00e1cio, le Morro do Castelo, le Morr\u00e3o, la cascade de Fuma\u00e7a, les Gerais do Vieira<\/b><span style=\"font-weight: 400;\">, ainsi que la <\/span><b>rivi\u00e8re Preto<\/b><span style=\"font-weight: 400;\">.<\/span><\/p>\n<p><iframe loading=\"lazy\" src=\"https:\/\/www.google.com\/maps\/embed?pb=!1m14!1m8!1m3!1d15563.814901608624!2d-41.4784671!3d-12.7815157!3m2!1i1024!2i768!4f13.1!3m3!1m2!1s0x0%3A0xa7461d498f95d46b!2sMirante%20Vale%20do%20Pati!5e0!3m2!1sen!2suk!4v1668522912035!5m2!1sen!2suk\" width=\"1000\" height=\"750\" frameborder=\"0\" data-mce-fragment=\"1\"><span data-mce-type=\"bookmark\" style=\"display: inline-block; width: 0px; overflow: hidden; line-height: 0;\" class=\"mce_SELRES_start\">\ufeff<\/span><span data-mce-type=\"bookmark\" style=\"display: inline-block; width: 0px; overflow: hidden; line-height: 0;\" class=\"mce_SELRES_start\">\ufeff<\/span><\/iframe><\/p>\n<h2><b><a id=\"Comment-se-rendre-au-Vale-do-Pati-dans-la-Chapada-Diamantina\"><\/a>Comment se rendre au <\/b><b>Vale do Pati dans la Chapada Diamantina\u00a0<\/b><b>?<\/b><\/h2>\n<p><span style=\"font-weight: 400;\">Le<\/span><span style=\"font-weight: 400;\"> Vale do Pati<\/span><span style=\"font-weight: 400;\"> n&#8217;est accessible qu&#8217;\u00e0 pied ; les villes les plus proches servent donc de points de d\u00e9part pour les itin\u00e9raires de<\/span><span style=\"font-weight: 400;\"> randonn\u00e9es dans la Chapada Diamantina<\/span><span style=\"font-weight: 400;\">.<\/span><\/p>\n<p><span style=\"font-weight: 400;\">Vous pouvez commencer votre <\/span><span style=\"font-weight: 400;\">trek dans le Vale do Pati <\/span><span style=\"font-weight: 400;\">\u00e0 <\/span><b>Beco do Guin\u00e9 ou Aleixo<\/b><span style=\"font-weight: 400;\"> (situ\u00e9s dans la ville de Guin\u00e9), \u00e0 <\/span><b>Bomba<\/b><span style=\"font-weight: 400;\"> (dans le Vale do Cap\u00e3o) et \u00e0 <\/span><b>Ladeira do Imp\u00e9rio<\/b><span style=\"font-weight: 400;\"> (\u00e0 Andara\u00ed). Ce choix d\u00e9pend de nombreux facteurs, y compris de votre itin\u00e9raire, du temps dont vous disposez et du niveau de difficult\u00e9 des sentiers.<\/span><\/p>\n<p><b>Depuis Salvador<\/b><span style=\"font-weight: 400;\"> (la capitale de Bahia), les voyageurs se dirigent vers <\/span><b>l&#8217;une des villes d&#8217;acc\u00e8s au parc national<\/b><span style=\"font-weight: 400;\">\u2014principalement Len\u00e7\u00f3is, mais il est \u00e9galement possible de se rendre \u00e0 Palmeiras, Vale do Cap\u00e3o, Guin\u00e9, Ibicoara et Mucug\u00ea\u2014pour rejoindre la Chapada Diamantina. Ce trajet peut s&#8217;effectuer en bus ou en <\/span><b>transfert priv\u00e9,<\/b> <a href=\"https:\/\/planetaexo.com\/fr\/contact\/\"><b>organis\u00e9 par PlanetaEXO<\/b><\/a><b>.<\/b><\/p>\n<div id=\"attachment_10434\" style=\"width: 1290px\" class=\"wp-caption alignnone\"><img loading=\"lazy\" decoding=\"async\" aria-describedby=\"caption-attachment-10434\" class=\"wp-image-10434 size-full\" title=\"Un panneau routier vert pour la zone touristique de la Chapada Diamantina indiquant les distances vers Palmeiras, le Vale do Cap\u00e3o et Guin\u00e9.\" src=\"https:\/\/static.planetaexo.com\/wp-content\/uploads\/2022\/11\/how-to-get-in-vale-do-pati.jpg\" alt=\"Un panneau routier vert pour la zone touristique de la Chapada Diamantina indiquant les distances vers Palmeiras, le Vale do Cap\u00e3o et Guin\u00e9.\" width=\"1280\" height=\"893\" srcset=\"https:\/\/static.planetaexo.com\/wp-content\/uploads\/2022\/11\/how-to-get-in-vale-do-pati.jpg 1280w, https:\/\/static.planetaexo.com\/wp-content\/uploads\/2022\/11\/how-to-get-in-vale-do-pati-300x209.jpg 300w, https:\/\/static.planetaexo.com\/wp-content\/uploads\/2022\/11\/how-to-get-in-vale-do-pati-1024x714.jpg 1024w, https:\/\/static.planetaexo.com\/wp-content\/uploads\/2022\/11\/how-to-get-in-vale-do-pati-768x536.jpg 768w, https:\/\/static.planetaexo.com\/wp-content\/uploads\/2022\/11\/how-to-get-in-vale-do-pati-18x12.jpg 18w\" sizes=\"auto, (max-width: 1280px) 100vw, 1280px\" \/><p id=\"caption-attachment-10434\" class=\"wp-caption-text\">.<\/p><\/div>\n<p><b>\ud83d\udc49 Lire la suite : <a href=\"https:\/\/planetaexo.com\/fr\/blog\/comment-se-rendre-au-parc-national-de-la-chapada-diamantina\/\">Comment se rendre \u00e0 la Chapada Diamantina ?<\/a><\/b><\/p>\n<h2><b><a id=\"Quelle-est-la-meilleure-periode-pour-visiter-le-Vale-do-Pati\"><\/a>Quelle est la meilleure p\u00e9riode pour visiter le <\/b><b>Vale do Pati<\/b><b> ?<\/b><\/h2>\n<p><b>Vous pouvez visiter le <\/b><b>Vale do Pati<\/b><b> \u00e0 tout moment de l&#8217;ann\u00e9e<\/b><span style=\"font-weight: 400;\">, mais il est important de comprendre que la r\u00e9gion conna\u00eet deux saisons distinctes.<\/span><\/p>\n<p><span style=\"font-weight: 400;\">Pendant la <\/span><b>saison s\u00e8che<\/b><span style=\"font-weight: 400;\"> (de mai \u00e0 septembre), les visiteurs profitent d&#8217;un ciel bleu, d&#8217;un temps plus frais et de sentiers stables, <\/span><b>juin et juillet \u00e9tant les mois les plus froids<\/b><span style=\"font-weight: 400;\">. Cette p\u00e9riode peut pr\u00e9senter moins d&#8217;eau dans les cascades, mais offre <\/span><b>d&#8217;excellentes conditions pour le trekking<\/b><span style=\"font-weight: 400;\">.<\/span><\/p>\n<p><span style=\"font-weight: 400;\">La <\/span><b>saison des pluies<\/b><span style=\"font-weight: 400;\"> (d&#8217;octobre \u00e0 avril) apporte une <\/span><b>v\u00e9g\u00e9tation plus luxuriante, des cascades plus abondantes<\/b><span style=\"font-weight: 400;\"> et le spectacle \u00e9poustouflant des arbres fleuris de violet entre f\u00e9vrier et avril. Bien que la pluie tombe g\u00e9n\u00e9ralement t\u00f4t le matin et en soir\u00e9e, <\/span><b>les sentiers peuvent devenir boueux et relativement difficiles<\/b><span style=\"font-weight: 400;\">.<\/span><\/p>\n<p><span style=\"font-weight: 400;\">Malgr\u00e9 l&#8217;attrait potentiel de visiter la r\u00e9gion lors d&#8217;une saison sp\u00e9cifique, il est important de prendre en compte le microclimat local, qui peut r\u00e9server <\/span><b>des conditions m\u00e9t\u00e9orologiques inattendues<\/b><span style=\"font-weight: 400;\">, comme de la pluie pendant la saison s\u00e8che ou du soleil en plein milieu des mois pluvieux. L&#8217;impact du changement climatique a \u00e9galement rendu les mod\u00e8les m\u00e9t\u00e9orologiques moins pr\u00e9visibles.<\/span><\/p>\n<p><span style=\"font-weight: 400;\">Il faut \u00e9galement prendre en compte la <\/span><b>haute saison<\/b><span style=\"font-weight: 400;\">\u2014incluant juillet, ao\u00fbt et les jours f\u00e9ri\u00e9s nationaux\u2014qui conna\u00eet une activit\u00e9 accrue dans le parc en raison des vacanciers.<\/span><\/p>\n<p><b>\ud83d\udc49 Lire la suite : <a href=\"https:\/\/planetaexo.com\/fr\/blog\/quand-aller-a-la-chapada-diamantina\/\">Quelle est la meilleure p\u00e9riode pour visiter la Chapada Diamantina ?<\/a><\/b><\/p>\n<h2><a id=\"Quel-temps-fait-il-actuellement-dans-le-Vale-do-Pati\"><\/a>Quel temps fait-il actuellement dans le Vale do Pati ?<\/h2>\n<p><span style=\"font-weight: 400;\">D\u00e9couvrez les conditions m\u00e9t\u00e9orologiques actuelles dans le <\/span><span style=\"font-weight: 400;\">Vale do Pati<\/span><span style=\"font-weight: 400;\">, au c\u0153ur de la Chapada Diamantina !<\/span><\/p>\n<p><iframe loading=\"lazy\" src=\"https:\/\/embed.windy.com\/embed2.html?lat=-12.848&amp;lon=-41.438&amp;detailLat=-12.788&amp;detailLon=-41.438&amp;width=650&amp;height=450&amp;zoom=11&amp;level=surface&amp;overlay=rain&amp;product=ecmwf&amp;menu=&amp;message=&amp;marker=&amp;calendar=now&amp;pressure=&amp;type=map&amp;location=coordinates&amp;detail=true&amp;metricWind=default&amp;metricTemp=default&amp;radarRange=-1\" width=\"1000\" height=\"750\" frameborder=\"0\" data-mce-fragment=\"1\"><span data-mce-type=\"bookmark\" style=\"display: inline-block; width: 0px; overflow: hidden; line-height: 0;\" class=\"mce_SELRES_start\">\ufeff<\/span><\/iframe><\/p>\n<h2><b><a id=\"Que-faire-dans-le-Vale-do-Pati\"><\/a>Que faire dans le Vale do Pati ?<\/b><\/h2>\n<p><span style=\"font-weight: 400;\">Lors d&#8217;une visite dans le <\/span><span style=\"font-weight: 400;\">Vale do Pati<\/span><span style=\"font-weight: 400;\">, les aventuriers sont accueillis par une multitude d&#8217;attractions naturelles \u00e9poustouflantes et d&#8217;activit\u00e9s captivantes, ce qui en fait un point culminant pour les amoureux de la nature et les passionn\u00e9s de trekking. D\u00e9couvrez les principales attractions ci-dessous !<\/span><\/p>\n<h3><b>Mirante do Pati (Le Belv\u00e9d\u00e8re du Pati)<\/b><\/h3>\n<p><span style=\"font-weight: 400;\">Un endroit merveilleux pour s&#8217;asseoir, se d\u00e9tendre et faire une pause pique-nique, le <\/span><b>Mirante do Pati<\/b><span style=\"font-weight: 400;\"> offre des vues magnifiques sur les sommets imposants du Morro do Castelo, du Morro Branco et du Morro do Sobradinho qui se dressent \u00e0 l&#8217;horizon.<\/span><\/p>\n<div id=\"attachment_19206\" style=\"width: 2058px\" class=\"wp-caption alignnone\"><img loading=\"lazy\" decoding=\"async\" aria-describedby=\"caption-attachment-19206\" class=\"wp-image-19206 size-full\" title=\"Deux randonneurs assis sur un rocher au Mirante do Pati, montrant du doigt les sommets imposants du Morro do Castelo et du Morro Branco.\" src=\"https:\/\/static.planetaexo.com\/wp-content\/uploads\/2023\/05\/lookout_vale_do_pati_172_\u00a9Lucas-Neves.jpg\" alt=\"Deux randonneurs assis sur un rocher au Mirante do Pati, montrant du doigt les sommets imposants du Morro do Castelo et du Morro Branco.\" width=\"2048\" height=\"1536\" srcset=\"https:\/\/static.planetaexo.com\/wp-content\/uploads\/2023\/05\/lookout_vale_do_pati_172_\u00a9Lucas-Neves.jpg 2048w, https:\/\/static.planetaexo.com\/wp-content\/uploads\/2023\/05\/lookout_vale_do_pati_172_\u00a9Lucas-Neves-300x225.jpg 300w, https:\/\/static.planetaexo.com\/wp-content\/uploads\/2023\/05\/lookout_vale_do_pati_172_\u00a9Lucas-Neves-1024x768.jpg 1024w, https:\/\/static.planetaexo.com\/wp-content\/uploads\/2023\/05\/lookout_vale_do_pati_172_\u00a9Lucas-Neves-768x576.jpg 768w, https:\/\/static.planetaexo.com\/wp-content\/uploads\/2023\/05\/lookout_vale_do_pati_172_\u00a9Lucas-Neves-1536x1152.jpg 1536w\" sizes=\"auto, (max-width: 2048px) 100vw, 2048px\" \/><p id=\"caption-attachment-19206\" class=\"wp-caption-text\">.<\/p><\/div>\n<h3><b>Cachoeira dos Funis (Cascade de Funis)<\/b><\/h3>\n<p><span style=\"font-weight: 400;\">Avec une chute de 30 m\u00e8tres de haut et une piscine naturelle \u00e0 sa base, la <\/span><b>cascade de Funis<\/b><span style=\"font-weight: 400;\"> est l&#8217;endroit id\u00e9al pour se reposer, se d\u00e9tendre et se rafra\u00eechir apr\u00e8s une longue randonn\u00e9e.<\/span><\/p>\n<div id=\"attachment_19275\" style=\"width: 1010px\" class=\"wp-caption alignnone\"><img loading=\"lazy\" decoding=\"async\" aria-describedby=\"caption-attachment-19275\" class=\"wp-image-19275 size-full\" title=\"Une femme assise paisiblement sur un rocher pr\u00e8s de la piscine naturelle \u00e0 la base de la cascade de Funis, haute de 30 m\u00e8tres.\" src=\"https:\/\/static.planetaexo.com\/wp-content\/uploads\/2023\/05\/funis_vale_do_pati.jpg\" alt=\"Une femme assise paisiblement sur un rocher pr\u00e8s de la piscine naturelle \u00e0 la base de la cascade de Funis, haute de 30 m\u00e8tres.\" width=\"1000\" height=\"750\" srcset=\"https:\/\/static.planetaexo.com\/wp-content\/uploads\/2023\/05\/funis_vale_do_pati.jpg 1000w, https:\/\/static.planetaexo.com\/wp-content\/uploads\/2023\/05\/funis_vale_do_pati-300x225.jpg 300w, https:\/\/static.planetaexo.com\/wp-content\/uploads\/2023\/05\/funis_vale_do_pati-768x576.jpg 768w\" sizes=\"auto, (max-width: 1000px) 100vw, 1000px\" \/><p id=\"caption-attachment-19275\" class=\"wp-caption-text\">.<\/p><\/div>\n<h3><b>Morro do Castelo (La Colline du Ch\u00e2teau)<\/b><\/h3>\n<p><span style=\"font-weight: 400;\">L&#8217;ascension du <\/span><b>Morro do Castelo<\/b><span style=\"font-weight: 400;\"> implique une mont\u00e9e de 1 300 m\u00e8tres, ce qui en fait l&#8217;une des randonn\u00e9es les plus difficiles du Vale do Pati. Une fois au sommet, vous p\u00e9n\u00e9trerez dans une grotte de 800 m\u00e8tres de long.<\/span><\/p>\n<p><span style=\"font-weight: 400;\">Au-del\u00e0 de la grotte, vous serez r\u00e9compens\u00e9 par deux points de vue spectaculaires offrant des panoramas \u00e0 couper le souffle \u00e0 1 500 m\u00e8tres d&#8217;altitude.<\/span><\/p>\n<div id=\"attachment_46600\" style=\"width: 1010px\" class=\"wp-caption alignnone\"><img loading=\"lazy\" decoding=\"async\" aria-describedby=\"caption-attachment-46600\" class=\"wp-image-46600 size-full\" title=\"Randonneurs debout sur un sommet rocheux au Morro do Castelo, surplombant un vaste canyon bois\u00e9 dans la Chapada Diamantina.\" src=\"https:\/\/static.planetaexo.com\/wp-content\/uploads\/2024\/05\/morro-do-castelo-summit-view.jpg.jpg\" alt=\"Randonneurs debout sur un sommet rocheux au Morro do Castelo, surplombant un vaste canyon bois\u00e9 dans la Chapada Diamantina.\" width=\"1000\" height=\"500\" srcset=\"https:\/\/static.planetaexo.com\/wp-content\/uploads\/2024\/05\/morro-do-castelo-summit-view.jpg.jpg 1000w, https:\/\/static.planetaexo.com\/wp-content\/uploads\/2024\/05\/morro-do-castelo-summit-view.jpg-300x150.jpg 300w, https:\/\/static.planetaexo.com\/wp-content\/uploads\/2024\/05\/morro-do-castelo-summit-view.jpg-768x384.jpg 768w\" sizes=\"auto, (max-width: 1000px) 100vw, 1000px\" \/><p id=\"caption-attachment-46600\" class=\"wp-caption-text\">Photo: Alex Hubin<\/p><\/div>\n\n\t\t<style type=\"text\/css\">\n\t\t\t#gallery-1 {\n\t\t\t\tmargin: auto;\n\t\t\t}\n\t\t\t#gallery-1 .gallery-item {\n\t\t\t\tfloat: left;\n\t\t\t\tmargin-top: 10px;\n\t\t\t\ttext-align: center;\n\t\t\t\twidth: 100%;\n\t\t\t}\n\t\t\t#gallery-1 img {\n\t\t\t\tborder: 2px solid #cfcfcf;\n\t\t\t}\n\t\t\t#gallery-1 .gallery-caption {\n\t\t\t\tmargin-left: 0;\n\t\t\t}\n\t\t\t\/* see gallery_shortcode() in wp-includes\/media.php *\/\n\t\t<\/style>\n\t\t<div id='gallery-1' class='gallery galleryid-17031 gallery-columns-1 gallery-size-full'><dl class='gallery-item'>\n\t\t\t<dt class='gallery-icon landscape'>\n\t\t\t\t<img loading=\"lazy\" decoding=\"async\" width=\"1000\" height=\"750\" src=\"https:\/\/static.planetaexo.com\/wp-content\/uploads\/2024\/05\/hikers-heart-shape-morro-do-castelo-cave.jpg.jpg\" class=\"attachment-full size-full\" alt=\"Silhouettes de deux randonneurs formant un c\u0153ur avec leurs bras \u00e0 l&#039;int\u00e9rieur de la grande grotte du Morro do Castelo.\" aria-describedby=\"gallery-1-46573\" srcset=\"https:\/\/static.planetaexo.com\/wp-content\/uploads\/2024\/05\/hikers-heart-shape-morro-do-castelo-cave.jpg.jpg 1000w, https:\/\/static.planetaexo.com\/wp-content\/uploads\/2024\/05\/hikers-heart-shape-morro-do-castelo-cave.jpg-300x225.jpg 300w, https:\/\/static.planetaexo.com\/wp-content\/uploads\/2024\/05\/hikers-heart-shape-morro-do-castelo-cave.jpg-768x576.jpg 768w\" sizes=\"auto, (max-width: 1000px) 100vw, 1000px\" \/>\n\t\t\t<\/dt>\n\t\t\t\t<dd class='wp-caption-text gallery-caption' id='gallery-1-46573'>\n\t\t\t\t.\n\t\t\t\t<\/dd><\/dl><br style=\"clear: both\" \/>\n\t\t<\/div>\n\n<h3><b>Po\u00e7o da \u00c1rvore (Le Bassin de l&#8217;Arbre)<\/b><\/h3>\n<p><span style=\"font-weight: 400;\">Le <\/span><b>Po\u00e7o da \u00c1rvore<\/b><span style=\"font-weight: 400;\"> est une piscine naturelle sereine accompagn\u00e9e d&#8217;une cascade, entour\u00e9e d&#8217;une v\u00e9g\u00e9tation luxuriante comprenant des arbres impressionnants qui procurent de l&#8217;ombre et cr\u00e9ent une atmosph\u00e8re paisible.<\/span><\/p>\n<p><span style=\"font-weight: 400;\">Plus bas dans le lit de la rivi\u00e8re, le point de rencontre des rivi\u00e8res Pati et Calixto offre une vue magnifique sur le Morro do Castelo et les canyons du parc.<\/span><\/p>\n<div id=\"attachment_19216\" style=\"width: 1010px\" class=\"wp-caption alignnone\"><img loading=\"lazy\" decoding=\"async\" aria-describedby=\"caption-attachment-19216\" class=\"wp-image-19216 size-full\" title=\"Vue a\u00e9rienne des eaux sombres du Po\u00e7o da \u00c1rvore, une piscine naturelle sereine entour\u00e9e d'une v\u00e9g\u00e9tation verdoyante.\" src=\"https:\/\/static.planetaexo.com\/wp-content\/uploads\/2023\/05\/6-pocodaarvore_vale_do_pati71-1.jpg\" alt=\"Vue a\u00e9rienne des eaux sombres du Po\u00e7o da \u00c1rvore, une piscine naturelle sereine entour\u00e9e d'une v\u00e9g\u00e9tation verdoyante.\" width=\"1000\" height=\"750\" srcset=\"https:\/\/static.planetaexo.com\/wp-content\/uploads\/2023\/05\/6-pocodaarvore_vale_do_pati71-1.jpg 1000w, https:\/\/static.planetaexo.com\/wp-content\/uploads\/2023\/05\/6-pocodaarvore_vale_do_pati71-1-300x225.jpg 300w, https:\/\/static.planetaexo.com\/wp-content\/uploads\/2023\/05\/6-pocodaarvore_vale_do_pati71-1-768x576.jpg 768w\" sizes=\"auto, (max-width: 1000px) 100vw, 1000px\" \/><p id=\"caption-attachment-19216\" class=\"wp-caption-text\">.<\/p><\/div>\n<h3><b>Cachoeir\u00e3o et plus encore<\/b><\/h3>\n<p><span style=\"font-weight: 400;\">Dans un canyon de 300 m\u00e8tres de haut, le <\/span><b>Cachoeir\u00e3o<\/b><span style=\"font-weight: 400;\"> d\u00e9voile une s\u00e9rie de cascades spectaculaires pendant la saison des pluies. Outre la vue impressionnante, c&#8217;est aussi un endroit fantastique pour se reposer et se rafra\u00eechir apr\u00e8s de longues heures de marche.<\/span><\/p>\n<p><span style=\"font-weight: 400;\">Le Vale do Pati regorge de nombreuses autres attractions \u00e0 explorer, comme les superbes chutes de la <\/span><b>cascade de Calixto<\/b><span style=\"font-weight: 400;\">, les sentiers de randonn\u00e9e des <\/span><b>Gerais do Rio Preto<\/b><span style=\"font-weight: 400;\"> et des <\/span><b>Gerais do Vieira<\/b><span style=\"font-weight: 400;\">, ainsi que la beaut\u00e9 des cascades de <\/span><b>Lajeado<\/b><span style=\"font-weight: 400;\"> et <\/span><b>Bananeiras<\/b><span style=\"font-weight: 400;\">.<\/span><\/p>\n<div id=\"attachment_19265\" style=\"width: 1010px\" class=\"wp-caption alignnone\"><img loading=\"lazy\" decoding=\"async\" aria-describedby=\"caption-attachment-19265\" class=\"wp-image-19265 size-full\" title=\"Deux personnes assises au bord d'une falaise vertigineuse d'un canyon de 300 m\u00e8tres de haut au Cachoeir\u00e3o, admirant les parois rocheuses abruptes.\" src=\"https:\/\/static.planetaexo.com\/wp-content\/uploads\/2023\/05\/cachoeiraolookout_vale_do_pati.jpg\" alt=\"Deux personnes assises au bord d'une falaise vertigineuse d'un canyon de 300 m\u00e8tres de haut au Cachoeir\u00e3o, admirant les parois rocheuses abruptes.\" width=\"1000\" height=\"750\" srcset=\"https:\/\/static.planetaexo.com\/wp-content\/uploads\/2023\/05\/cachoeiraolookout_vale_do_pati.jpg 1000w, https:\/\/static.planetaexo.com\/wp-content\/uploads\/2023\/05\/cachoeiraolookout_vale_do_pati-300x225.jpg 300w, https:\/\/static.planetaexo.com\/wp-content\/uploads\/2023\/05\/cachoeiraolookout_vale_do_pati-768x576.jpg 768w\" sizes=\"auto, (max-width: 1000px) 100vw, 1000px\" \/><p id=\"caption-attachment-19265\" class=\"wp-caption-text\">.<\/p><\/div>\n<h2><b><a id=\"Ou-sejourner-dans-le-Vale-do-Pati\"><\/a>O\u00f9 s\u00e9journer dans le <\/b><b>Vale do Pati<\/b><b> ?<\/b><\/h2>\n<p><span style=\"font-weight: 400;\">Dans le <\/span><span style=\"font-weight: 400;\">Vale do Pati,<\/span><span style=\"font-weight: 400;\"> vous avez l&#8217;opportunit\u00e9 unique de <\/span><b>s\u00e9journer chez l&#8217;une des familles locales<\/b><span style=\"font-weight: 400;\"> qui ont transform\u00e9 leurs maisons en h\u00e9bergements de charme pour accueillir les aventuriers qui explorent la Chapada Diamantina.<\/span><\/p>\n<div id=\"attachment_19221\" style=\"width: 1010px\" class=\"wp-caption alignnone\"><img loading=\"lazy\" decoding=\"async\" aria-describedby=\"caption-attachment-19221\" class=\"wp-image-19221 size-full\" title=\"Maisons traditionnelles blanches aux toits de tuiles nich\u00e9es parmi les arbres dans la vall\u00e9e de Pati, sous un ciel de coucher de soleil orange vif.\" src=\"https:\/\/static.planetaexo.com\/wp-content\/uploads\/2023\/05\/2.jpg\" alt=\"Maisons traditionnelles blanches aux toits de tuiles nich\u00e9es parmi les arbres dans la vall\u00e9e de Pati, sous un ciel de coucher de soleil orange vif.\" width=\"1000\" height=\"750\" srcset=\"https:\/\/static.planetaexo.com\/wp-content\/uploads\/2023\/05\/2.jpg 1000w, https:\/\/static.planetaexo.com\/wp-content\/uploads\/2023\/05\/2-300x225.jpg 300w, https:\/\/static.planetaexo.com\/wp-content\/uploads\/2023\/05\/2-768x576.jpg 768w\" sizes=\"auto, (max-width: 1000px) 100vw, 1000px\" \/><p id=\"caption-attachment-19221\" class=\"wp-caption-text\">.<\/p><\/div>\n<p><span style=\"font-weight: 400;\">La tradition de l&#8217;accueil chez l&#8217;habitant a commenc\u00e9 en <\/span><b>1997<\/b><span style=\"font-weight: 400;\"> lorsque <\/span><b>Wilson et Maria<\/b><span style=\"font-weight: 400;\">, un couple natif du Vale do Pati, ont ouvert leur maison aux premiers routards. Ils proposaient des repas faits maison, un lit et une salle de bain partag\u00e9e, offrant ainsi une <\/span><b>alternative au camping sauvage classique<\/b><span style=\"font-weight: 400;\">.<\/span><\/p>\n<p><span style=\"font-weight: 400;\">Au fil du temps, d&#8217;autres familles ont suivi l&#8217;exemple. <\/span><b>Ce changement leur a permis de subvenir \u00e0 leurs besoins \u00e9conomiques tout en offrant aux touristes un aper\u00e7u de l&#8217;histoire et de la culture locales.<\/b><\/p>\n<div id=\"attachment_19190\" style=\"width: 1010px\" class=\"wp-caption alignnone\"><img loading=\"lazy\" decoding=\"async\" aria-describedby=\"caption-attachment-19190\" class=\"wp-image-19190 size-full\" title=\"Une femme locale souriante pendant qu'elle pr\u00e9pare un repas traditionnel fait maison en utilisant de grandes marmites en aluminium sur une cuisini\u00e8re.\" src=\"https:\/\/static.planetaexo.com\/wp-content\/uploads\/2024\/05\/8-seuwilson_vale_do_pati7-1.jpg\" alt=\"Une femme locale souriante pendant qu'elle pr\u00e9pare un repas traditionnel fait maison en utilisant de grandes marmites en aluminium sur une cuisini\u00e8re.\" width=\"1000\" height=\"750\" srcset=\"https:\/\/static.planetaexo.com\/wp-content\/uploads\/2024\/05\/8-seuwilson_vale_do_pati7-1.jpg 1000w, https:\/\/static.planetaexo.com\/wp-content\/uploads\/2024\/05\/8-seuwilson_vale_do_pati7-1-300x225.jpg 300w, https:\/\/static.planetaexo.com\/wp-content\/uploads\/2024\/05\/8-seuwilson_vale_do_pati7-1-768x576.jpg 768w\" sizes=\"auto, (max-width: 1000px) 100vw, 1000px\" \/><p id=\"caption-attachment-19190\" class=\"wp-caption-text\">.<\/p><\/div>\n<p><span style=\"font-weight: 400;\">Aujourd&#8217;hui, seule une poign\u00e9e de familles vit dans le Vale do Pati, mais elles suivent toujours le m\u00eame mod\u00e8le d&#8217;h\u00e9bergement : <\/span><b>chambres et salles de bains partag\u00e9es, douches froides, nourriture faite maison, et l&#8217;opportunit\u00e9 de rencontrer des personnes incroyables.<\/b><\/p>\n<div id=\"attachment_19259\" style=\"width: 1010px\" class=\"wp-caption alignnone\"><img loading=\"lazy\" decoding=\"async\" aria-describedby=\"caption-attachment-19259\" class=\"wp-image-19259 size-full\" title=\"Une chambre partag\u00e9e chez l'habitant comprenant des lits en bois avec des sacs de couchage et un plafond rustique en tuiles apparentes et en bois.\" src=\"https:\/\/static.planetaexo.com\/wp-content\/uploads\/2023\/05\/horizontal-2.jpg\" alt=\"Une chambre partag\u00e9e chez l'habitant comprenant des lits en bois avec des sacs de couchage et un plafond rustique en tuiles apparentes et en bois.\" width=\"1000\" height=\"750\" srcset=\"https:\/\/static.planetaexo.com\/wp-content\/uploads\/2023\/05\/horizontal-2.jpg 1000w, https:\/\/static.planetaexo.com\/wp-content\/uploads\/2023\/05\/horizontal-2-300x225.jpg 300w, https:\/\/static.planetaexo.com\/wp-content\/uploads\/2023\/05\/horizontal-2-768x576.jpg 768w\" sizes=\"auto, (max-width: 1000px) 100vw, 1000px\" \/><p id=\"caption-attachment-19259\" class=\"wp-caption-text\">.<\/p><\/div>\n<p><b>\ud83d\udc49 Lire la suite : <a href=\"https:\/\/planetaexo.com\/fr\/blog\/ou-sejourner-a-chapada-diamantina\/\">O\u00f9 s\u00e9journer dans la Chapada Diamantina ?<\/a><\/b><\/p>\n<h3><b>Les repas dans le <\/b><b>Vale do Pati<\/b><\/h3>\n<p><span style=\"font-weight: 400;\">Malgr\u00e9 l&#8217;isolement du lieu, on mange tr\u00e8s bien dans le Vale do Pati. L&#8217;h\u00e9bergement chez l&#8217;habitant inclut des repas complets\u2014<\/span><b>une nourriture fra\u00eeche et faite maison tous les jours, du d\u00e9jeuner au d\u00eener<\/b><span style=\"font-weight: 400;\">. Les plats typiques br\u00e9siliens sont pr\u00e9par\u00e9s avec <\/span><b>des ingr\u00e9dients locaux de la plus haute qualit\u00e9<\/b><span style=\"font-weight: 400;\">.<\/span><\/p>\n<p><span style=\"font-weight: 400;\">Pour s&#8217;assurer que tout le monde reparte l&#8217;estomac plein, les cuisiniers peuvent s&#8217;adapter aux r\u00e9gimes alimentaires des visiteurs, proposant des repas <\/span><b>v\u00e9g\u00e9tariens, v\u00e9g\u00e9taliens<\/b><span style=\"font-weight: 400;\"> ou r\u00e9pondant \u00e0 <\/span><b>d&#8217;autres restrictions alimentaires<\/b><span style=\"font-weight: 400;\">.<\/span><\/p>\n<div id=\"attachment_46580\" style=\"width: 1010px\" class=\"wp-caption alignnone\"><img loading=\"lazy\" decoding=\"async\" aria-describedby=\"caption-attachment-46580\" class=\"wp-image-46580 size-full\" title=\"Deux randonneurs se servant de la nourriture fra\u00eeche faite maison depuis diverses marmites dans une cuisine rustique chez l'habitant.\" src=\"https:\/\/static.planetaexo.com\/wp-content\/uploads\/2024\/05\/hikers-serving-homemade-food-kitchen.jpg.jpg\" alt=\"Deux randonneurs se servant de la nourriture fra\u00eeche faite maison depuis diverses marmites dans une cuisine rustique chez l'habitant.\" width=\"1000\" height=\"1333\" srcset=\"https:\/\/static.planetaexo.com\/wp-content\/uploads\/2024\/05\/hikers-serving-homemade-food-kitchen.jpg.jpg 1000w, https:\/\/static.planetaexo.com\/wp-content\/uploads\/2024\/05\/hikers-serving-homemade-food-kitchen.jpg-225x300.jpg 225w, https:\/\/static.planetaexo.com\/wp-content\/uploads\/2024\/05\/hikers-serving-homemade-food-kitchen.jpg-768x1024.jpg 768w, https:\/\/static.planetaexo.com\/wp-content\/uploads\/2024\/05\/hikers-serving-homemade-food-kitchen.jpg-450x600.jpg 450w, https:\/\/static.planetaexo.com\/wp-content\/uploads\/2024\/05\/hikers-serving-homemade-food-kitchen.jpg-350x467.jpg 350w, https:\/\/static.planetaexo.com\/wp-content\/uploads\/2024\/05\/hikers-serving-homemade-food-kitchen.jpg-900x1200.jpg 900w\" sizes=\"auto, (max-width: 1000px) 100vw, 1000px\" \/><p id=\"caption-attachment-46580\" class=\"wp-caption-text\">Photo: Lucas Neves<\/p><\/div>\n<p><span style=\"font-weight: 400;\">Lors des randonn\u00e9es, les guides peuvent fournir des collations pour tout le groupe. <\/span><b>Vous pouvez ainsi profiter d&#8217;un d\u00e9licieux pique-nique tout en admirant les magnifiques paysages de la Chapada !<\/b><\/p>\n<div id=\"attachment_46605\" style=\"width: 1010px\" class=\"wp-caption alignnone\"><img loading=\"lazy\" decoding=\"async\" aria-describedby=\"caption-attachment-46605\" class=\"wp-image-46605 size-full\" title=\"Un pique-nique color\u00e9 compos\u00e9 de fruits, d'en-cas et de sandwichs dispos\u00e9s sur une couverture \u00e0 c\u00f4t\u00e9 d'une petite cascade bouillonnante.\" src=\"https:\/\/static.planetaexo.com\/wp-content\/uploads\/2024\/05\/trail-picnic-snacks-waterfall.jpg.jpg\" alt=\"Un pique-nique color\u00e9 compos\u00e9 de fruits, d'en-cas et de sandwichs dispos\u00e9s sur une couverture \u00e0 c\u00f4t\u00e9 d'une petite cascade bouillonnante.\" width=\"1000\" height=\"750\" srcset=\"https:\/\/static.planetaexo.com\/wp-content\/uploads\/2024\/05\/trail-picnic-snacks-waterfall.jpg.jpg 1000w, https:\/\/static.planetaexo.com\/wp-content\/uploads\/2024\/05\/trail-picnic-snacks-waterfall.jpg-300x225.jpg 300w, https:\/\/static.planetaexo.com\/wp-content\/uploads\/2024\/05\/trail-picnic-snacks-waterfall.jpg-768x576.jpg 768w\" sizes=\"auto, (max-width: 1000px) 100vw, 1000px\" \/><p id=\"caption-attachment-46605\" class=\"wp-caption-text\">.<\/p><\/div>\n<h2><b><a id=\"Combien-de-temps-dure-un-trek-dans-le-Vale-doPati\"><\/a>Combien de temps dure un <\/b><b>trek dans le Vale do Pati<\/b><b> ?<\/b><\/h2>\n<p><span style=\"font-weight: 400;\">Le kilom\u00e9trage et la dur\u00e9e d&#8217;une <\/span><span style=\"font-weight: 400;\">randonn\u00e9e au Vale do Pati<\/span> <b>d\u00e9pendent de plusieurs facteurs<\/b><span style=\"font-weight: 400;\">, notamment de l&#8217;itin\u00e9raire, du nombre de jours allou\u00e9s pour le trek, du point de d\u00e9part, du choix de l&#8217;h\u00e9bergement et des visites sp\u00e9cifiques d&#8217;attractions en cours de route.<\/span><\/p>\n<p><b>En moyenne, les randonneurs parcourent environ 15 km par jour<\/b><span style=\"font-weight: 400;\">, avec des variations allant de <\/span><b>8 km<\/b><span style=\"font-weight: 400;\"> les journ\u00e9es plus courtes \u00e0 <\/span><b>22 km<\/b><span style=\"font-weight: 400;\"> les jours les plus longs. Un <\/span><b>trek classique de 3 jours<\/b><span style=\"font-weight: 400;\"> couvre approximativement <\/span><b>35 km<\/b><span style=\"font-weight: 400;\">, tandis que les voyageurs optant pour <\/span><b>4 ou 5 jours<\/b><span style=\"font-weight: 400;\"> parcourent respectivement <\/span><b>52<\/b><span style=\"font-weight: 400;\"> et <\/span><b>59 km<\/b><span style=\"font-weight: 400;\">.<\/span><\/p>\n<p><span style=\"font-weight: 400;\">Les voyageurs ayant un emploi du temps serr\u00e9 peuvent entamer le sentier depuis <\/span><b>Guin\u00e9<\/b><span style=\"font-weight: 400;\"> et marcher <\/span><b>10 km<\/b><span style=\"font-weight: 400;\"> jusqu&#8217;au Vale do Pati. La distance depuis le <\/span><b>Vale do Cap\u00e3o<\/b><span style=\"font-weight: 400;\"> ou <\/span><b>Andara\u00ed<\/b><span style=\"font-weight: 400;\"> est plus importante, atteignant les <\/span><b>22 km<\/b><span style=\"font-weight: 400;\">.<\/span><\/p>\n<p><span style=\"font-weight: 400;\">\u00c9videmment, <\/span><b>ces distances sont flexibles et peuvent \u00eatre ajust\u00e9es<\/b><span style=\"font-weight: 400;\"> en fonction de l&#8217;exp\u00e9rience, des comp\u00e9tences, des pr\u00e9f\u00e9rences et des besoins de chacun. Quoi qu&#8217;il en soit, chaque itin\u00e9raire met en valeur sa propre beaut\u00e9 naturelle, et le \u00ab meilleur \u00bb chemin d\u00e9pend finalement de ce qui correspond le mieux aux projets de voyage et aux conditions du randonneur.<\/span><\/p>\n<div id=\"attachment_19196\" style=\"width: 1090px\" class=\"wp-caption alignnone\"><img loading=\"lazy\" decoding=\"async\" aria-describedby=\"caption-attachment-19196\" class=\"wp-image-19196 size-full\" title=\"Deux randonneurs utilisant des b\u00e2tons de marche pour traverser une rivi\u00e8re rocailleuse peu profonde avec un grand sommet montagneux se dressant en arri\u00e8re-plan.\" src=\"https:\/\/static.planetaexo.com\/wp-content\/uploads\/2023\/05\/quadrado-5.jpg\" alt=\"Deux randonneurs utilisant des b\u00e2tons de marche pour traverser une rivi\u00e8re rocailleuse peu profonde avec un grand sommet montagneux se dressant en arri\u00e8re-plan.\" width=\"1080\" height=\"1080\" srcset=\"https:\/\/static.planetaexo.com\/wp-content\/uploads\/2023\/05\/quadrado-5.jpg 1080w, https:\/\/static.planetaexo.com\/wp-content\/uploads\/2023\/05\/quadrado-5-300x300.jpg 300w, https:\/\/static.planetaexo.com\/wp-content\/uploads\/2023\/05\/quadrado-5-1024x1024.jpg 1024w, https:\/\/static.planetaexo.com\/wp-content\/uploads\/2023\/05\/quadrado-5-150x150.jpg 150w, https:\/\/static.planetaexo.com\/wp-content\/uploads\/2023\/05\/quadrado-5-768x768.jpg 768w, https:\/\/static.planetaexo.com\/wp-content\/uploads\/2023\/05\/quadrado-5-140x140.jpg 140w, https:\/\/static.planetaexo.com\/wp-content\/uploads\/2023\/05\/quadrado-5-100x100.jpg 100w, https:\/\/static.planetaexo.com\/wp-content\/uploads\/2023\/05\/quadrado-5-500x500.jpg 500w, https:\/\/static.planetaexo.com\/wp-content\/uploads\/2023\/05\/quadrado-5-350x350.jpg 350w, https:\/\/static.planetaexo.com\/wp-content\/uploads\/2023\/05\/quadrado-5-1000x1000.jpg 1000w, https:\/\/static.planetaexo.com\/wp-content\/uploads\/2023\/05\/quadrado-5-800x800.jpg 800w\" sizes=\"auto, (max-width: 1080px) 100vw, 1080px\" \/><p id=\"caption-attachment-19196\" class=\"wp-caption-text\">.<\/p><\/div>\n<h2><b><a id=\"Quelle-est-la-difficulte-des-randonnees-dans-le-Vale-do-Pati\"><\/a>Quelle est la difficult\u00e9 des randonn\u00e9es dans le Vale do Pati\u00a0?<\/b><\/h2>\n<p><span style=\"font-weight: 400;\">L&#8217;une des raisons pour lesquelles les <\/span><span style=\"font-weight: 400;\">randonn\u00e9es dans le Vale do Pati<\/span><span style=\"font-weight: 400;\"> sont mondialement connues r\u00e9side dans la <\/span><b>diversit\u00e9 des sentiers offrant diff\u00e9rents niveaux de difficult\u00e9<\/b><span style=\"font-weight: 400;\">, des plus faciles aux plus exigeants.<\/span><\/p>\n<p><span style=\"font-weight: 400;\">Bien que la beaut\u00e9 et la diversit\u00e9 du parc national invitent les aventuriers de tous \u00e2ges, il est essentiel de prendre en compte les <\/span><b>exigences physiques du trekking<\/b><span style=\"font-weight: 400;\">, en particulier sur les sentiers les plus difficiles.<\/span><\/p>\n<p><span style=\"font-weight: 400;\">Les parcours ardus r\u00e9compensent l&#8217;effort en traversant des montagnes, des cascades, des grottes et des paysages \u00e0 couper le souffle, mais ils ne sont pas recommand\u00e9s pour les enfants, les personnes \u00e2g\u00e9es ou les individus ayant une condition physique moins optimale. <\/span><b>Conseil de pro :<\/b><span style=\"font-weight: 400;\"> connaissez vos limites et trouvez des activit\u00e9s qui y correspondent !<\/span><\/p>\n<div id=\"attachment_46564\" style=\"width: 1010px\" class=\"wp-caption alignnone\"><img loading=\"lazy\" decoding=\"async\" aria-describedby=\"caption-attachment-46564\" class=\"wp-image-46564 size-full\" title=\"Un randonneur se tenant sur un affleurement rocheux et photographiant les vastes vall\u00e9es verdoyantes et les montagnes \u00e0 sommet plat.\" src=\"https:\/\/static.planetaexo.com\/wp-content\/uploads\/2024\/05\/hiker-photographing-chapada-diamantina-mountains.jpg.jpg\" alt=\"Un randonneur se tenant sur un affleurement rocheux et photographiant les vastes vall\u00e9es verdoyantes et les montagnes \u00e0 sommet plat.\" width=\"1000\" height=\"750\" srcset=\"https:\/\/static.planetaexo.com\/wp-content\/uploads\/2024\/05\/hiker-photographing-chapada-diamantina-mountains.jpg.jpg 1000w, https:\/\/static.planetaexo.com\/wp-content\/uploads\/2024\/05\/hiker-photographing-chapada-diamantina-mountains.jpg-300x225.jpg 300w, https:\/\/static.planetaexo.com\/wp-content\/uploads\/2024\/05\/hiker-photographing-chapada-diamantina-mountains.jpg-768x576.jpg 768w\" sizes=\"auto, (max-width: 1000px) 100vw, 1000px\" \/><p id=\"caption-attachment-46564\" class=\"wp-caption-text\">.<\/p><\/div>\n<h2><b><a id=\"Ai-je-besoin-d-un-guide-pour-visiter-le-Vale-do-Pati-dans-la-Chapada-Diamantina\"><\/a>Ai-je besoin d&#8217;un guide pour visiter le <\/b><b>Vale do Pati dans la Chapada Diamantina<\/b><b> ?<\/b><\/h2>\n<p><span style=\"font-weight: 400;\">Bien que le parc national de la Chapada Diamantina soit ouvert au public et n&#8217;oblige pas les visiteurs \u00e0 faire appel \u00e0 des professionnels pour l&#8217;explorer, <\/span><b>la pr\u00e9sence d&#8217;un guide dans le <\/b><b>Vale do Pati <\/b><b>et partout dans le parc est fortement recommand\u00e9e pour tout randonneur<\/b><span style=\"font-weight: 400;\">\u2014en particulier pour ceux qui sont moins exp\u00e9riment\u00e9s ou moins familiers avec la r\u00e9gion.<\/span><\/p>\n<p><span style=\"font-weight: 400;\">La plupart des guides du Vale do Pati vivent dans les environs, ce qui en fait de grands experts des complexit\u00e9s de la Chapada. En plus d&#8217;assurer une aventure en toute s\u00e9curit\u00e9, ils peuvent \u00e9galement partager des connaissances sur la faune, la flore et l&#8217;histoire locales afin d&#8217;enrichir encore davantage l&#8217;exp\u00e9rience.<\/span><\/p>\n<div id=\"attachment_19285\" style=\"width: 1010px\" class=\"wp-caption alignnone\"><img loading=\"lazy\" decoding=\"async\" aria-describedby=\"caption-attachment-19285\" class=\"wp-image-19285 size-full\" style=\"font-size: 16px;\" title=\" Un guide local en chemise bleue et un randonneur examinant ensemble une carte des sentiers tout en se reposant \u00e0 un point de vue pittoresque sur la vall\u00e9e.\" src=\"https:\/\/static.planetaexo.com\/wp-content\/uploads\/2023\/05\/horizontal-3.jpg\" alt=\"Un guide local en chemise bleue et un randonneur examinant ensemble une carte des sentiers tout en se reposant \u00e0 un point de vue pittoresque sur la vall\u00e9e.\" width=\"1000\" height=\"750\" srcset=\"https:\/\/static.planetaexo.com\/wp-content\/uploads\/2023\/05\/horizontal-3.jpg 1000w, https:\/\/static.planetaexo.com\/wp-content\/uploads\/2023\/05\/horizontal-3-300x225.jpg 300w, https:\/\/static.planetaexo.com\/wp-content\/uploads\/2023\/05\/horizontal-3-768x576.jpg 768w\" sizes=\"auto, (max-width: 1000px) 100vw, 1000px\" \/><p id=\"caption-attachment-19285\" class=\"wp-caption-text\">.<\/p><\/div>\n<h2><b><a id=\"Combien-de-jours-rester-dans-le-Vale-do-Pati\"><\/a>Combien de jours rester dans le <\/b><b>Vale do Pati<\/b><b> ?<\/b><\/h2>\n<p><span style=\"font-weight: 400;\">La dur\u00e9e de votre <\/span><span style=\"font-weight: 400;\">trek dans le Vale do Pati <\/span><span style=\"font-weight: 400;\">d\u00e9pendra de plusieurs facteurs, y compris de l&#8217;itin\u00e9raire choisi, du temps disponible et de votre condition physique. Cependant, la plupart des itin\u00e9raires varient g\u00e9n\u00e9ralement de <\/span><b>3 \u00e0 5 jours<\/b><span style=\"font-weight: 400;\">.<\/span><\/p>\n<p><span style=\"font-weight: 400;\">Le plus populaire est le<\/span> <a href=\"https:\/\/planetaexo.com\/trips\/fr\/a\/trek-vale-do-pati-chapada-diamantina-3-jours\/\"><b>circuit de 3 jours<\/b><\/a><span style=\"font-weight: 400;\">, qui vous permet de visiter le belv\u00e9d\u00e8re du Pati, la cascade de Funis, le Morro do Castelo et le Cachoeir\u00e3o. Les itin\u00e9raires de<\/span> <a href=\"https:\/\/planetaexo.com\/trips\/fr\/a\/randonnee-vallee-du-pati-4-jours\/\"><b>4 jours<\/b><\/a><span style=\"font-weight: 400;\"> incluent la cascade de Calixto ou le Po\u00e7o da \u00c1rvore et offrent un rythme plus confortable pour appr\u00e9cier pleinement la beaut\u00e9 de la Chapada.<\/span><\/p>\n<p><span style=\"font-weight: 400;\">Si vous avez le temps, choisir un<\/span> <a href=\"https:\/\/planetaexo.com\/trips\/fr\/a\/trek-chapada-diamantina-vale-do-pati-5-jours\/\"><b>trek de 5 jours<\/b><\/a><span style=\"font-weight: 400;\"> est id\u00e9al pour une immersion totale dans le parc national, comprenant des visites \u00e0 la cascade de Funis et \u00e0 la Ladeira do Imp\u00e9rio.<\/span><\/p>\n<div id=\"attachment_46575\" style=\"width: 1010px\" class=\"wp-caption alignnone\"><img loading=\"lazy\" decoding=\"async\" aria-describedby=\"caption-attachment-46575\" class=\"wp-image-46575 size-full\" style=\"font-size: 16px;\" title=\"Silhouette d'un randonneur portant un sac \u00e0 dos, debout \u00e0 l'entr\u00e9e d'une grotte sombre et regardant vers la vall\u00e9e de Pati baign\u00e9e de soleil.\" src=\"https:\/\/static.planetaexo.com\/wp-content\/uploads\/2024\/05\/hiker-silhouette-cave-entrance-valley-view.jpg.jpg\" alt=\"Silhouette d'un randonneur portant un sac \u00e0 dos, debout \u00e0 l'entr\u00e9e d'une grotte sombre et regardant vers la vall\u00e9e de Pati baign\u00e9e de soleil.\" width=\"1000\" height=\"1333\" srcset=\"https:\/\/static.planetaexo.com\/wp-content\/uploads\/2024\/05\/hiker-silhouette-cave-entrance-valley-view.jpg.jpg 1000w, https:\/\/static.planetaexo.com\/wp-content\/uploads\/2024\/05\/hiker-silhouette-cave-entrance-valley-view.jpg-225x300.jpg 225w, https:\/\/static.planetaexo.com\/wp-content\/uploads\/2024\/05\/hiker-silhouette-cave-entrance-valley-view.jpg-768x1024.jpg 768w, https:\/\/static.planetaexo.com\/wp-content\/uploads\/2024\/05\/hiker-silhouette-cave-entrance-valley-view.jpg-450x600.jpg 450w, https:\/\/static.planetaexo.com\/wp-content\/uploads\/2024\/05\/hiker-silhouette-cave-entrance-valley-view.jpg-350x467.jpg 350w, https:\/\/static.planetaexo.com\/wp-content\/uploads\/2024\/05\/hiker-silhouette-cave-entrance-valley-view.jpg-900x1200.jpg 900w\" sizes=\"auto, (max-width: 1000px) 100vw, 1000px\" \/><p id=\"caption-attachment-46575\" class=\"wp-caption-text\">.<\/p><\/div>\n<h2><b><a id=\"Combien-coute-un-voyage-dans-le-Vale-do-Pati\"><\/a>Combien co\u00fbte un voyage dans le <\/b><b>Vale do Pati<\/b><b> ?<\/b><\/h2>\n<p><span style=\"font-weight: 400;\">En prenant en compte l&#8217;h\u00e9bergement, les services et les itin\u00e9raires, les excursions dans le <\/span><span style=\"font-weight: 400;\">Vale do Pati <\/span><span style=\"font-weight: 400;\">co\u00fbtent \u00e0 partir de <strong>2 100 R$<\/strong>\u00a0(environ 420 US$ et 360 \u20ac) par personne. <\/span><b>Les prix varient en fonction de la saison, de la dur\u00e9e du voyage, etc.<\/b><\/p>\n<p><span style=\"font-weight: 400;\">Consultez les tarifs et autres informations ci-dessous :<\/span><\/p>\n<table style=\"width: 98.9612%; height: 466px;\">\n<tbody>\n<tr style=\"height: 87px;\">\n<td style=\"width: 24.7214%; height: 87px;\"><span style=\"font-size: 14pt;\"><b>EXCURSION<\/b><\/span><\/td>\n<td style=\"width: 47.619%; height: 87px;\"><span style=\"font-size: 14pt;\"><b>POINTS FORTS<\/b><\/span><\/td>\n<td style=\"width: 14.5897%; height: 87px;\"><span style=\"font-size: 14pt;\"><b>DISTANCE DE MARCHE<\/b><\/span><\/td>\n<td style=\"width: 12.1581%; height: 87px;\"><span style=\"font-size: 14pt;\"><b>PRIX DE D\u00c9PART*<\/b><\/span><\/td>\n<\/tr>\n<tr style=\"height: 115px;\">\n<td style=\"width: 24.7214%; height: 115px;\"><span style=\"font-size: 14pt;\"><a href=\"https:\/\/planetaexo.com\/trips\/fr\/a\/randonnee-chapada-diamantina-6-jours-l-experience-ultime\/\"><b>Randonn\u00e9e de 6 jours dans la Chapada Diamantina<\/b><\/a><\/span><\/td>\n<td style=\"width: 47.619%; height: 115px;\">&nbsp;<\/p>\n<p><span style=\"font-weight: 400;\">Randonn\u00e9e, Po\u00e7o Encantado, Po\u00e7o Azul, 3 jours de trek dans le Vale do Pati + cascades de Burac\u00e3o et Fumacinha.<\/span><\/td>\n<td style=\"width: 14.5897%; height: 115px;\">&nbsp;<\/p>\n<p><span style=\"font-size: 14pt;\"><b>63 km<\/b><\/span><\/td>\n<td style=\"width: 12.1581%; height: 115px;\">&nbsp;<\/p>\n<p><span style=\"font-weight: 400; font-size: 14pt;\">875 \u20ac<\/span><\/td>\n<\/tr>\n<tr style=\"height: 80px;\">\n<td style=\"width: 24.7214%; height: 80px;\"><span style=\"font-size: 14pt;\"><a href=\"https:\/\/planetaexo.com\/trips\/fr\/a\/trek-vale-do-pati-chapada-diamantina-3-jours\/\"><b>Trek de 3 jours dans le Vale do Pati<\/b><\/a><\/span><\/td>\n<td style=\"width: 47.619%; height: 80px;\"><span style=\"font-weight: 400;\">Randonn\u00e9e, Morro do Castelo, cascades de Cachoeir\u00e3o et Funis, h\u00e9bergement chez l&#8217;habitant.<\/span><\/td>\n<td style=\"width: 14.5897%; height: 80px;\"><span style=\"font-size: 14pt;\"><b>35 km<\/b><\/span><\/td>\n<td style=\"width: 12.1581%; height: 80px;\"><span style=\"font-weight: 400; font-size: 14pt;\">355 \u20ac<\/span><\/td>\n<\/tr>\n<tr style=\"height: 80px;\">\n<td style=\"width: 24.7214%; height: 80px;\"><span style=\"font-size: 14pt;\"><a href=\"https:\/\/planetaexo.com\/trips\/fr\/a\/randonnee-vallee-du-pati-4-jours\/\"><b>Trek de 4 jours dans le Vale do Pati<\/b><\/a><\/span><\/td>\n<td style=\"width: 47.619%; height: 80px;\"><span style=\"font-weight: 400;\">Randonn\u00e9e, Morro do Castelo, cascades (Cachoeir\u00e3o et Funis), h\u00e9bergement au domicile des habitants.<\/span><\/td>\n<td style=\"width: 14.5897%; height: 80px;\"><span style=\"font-size: 14pt;\"><b>52 km<\/b><\/span><\/td>\n<td style=\"width: 12.1581%; height: 80px;\"><span style=\"font-weight: 400; font-size: 14pt;\">475 \u20ac<\/span><\/td>\n<\/tr>\n<tr style=\"height: 104px;\">\n<td style=\"width: 24.7214%; height: 104px;\"><span style=\"font-size: 14pt;\"><a href=\"https:\/\/planetaexo.com\/trips\/fr\/a\/trek-chapada-diamantina-vale-do-pati-5-jours\/\"><b>Travers\u00e9e du Vale do Pati en 5 jours<\/b><\/a><\/span><\/td>\n<td style=\"width: 47.619%; height: 104px;\"><span style=\"font-weight: 400;\">Randonn\u00e9e, Morro do Castelo, cascades de Cachoeir\u00e3o et Funis, Po\u00e7o da \u00c1rvore, Ladeira do Imp\u00e9rio, Andara\u00ed, h\u00e9bergement chez l&#8217;habitant.<\/span><\/td>\n<td style=\"width: 14.5897%; height: 104px;\"><span style=\"font-size: 14pt;\"><b>59 km<\/b><\/span><\/td>\n<td style=\"width: 12.1581%; height: 104px;\"><span style=\"font-weight: 400; font-size: 14pt;\">505 \u20ac<\/span><\/td>\n<\/tr>\n<\/tbody>\n<\/table>\n<p><strong><span style=\"font-size: 10pt;\">*Par personne, sur la base d&#8217;une occupation double lors de d\u00e9parts en groupe. Les prix peuvent varier selon la saison et la disponibilit\u00e9. Taux de change au 9 avril 2026 ; sous r\u00e9serve de modifications.<\/span><\/strong><\/p>\n<h2><b><a id=\"Y-a-t-il-du-reseau-mobile-dans-le-Vale-do-Pati\"><\/a>Y a-t-il du r\u00e9seau mobile dans le <\/b><b>Vale do Pati<\/b><b> ?<\/b><\/h2>\n<p><b>Il n&#8217;y a ni service de t\u00e9l\u00e9phonie mobile ni r\u00e9seau Wi-Fi dans le <\/b><b>Vale do Pati<\/b><b>.<\/b><span style=\"font-weight: 400;\"> La r\u00e9gion d\u00e9pend exclusivement de l&#8217;\u00e9nergie solaire, qui fournit suffisamment d&#8217;\u00e9lectricit\u00e9 pour recharger les appareils \u00e9lectroniques et les batteries d&#8217;appareils photo\u2014bien qu&#8217;il ne soit pas rare que l&#8217;\u00e9lectricit\u00e9 connaisse des p\u00e9riodes d&#8217;instabilit\u00e9.<\/span><\/p>\n<p><span style=\"font-weight: 400;\">C&#8217;est une excellente occasion de vous d\u00e9connecter de la technologie et de vous immerger pleinement dans la beaut\u00e9 naturelle et la tranquillit\u00e9 de la Chapada Diamantina. Profitez de chaque seconde !<\/span><\/p>\n<div id=\"attachment_46595\" style=\"width: 1010px\" class=\"wp-caption alignnone\"><img loading=\"lazy\" decoding=\"async\" aria-describedby=\"caption-attachment-46595\" class=\"wp-image-46595 size-full\" title=\" Un randonneur en veste bleue debout sur un rocher encadr\u00e9 par des arbres, regardant vers une montagne au sommet plat dans le lointain.\" src=\"https:\/\/static.planetaexo.com\/wp-content\/uploads\/2024\/05\/hiker-viewing-mountain-through-trees.jpg.jpg\" alt=\" Un randonneur en veste bleue debout sur un rocher encadr\u00e9 par des arbres, regardant vers une montagne au sommet plat dans le lointain.\" width=\"1000\" height=\"750\" srcset=\"https:\/\/static.planetaexo.com\/wp-content\/uploads\/2024\/05\/hiker-viewing-mountain-through-trees.jpg.jpg 1000w, https:\/\/static.planetaexo.com\/wp-content\/uploads\/2024\/05\/hiker-viewing-mountain-through-trees.jpg-300x225.jpg 300w, https:\/\/static.planetaexo.com\/wp-content\/uploads\/2024\/05\/hiker-viewing-mountain-through-trees.jpg-768x576.jpg 768w\" sizes=\"auto, (max-width: 1000px) 100vw, 1000px\" \/><p id=\"caption-attachment-46595\" class=\"wp-caption-text\">.<\/p><\/div>\n<h2><b><a id=\"Que-faut-il-emporter-pour-un-trek-dans-le-Vale-do-Pati\"><\/a>Que faut-il emporter pour un<\/b><b> trek dans le Vale do Pati <\/b><b>?<\/b><\/h2>\n<p><span style=\"font-weight: 400;\">Lorsque vous pr\u00e9parez vos affaires pour le Vale do Pati, il est important de garder \u00e0 l&#8217;esprit les conditions m\u00e9t\u00e9orologiques changeantes et la nature du trek. <\/span><b>N&#8217;oubliez pas :<\/b><span style=\"font-weight: 400;\"> vous porterez votre sac \u00e0 dos chaque jour en randonnant, il est donc crucial de n&#8217;emporter que les articles n\u00e9cessaires.<\/span><\/p>\n<p><span style=\"font-weight: 400;\">Voici notre liste sugg\u00e9r\u00e9e :<\/span><\/p>\n<ul>\n<li style=\"font-weight: 400;\" aria-level=\"1\"><span style=\"font-weight: 400;\">V\u00eatements l\u00e9gers, y compris des chemises \u00e0 manches longues anti-UV<\/span><\/li>\n<li style=\"font-weight: 400;\" aria-level=\"1\"><span style=\"font-weight: 400;\">Imperm\u00e9able ou veste \u00e9tanche<\/span><\/li>\n<li style=\"font-weight: 400;\" aria-level=\"1\"><span style=\"font-weight: 400;\">Coupe-vent et pull<\/span><\/li>\n<li style=\"font-weight: 400;\" aria-level=\"1\"><span style=\"font-weight: 400;\">Maillot de bain<\/span><\/li>\n<li style=\"font-weight: 400;\" aria-level=\"1\"><span style=\"font-weight: 400;\">Chapeaux\/casquettes<\/span><\/li>\n<li style=\"font-weight: 400;\" aria-level=\"1\"><span style=\"font-weight: 400;\">Chaussures de randonn\u00e9e\/baskets<\/span><\/li>\n<li style=\"font-weight: 400;\" aria-level=\"1\"><span style=\"font-weight: 400;\">Chaussettes de randonn\u00e9e<\/span><\/li>\n<li style=\"font-weight: 400;\" aria-level=\"1\"><span style=\"font-weight: 400;\">Tongs<\/span><\/li>\n<li style=\"font-weight: 400;\" aria-level=\"1\"><span style=\"font-weight: 400;\">Serviette \u00e0 s\u00e9chage rapide<\/span><\/li>\n<li style=\"font-weight: 400;\" aria-level=\"1\"><span style=\"font-weight: 400;\">Sac \u00e0 dos de 20 \u00e0 40 litres<\/span><\/li>\n<li style=\"font-weight: 400;\" aria-level=\"1\"><span style=\"font-weight: 400;\">Sac imperm\u00e9able (dry bag)<\/span><\/li>\n<li style=\"font-weight: 400;\" aria-level=\"1\"><span style=\"font-weight: 400;\">Lunettes de soleil<\/span><\/li>\n<li style=\"font-weight: 400;\" aria-level=\"1\"><span style=\"font-weight: 400;\">Cr\u00e8me solaire<\/span><\/li>\n<li style=\"font-weight: 400;\" aria-level=\"1\"><span style=\"font-weight: 400;\">R\u00e9pulsif anti-moustiques<\/span><\/li>\n<li style=\"font-weight: 400;\" aria-level=\"1\"><span style=\"font-weight: 400;\">Gourde r\u00e9utilisable<\/span><\/li>\n<\/ul>\n<div id=\"attachment_46590\" style=\"width: 1010px\" class=\"wp-caption alignnone\"><img loading=\"lazy\" decoding=\"async\" aria-describedby=\"caption-attachment-46590\" class=\"wp-image-46590 size-full\" title=\"Un groupe de randonneurs s'\u00e9loignant sur un sentier rocailleux entour\u00e9 d'une v\u00e9g\u00e9tation basse sous un coucher de soleil \u00e9clatant et dor\u00e9.\" src=\"https:\/\/static.planetaexo.com\/wp-content\/uploads\/2024\/05\/hikers-walking-rocky-trail-sunset.jpg.jpg\" alt=\"Un groupe de randonneurs s'\u00e9loignant sur un sentier rocailleux entour\u00e9 d'une v\u00e9g\u00e9tation basse sous un coucher de soleil \u00e9clatant et dor\u00e9.\" width=\"1000\" height=\"750\" srcset=\"https:\/\/static.planetaexo.com\/wp-content\/uploads\/2024\/05\/hikers-walking-rocky-trail-sunset.jpg.jpg 1000w, https:\/\/static.planetaexo.com\/wp-content\/uploads\/2024\/05\/hikers-walking-rocky-trail-sunset.jpg-300x225.jpg 300w, https:\/\/static.planetaexo.com\/wp-content\/uploads\/2024\/05\/hikers-walking-rocky-trail-sunset.jpg-768x576.jpg 768w\" sizes=\"auto, (max-width: 1000px) 100vw, 1000px\" \/><p id=\"caption-attachment-46590\" class=\"wp-caption-text\">.<\/p><\/div>\n<p><b>N&#8217;oubliez pas les essentiels de voyage habituels :<\/b><span style=\"font-weight: 400;\"> documents, cartes de cr\u00e9dit\/d\u00e9bit, esp\u00e8ces (R\u00e9al br\u00e9silien), m\u00e9dicaments (pour maux de t\u00eate, tensions musculaires, maux d&#8217;estomac\u2026), chargeurs et batteries externes portables pour vos appareils \u00e9lectroniques.<\/span><\/p>\n<h2><b>Randonn\u00e9es dans la Chapada Diamantina<\/b><b>, \u00e0 Bahia, avec PlanetaEXO<\/b><\/h2>\n<p><span style=\"font-weight: 400;\">Le Vale do Pati est une exp\u00e9rience transformatrice pour tout amoureux de la nature. Si vous avez h\u00e2te de vivre l&#8217;un des plus beaux treks au monde, il est temps de r\u00e9server votre voyage avec <\/span><b>PlanetaEXO<\/b><span style=\"font-weight: 400;\">, une plateforme d&#8217;\u00e9cotourisme sp\u00e9cialis\u00e9e dans les<\/span> <a href=\"https:\/\/planetaexo.com\/trips\/fr\/destinations\/bresil\/chapada-diamantina-excursions\/\"><b>excursions dans la Chapada Diamantina<\/b><\/a><span style=\"font-weight: 400;\"> qui collabore avec les meilleurs op\u00e9rateurs locaux.<\/span><\/p>\n<p><span style=\"font-weight: 400;\">Notre \u00e9quipe vous accompagne pour tout ce dont vous avez besoin pour des vacances incroyables, y compris les r\u00e9servations, les options de transfert, les itin\u00e9raires sur mesure, et bien plus encore.<\/span> <a href=\"https:\/\/planetaexo.com\/fr\/contact\/\"><b>Contactez-nous d\u00e8s maintenant !<\/b><\/a><\/p>\n","protected":false},"excerpt":{"rendered":"<p>Apprenez tout ce que vous devez savoir pour voyager au Vale do Pati dans la Chapada Diamantina, y compris comment s&#8217;y rendre, la meilleure p\u00e9riode pour le visiter, les principales&#8230;<\/p>\n","protected":false},"author":19,"featured_media":19310,"comment_status":"closed","ping_status":"open","sticky":false,"template":"","format":"standard","meta":{"_acf_changed":false,"content-type":"","footnotes":""},"categories":[279,305],"tags":[323],"class_list":{"0":"post-17031","1":"post","2":"type-post","3":"status-publish","4":"format-standard","5":"has-post-thumbnail","7":"category-chapada-diamantina","8":"category-guide-de-voyage","9":"tag-vale-do-pati-fr"},"acf":[],"yoast_head":"<!-- This site is optimized with the Yoast SEO Premium plugin v27.4 (Yoast SEO v27.4) - https:\/\/yoast.com\/product\/yoast-seo-premium-wordpress\/ -->\n<title>Comment visiter le Vale do Pati dans la Chapada Diamantina : Guide de voyage - PlanetaEXO<\/title>\n<meta name=\"description\" content=\"D\u00e9couvrez le Vale do Pati dans la Chapada Diamantina ! Ce guide de voyage propose des conseils essentiels sur les randonn\u00e9es, l&#039;h\u00e9bergement chez l&#039;habitant et les meilleures vues du parc.\" \/>\n<meta name=\"robots\" content=\"index, follow, max-snippet:-1, max-image-preview:large, max-video-preview:-1\" \/>\n<link rel=\"canonical\" href=\"https:\/\/planetaexo.com\/fr\/blog\/guide-de-voyage-vale-do-pati-chapada-diamantina\/\" \/>\n<meta property=\"og:locale\" content=\"fr_FR\" \/>\n<meta property=\"og:type\" content=\"article\" \/>\n<meta property=\"og:title\" content=\"Comment visiter le Vale do Pati dans la Chapada Diamantina : Guide de voyage\" \/>\n<meta property=\"og:description\" content=\"D\u00e9couvrez l&#039;une des plus belles randonn\u00e9es du monde dans le parc national de la Chapada Diamantina avec notre guide de voyage Vall\u00e9e de Pati.\" \/>\n<meta property=\"og:url\" content=\"https:\/\/planetaexo.com\/fr\/blog\/guide-de-voyage-vale-do-pati-chapada-diamantina\/\" \/>\n<meta property=\"og:site_name\" content=\"PlanetaEXO\" \/>\n<meta property=\"article:published_time\" content=\"2024-05-05T22:58:10+00:00\" \/>\n<meta property=\"article:modified_time\" content=\"2026-04-22T14:48:56+00:00\" \/>\n<meta property=\"og:image\" content=\"https:\/\/static.planetaexo.com\/wp-content\/uploads\/2023\/05\/vale-do-pati-travel-guide-1.jpg\" \/>\n\t<meta property=\"og:image:width\" content=\"1200\" \/>\n\t<meta property=\"og:image:height\" content=\"1200\" \/>\n\t<meta property=\"og:image:type\" content=\"image\/jpeg\" \/>\n<meta name=\"author\" content=\"Lucas Ribeiro\" \/>\n<meta name=\"twitter:card\" content=\"summary_large_image\" \/>\n<meta name=\"twitter:description\" content=\"D\u00e9couvrez l&#039;une des plus belles randonn\u00e9es du monde dans le parc national de la Chapada Diamantina avec notre guide de voyage Vall\u00e9e de Pati.\" \/>\n<meta name=\"twitter:label1\" content=\"\u00c9crit par\" \/>\n\t<meta name=\"twitter:data1\" content=\"Lucas Ribeiro\" \/>\n\t<meta name=\"twitter:label2\" content=\"Dur\u00e9e de lecture estim\u00e9e\" \/>\n\t<meta name=\"twitter:data2\" content=\"17 minutes\" \/>\n<script type=\"application\/ld+json\" class=\"yoast-schema-graph\">{\"@context\":\"https:\\\/\\\/schema.org\",\"@graph\":[{\"@type\":\"Article\",\"@id\":\"https:\\\/\\\/planetaexo.com\\\/fr\\\/blog\\\/guide-de-voyage-vale-do-pati-chapada-diamantina\\\/#article\",\"isPartOf\":{\"@id\":\"https:\\\/\\\/planetaexo.com\\\/fr\\\/blog\\\/guide-de-voyage-vale-do-pati-chapada-diamantina\\\/\"},\"author\":{\"name\":\"Lucas Ribeiro\",\"@id\":\"https:\\\/\\\/planetaexo.com\\\/fr\\\/#\\\/schema\\\/person\\\/aea53905ad0bd76e66bbb81bd5650170\"},\"headline\":\"Comment visiter le Vale do Pati dans la Chapada Diamantina : Guide de voyage\",\"datePublished\":\"2024-05-05T22:58:10+00:00\",\"dateModified\":\"2026-04-22T14:48:56+00:00\",\"mainEntityOfPage\":{\"@id\":\"https:\\\/\\\/planetaexo.com\\\/fr\\\/blog\\\/guide-de-voyage-vale-do-pati-chapada-diamantina\\\/\"},\"wordCount\":3282,\"publisher\":{\"@id\":\"https:\\\/\\\/planetaexo.com\\\/fr\\\/#organization\"},\"image\":{\"@id\":\"https:\\\/\\\/planetaexo.com\\\/fr\\\/blog\\\/guide-de-voyage-vale-do-pati-chapada-diamantina\\\/#primaryimage\"},\"thumbnailUrl\":\"https:\\\/\\\/planetaexo.com\\\/wp-content\\\/uploads\\\/2023\\\/05\\\/vale-do-pati-travel-guide-1.jpg\",\"keywords\":[\"Vale do Pati\"],\"articleSection\":[\"Chapada Diamantina\",\"Guide de voyage\"],\"inLanguage\":\"fr-FR\"},{\"@type\":\"WebPage\",\"@id\":\"https:\\\/\\\/planetaexo.com\\\/fr\\\/blog\\\/guide-de-voyage-vale-do-pati-chapada-diamantina\\\/\",\"url\":\"https:\\\/\\\/planetaexo.com\\\/fr\\\/blog\\\/guide-de-voyage-vale-do-pati-chapada-diamantina\\\/\",\"name\":\"Comment visiter le Vale do Pati dans la Chapada Diamantina : Guide de voyage - PlanetaEXO\",\"isPartOf\":{\"@id\":\"https:\\\/\\\/planetaexo.com\\\/fr\\\/#website\"},\"primaryImageOfPage\":{\"@id\":\"https:\\\/\\\/planetaexo.com\\\/fr\\\/blog\\\/guide-de-voyage-vale-do-pati-chapada-diamantina\\\/#primaryimage\"},\"image\":{\"@id\":\"https:\\\/\\\/planetaexo.com\\\/fr\\\/blog\\\/guide-de-voyage-vale-do-pati-chapada-diamantina\\\/#primaryimage\"},\"thumbnailUrl\":\"https:\\\/\\\/planetaexo.com\\\/wp-content\\\/uploads\\\/2023\\\/05\\\/vale-do-pati-travel-guide-1.jpg\",\"datePublished\":\"2024-05-05T22:58:10+00:00\",\"dateModified\":\"2026-04-22T14:48:56+00:00\",\"description\":\"D\u00e9couvrez le Vale do Pati dans la Chapada Diamantina ! Ce guide de voyage propose des conseils essentiels sur les randonn\u00e9es, l'h\u00e9bergement chez l'habitant et les meilleures vues du parc.\",\"breadcrumb\":{\"@id\":\"https:\\\/\\\/planetaexo.com\\\/fr\\\/blog\\\/guide-de-voyage-vale-do-pati-chapada-diamantina\\\/#breadcrumb\"},\"inLanguage\":\"fr-FR\",\"potentialAction\":[{\"@type\":\"ReadAction\",\"target\":[\"https:\\\/\\\/planetaexo.com\\\/fr\\\/blog\\\/guide-de-voyage-vale-do-pati-chapada-diamantina\\\/\"]}]},{\"@type\":\"ImageObject\",\"inLanguage\":\"fr-FR\",\"@id\":\"https:\\\/\\\/planetaexo.com\\\/fr\\\/blog\\\/guide-de-voyage-vale-do-pati-chapada-diamantina\\\/#primaryimage\",\"url\":\"https:\\\/\\\/planetaexo.com\\\/wp-content\\\/uploads\\\/2023\\\/05\\\/vale-do-pati-travel-guide-1.jpg\",\"contentUrl\":\"https:\\\/\\\/planetaexo.com\\\/wp-content\\\/uploads\\\/2023\\\/05\\\/vale-do-pati-travel-guide-1.jpg\",\"width\":1200,\"height\":1200,\"caption\":\"Vale do Pati Chapada Diamantina Travel Guide\"},{\"@type\":\"BreadcrumbList\",\"@id\":\"https:\\\/\\\/planetaexo.com\\\/fr\\\/blog\\\/guide-de-voyage-vale-do-pati-chapada-diamantina\\\/#breadcrumb\",\"itemListElement\":[{\"@type\":\"ListItem\",\"position\":1,\"name\":\"Home\",\"item\":\"https:\\\/\\\/planetaexo.com\\\/fr\\\/\"},{\"@type\":\"ListItem\",\"position\":2,\"name\":\"Comment visiter le Vale do Pati dans la Chapada Diamantina : Guide de voyage\"}]},{\"@type\":\"WebSite\",\"@id\":\"https:\\\/\\\/planetaexo.com\\\/fr\\\/#website\",\"url\":\"https:\\\/\\\/planetaexo.com\\\/fr\\\/\",\"name\":\"PlanetaEXO\",\"description\":\"Live an Adventure\",\"publisher\":{\"@id\":\"https:\\\/\\\/planetaexo.com\\\/fr\\\/#organization\"},\"potentialAction\":[{\"@type\":\"SearchAction\",\"target\":{\"@type\":\"EntryPoint\",\"urlTemplate\":\"https:\\\/\\\/planetaexo.com\\\/fr\\\/?s={search_term_string}\"},\"query-input\":{\"@type\":\"PropertyValueSpecification\",\"valueRequired\":true,\"valueName\":\"search_term_string\"}}],\"inLanguage\":\"fr-FR\"},{\"@type\":\"Organization\",\"@id\":\"https:\\\/\\\/planetaexo.com\\\/fr\\\/#organization\",\"name\":\"PlanetaEXO\",\"url\":\"https:\\\/\\\/planetaexo.com\\\/fr\\\/\",\"logo\":{\"@type\":\"ImageObject\",\"inLanguage\":\"fr-FR\",\"@id\":\"https:\\\/\\\/planetaexo.com\\\/fr\\\/#\\\/schema\\\/logo\\\/image\\\/\",\"url\":\"https:\\\/\\\/planetaexo.com\\\/wp-content\\\/uploads\\\/2023\\\/10\\\/cropped-favicon_logoexo-min-1.png\",\"contentUrl\":\"https:\\\/\\\/planetaexo.com\\\/wp-content\\\/uploads\\\/2023\\\/10\\\/cropped-favicon_logoexo-min-1.png\",\"width\":512,\"height\":512,\"caption\":\"PlanetaEXO\"},\"image\":{\"@id\":\"https:\\\/\\\/planetaexo.com\\\/fr\\\/#\\\/schema\\\/logo\\\/image\\\/\"},\"sameAs\":[\"https:\\\/\\\/instagram.com\\\/planetaexo\"]},{\"@type\":\"Person\",\"@id\":\"https:\\\/\\\/planetaexo.com\\\/fr\\\/#\\\/schema\\\/person\\\/aea53905ad0bd76e66bbb81bd5650170\",\"name\":\"Lucas Ribeiro\",\"image\":{\"@type\":\"ImageObject\",\"inLanguage\":\"fr-FR\",\"@id\":\"https:\\\/\\\/secure.gravatar.com\\\/avatar\\\/2bc95aa079871738caab41d9f1cfe51270c4b4810c308a80d55f0b3b80de8efe?s=96&d=mm&r=g\",\"url\":\"https:\\\/\\\/secure.gravatar.com\\\/avatar\\\/2bc95aa079871738caab41d9f1cfe51270c4b4810c308a80d55f0b3b80de8efe?s=96&d=mm&r=g\",\"contentUrl\":\"https:\\\/\\\/secure.gravatar.com\\\/avatar\\\/2bc95aa079871738caab41d9f1cfe51270c4b4810c308a80d55f0b3b80de8efe?s=96&d=mm&r=g\",\"caption\":\"Lucas Ribeiro\"},\"url\":\"https:\\\/\\\/planetaexo.com\\\/fr\\\/blog\\\/author\\\/lucasribeiro\\\/\"}]}<\/script>\n<!-- \/ Yoast SEO Premium plugin. -->","yoast_head_json":{"title":"Comment visiter le Vale do Pati dans la Chapada Diamantina : Guide de voyage - PlanetaEXO","description":"D\u00e9couvrez le Vale do Pati dans la Chapada Diamantina ! Ce guide de voyage propose des conseils essentiels sur les randonn\u00e9es, l'h\u00e9bergement chez l'habitant et les meilleures vues du parc.","robots":{"index":"index","follow":"follow","max-snippet":"max-snippet:-1","max-image-preview":"max-image-preview:large","max-video-preview":"max-video-preview:-1"},"canonical":"https:\/\/planetaexo.com\/fr\/blog\/guide-de-voyage-vale-do-pati-chapada-diamantina\/","og_locale":"fr_FR","og_type":"article","og_title":"Comment visiter le Vale do Pati dans la Chapada Diamantina : Guide de voyage","og_description":"D\u00e9couvrez l'une des plus belles randonn\u00e9es du monde dans le parc national de la Chapada Diamantina avec notre guide de voyage Vall\u00e9e de Pati.","og_url":"https:\/\/planetaexo.com\/fr\/blog\/guide-de-voyage-vale-do-pati-chapada-diamantina\/","og_site_name":"PlanetaEXO","article_published_time":"2024-05-05T22:58:10+00:00","article_modified_time":"2026-04-22T14:48:56+00:00","og_image":[{"width":1200,"height":1200,"url":"https:\/\/static.planetaexo.com\/wp-content\/uploads\/2023\/05\/vale-do-pati-travel-guide-1.jpg","type":"image\/jpeg"}],"author":"Lucas Ribeiro","twitter_card":"summary_large_image","twitter_description":"D\u00e9couvrez l'une des plus belles randonn\u00e9es du monde dans le parc national de la Chapada Diamantina avec notre guide de voyage Vall\u00e9e de Pati.","twitter_misc":{"\u00c9crit par":"Lucas Ribeiro","Dur\u00e9e de lecture estim\u00e9e":"17 minutes"},"schema":{"@context":"https:\/\/schema.org","@graph":[{"@type":"Article","@id":"https:\/\/planetaexo.com\/fr\/blog\/guide-de-voyage-vale-do-pati-chapada-diamantina\/#article","isPartOf":{"@id":"https:\/\/planetaexo.com\/fr\/blog\/guide-de-voyage-vale-do-pati-chapada-diamantina\/"},"author":{"name":"Lucas Ribeiro","@id":"https:\/\/planetaexo.com\/fr\/#\/schema\/person\/aea53905ad0bd76e66bbb81bd5650170"},"headline":"Comment visiter le Vale do Pati dans la Chapada Diamantina : Guide de voyage","datePublished":"2024-05-05T22:58:10+00:00","dateModified":"2026-04-22T14:48:56+00:00","mainEntityOfPage":{"@id":"https:\/\/planetaexo.com\/fr\/blog\/guide-de-voyage-vale-do-pati-chapada-diamantina\/"},"wordCount":3282,"publisher":{"@id":"https:\/\/planetaexo.com\/fr\/#organization"},"image":{"@id":"https:\/\/planetaexo.com\/fr\/blog\/guide-de-voyage-vale-do-pati-chapada-diamantina\/#primaryimage"},"thumbnailUrl":"https:\/\/static.planetaexo.com\/wp-content\/uploads\/2023\/05\/vale-do-pati-travel-guide-1.jpg","keywords":["Vale do Pati"],"articleSection":["Chapada Diamantina","Guide de voyage"],"inLanguage":"fr-FR"},{"@type":"WebPage","@id":"https:\/\/planetaexo.com\/fr\/blog\/guide-de-voyage-vale-do-pati-chapada-diamantina\/","url":"https:\/\/planetaexo.com\/fr\/blog\/guide-de-voyage-vale-do-pati-chapada-diamantina\/","name":"Comment visiter le Vale do Pati dans la Chapada Diamantina : Guide de voyage - PlanetaEXO","isPartOf":{"@id":"https:\/\/planetaexo.com\/fr\/#website"},"primaryImageOfPage":{"@id":"https:\/\/planetaexo.com\/fr\/blog\/guide-de-voyage-vale-do-pati-chapada-diamantina\/#primaryimage"},"image":{"@id":"https:\/\/planetaexo.com\/fr\/blog\/guide-de-voyage-vale-do-pati-chapada-diamantina\/#primaryimage"},"thumbnailUrl":"https:\/\/static.planetaexo.com\/wp-content\/uploads\/2023\/05\/vale-do-pati-travel-guide-1.jpg","datePublished":"2024-05-05T22:58:10+00:00","dateModified":"2026-04-22T14:48:56+00:00","description":"D\u00e9couvrez le Vale do Pati dans la Chapada Diamantina ! Ce guide de voyage propose des conseils essentiels sur les randonn\u00e9es, l'h\u00e9bergement chez l'habitant et les meilleures vues du parc.","breadcrumb":{"@id":"https:\/\/planetaexo.com\/fr\/blog\/guide-de-voyage-vale-do-pati-chapada-diamantina\/#breadcrumb"},"inLanguage":"fr-FR","potentialAction":[{"@type":"ReadAction","target":["https:\/\/planetaexo.com\/fr\/blog\/guide-de-voyage-vale-do-pati-chapada-diamantina\/"]}]},{"@type":"ImageObject","inLanguage":"fr-FR","@id":"https:\/\/planetaexo.com\/fr\/blog\/guide-de-voyage-vale-do-pati-chapada-diamantina\/#primaryimage","url":"https:\/\/static.planetaexo.com\/wp-content\/uploads\/2023\/05\/vale-do-pati-travel-guide-1.jpg","contentUrl":"https:\/\/static.planetaexo.com\/wp-content\/uploads\/2023\/05\/vale-do-pati-travel-guide-1.jpg","width":1200,"height":1200,"caption":"Vale do Pati Chapada Diamantina Travel Guide"},{"@type":"BreadcrumbList","@id":"https:\/\/planetaexo.com\/fr\/blog\/guide-de-voyage-vale-do-pati-chapada-diamantina\/#breadcrumb","itemListElement":[{"@type":"ListItem","position":1,"name":"Home","item":"https:\/\/planetaexo.com\/fr\/"},{"@type":"ListItem","position":2,"name":"Comment visiter le Vale do Pati dans la Chapada Diamantina : Guide de voyage"}]},{"@type":"WebSite","@id":"https:\/\/planetaexo.com\/fr\/#website","url":"https:\/\/planetaexo.com\/fr\/","name":"PlanetaEXO","description":"Live an Adventure","publisher":{"@id":"https:\/\/planetaexo.com\/fr\/#organization"},"potentialAction":[{"@type":"SearchAction","target":{"@type":"EntryPoint","urlTemplate":"https:\/\/planetaexo.com\/fr\/?s={search_term_string}"},"query-input":{"@type":"PropertyValueSpecification","valueRequired":true,"valueName":"search_term_string"}}],"inLanguage":"fr-FR"},{"@type":"Organization","@id":"https:\/\/planetaexo.com\/fr\/#organization","name":"PlanetaEXO","url":"https:\/\/planetaexo.com\/fr\/","logo":{"@type":"ImageObject","inLanguage":"fr-FR","@id":"https:\/\/planetaexo.com\/fr\/#\/schema\/logo\/image\/","url":"https:\/\/static.planetaexo.com\/wp-content\/uploads\/2023\/10\/cropped-favicon_logoexo-min-1.png","contentUrl":"https:\/\/static.planetaexo.com\/wp-content\/uploads\/2023\/10\/cropped-favicon_logoexo-min-1.png","width":512,"height":512,"caption":"PlanetaEXO"},"image":{"@id":"https:\/\/planetaexo.com\/fr\/#\/schema\/logo\/image\/"},"sameAs":["https:\/\/instagram.com\/planetaexo"]},{"@type":"Person","@id":"https:\/\/planetaexo.com\/fr\/#\/schema\/person\/aea53905ad0bd76e66bbb81bd5650170","name":"Lucas Ribeiro","image":{"@type":"ImageObject","inLanguage":"fr-FR","@id":"https:\/\/secure.gravatar.com\/avatar\/2bc95aa079871738caab41d9f1cfe51270c4b4810c308a80d55f0b3b80de8efe?s=96&d=mm&r=g","url":"https:\/\/secure.gravatar.com\/avatar\/2bc95aa079871738caab41d9f1cfe51270c4b4810c308a80d55f0b3b80de8efe?s=96&d=mm&r=g","contentUrl":"https:\/\/secure.gravatar.com\/avatar\/2bc95aa079871738caab41d9f1cfe51270c4b4810c308a80d55f0b3b80de8efe?s=96&d=mm&r=g","caption":"Lucas Ribeiro"},"url":"https:\/\/planetaexo.com\/fr\/blog\/author\/lucasribeiro\/"}]}},"_links":{"self":[{"href":"https:\/\/planetaexo.com\/fr\/wp-json\/wp\/v2\/posts\/17031","targetHints":{"allow":["GET"]}}],"collection":[{"href":"https:\/\/planetaexo.com\/fr\/wp-json\/wp\/v2\/posts"}],"about":[{"href":"https:\/\/planetaexo.com\/fr\/wp-json\/wp\/v2\/types\/post"}],"author":[{"embeddable":true,"href":"https:\/\/planetaexo.com\/fr\/wp-json\/wp\/v2\/users\/19"}],"replies":[{"embeddable":true,"href":"https:\/\/planetaexo.com\/fr\/wp-json\/wp\/v2\/comments?post=17031"}],"version-history":[{"count":36,"href":"https:\/\/planetaexo.com\/fr\/wp-json\/wp\/v2\/posts\/17031\/revisions"}],"predecessor-version":[{"id":47175,"href":"https:\/\/planetaexo.com\/fr\/wp-json\/wp\/v2\/posts\/17031\/revisions\/47175"}],"wp:featuredmedia":[{"embeddable":true,"href":"https:\/\/planetaexo.com\/fr\/wp-json\/wp\/v2\/media\/19310"}],"wp:attachment":[{"href":"https:\/\/planetaexo.com\/fr\/wp-json\/wp\/v2\/media?parent=17031"}],"wp:term":[{"taxonomy":"category","embeddable":true,"href":"https:\/\/planetaexo.com\/fr\/wp-json\/wp\/v2\/categories?post=17031"},{"taxonomy":"post_tag","embeddable":true,"href":"https:\/\/planetaexo.com\/fr\/wp-json\/wp\/v2\/tags?post=17031"}],"curies":[{"name":"wp","href":"https:\/\/api.w.org\/{rel}","templated":true}]}}