{"id":16732,"date":"2023-09-21T17:18:32","date_gmt":"2023-09-21T17:18:32","guid":{"rendered":"https:\/\/planetaexo.com\/blog\/vale-do-pati-trekking-is-for-all-ages\/"},"modified":"2024-10-25T18:15:20","modified_gmt":"2024-10-25T18:15:20","slug":"vale-do-pati-trekking-est-pour-tous-les-ages","status":"publish","type":"post","link":"https:\/\/planetaexo.com\/fr\/blog\/vale-do-pati-trekking-est-pour-tous-les-ages\/","title":{"rendered":"Le trekking Vale do Pati est accessible \u00e0 tous les \u00e2ges ?"},"content":{"rendered":"[vc_row type=&#8221;in_container&#8221; full_screen_row_position=&#8221;middle&#8221; column_margin=&#8221;default&#8221; column_direction=&#8221;default&#8221; column_direction_tablet=&#8221;default&#8221; column_direction_phone=&#8221;default&#8221; scene_position=&#8221;center&#8221; text_color=&#8221;dark&#8221; text_align=&#8221;left&#8221; row_border_radius=&#8221;none&#8221; row_border_radius_applies=&#8221;bg&#8221; overlay_strength=&#8221;0.3&#8243; gradient_direction=&#8221;left_to_right&#8221; shape_divider_position=&#8221;bottom&#8221; bg_image_animation=&#8221;none&#8221; shape_type=&#8221;&#8221;][vc_column column_padding=&#8221;no-extra-padding&#8221; column_padding_tablet=&#8221;inherit&#8221; column_padding_phone=&#8221;inherit&#8221; column_padding_position=&#8221;all&#8221; column_element_spacing=&#8221;default&#8221; background_color_opacity=&#8221;1&#8243; background_hover_color_opacity=&#8221;1&#8243; column_shadow=&#8221;none&#8221; column_border_radius=&#8221;none&#8221; column_link_target=&#8221;_self&#8221; gradient_direction=&#8221;left_to_right&#8221; overlay_strength=&#8221;0.3&#8243; width=&#8221;1\/1&#8243; tablet_width_inherit=&#8221;default&#8221; tablet_text_alignment=&#8221;default&#8221; phone_text_alignment=&#8221;default&#8221; bg_image_animation=&#8221;none&#8221; border_type=&#8221;simple&#8221; column_border_width=&#8221;none&#8221; column_border_style=&#8221;solid&#8221;][nectar_single_testimonial testimonial_style=&#8221;bold&#8221; color=&#8221;Accent-Color&#8221; quote=&#8221;Ce fut sans aucun doute la plus grande aventure de notre vie !&#8221; name=&#8221;Germano&#8221;][\/vc_column][\/vc_row][vc_row type=&#8221;in_container&#8221; full_screen_row_position=&#8221;middle&#8221; column_margin=&#8221;default&#8221; column_direction=&#8221;default&#8221; column_direction_tablet=&#8221;default&#8221; column_direction_phone=&#8221;default&#8221; scene_position=&#8221;center&#8221; top_padding=&#8221;30&#8243; text_color=&#8221;dark&#8221; text_align=&#8221;left&#8221; row_border_radius=&#8221;none&#8221; row_border_radius_applies=&#8221;bg&#8221; overlay_strength=&#8221;0.3&#8243; gradient_direction=&#8221;left_to_right&#8221; shape_divider_position=&#8221;bottom&#8221; bg_image_animation=&#8221;none&#8221;][vc_column column_padding=&#8221;no-extra-padding&#8221; column_padding_tablet=&#8221;inherit&#8221; column_padding_phone=&#8221;inherit&#8221; column_padding_position=&#8221;all&#8221; column_element_spacing=&#8221;default&#8221; background_color_opacity=&#8221;1&#8243; background_hover_color_opacity=&#8221;1&#8243; column_shadow=&#8221;none&#8221; column_border_radius=&#8221;none&#8221; column_link_target=&#8221;_self&#8221; gradient_direction=&#8221;left_to_right&#8221; overlay_strength=&#8221;0.3&#8243; width=&#8221;1\/1&#8243; tablet_width_inherit=&#8221;default&#8221; tablet_text_alignment=&#8221;default&#8221; phone_text_alignment=&#8221;default&#8221; bg_image_animation=&#8221;none&#8221; border_type=&#8221;simple&#8221; column_border_width=&#8221;none&#8221; column_border_style=&#8221;solid&#8221;][vc_column_text]Le temps \u00e9tait pluvieux et les pr\u00e9visions annon\u00e7aient encore plus de pluie. Le groupe de 7 amis du Para\u00edba a envisag\u00e9 de renoncer au voyage, mais l&#8217;appel d&#8217;une nouvelle aventure s&#8217;est fait plus fort. C&#8217;est ainsi que, craintifs mais d\u00e9termin\u00e9s, ils sont all\u00e9s rencontrer l&#8217;\u00e9quipe de PlanetaEXO au point de d\u00e9part de Vale do Pati, la ville de Guin\u00e9.[\/vc_column_text][\/vc_column][\/vc_row][vc_row type=&#8221;full_width_content&#8221; full_screen_row_position=&#8221;middle&#8221; column_margin=&#8221;default&#8221; column_direction=&#8221;default&#8221; column_direction_tablet=&#8221;default&#8221; column_direction_phone=&#8221;default&#8221; scene_position=&#8221;center&#8221; top_padding=&#8221;30&#8243; text_color=&#8221;dark&#8221; text_align=&#8221;left&#8221; row_border_radius=&#8221;none&#8221; row_border_radius_applies=&#8221;bg&#8221; overlay_strength=&#8221;0.3&#8243; gradient_direction=&#8221;left_to_right&#8221; shape_divider_position=&#8221;bottom&#8221; bg_image_animation=&#8221;none&#8221; shape_type=&#8221;&#8221;][vc_column column_padding=&#8221;no-extra-padding&#8221; column_padding_tablet=&#8221;inherit&#8221; column_padding_phone=&#8221;inherit&#8221; column_padding_position=&#8221;all&#8221; column_element_spacing=&#8221;default&#8221; background_color_opacity=&#8221;1&#8243; background_hover_color_opacity=&#8221;1&#8243; column_shadow=&#8221;none&#8221; column_border_radius=&#8221;none&#8221; column_link_target=&#8221;_self&#8221; gradient_direction=&#8221;left_to_right&#8221; overlay_strength=&#8221;0.3&#8243; width=&#8221;1\/1&#8243; tablet_width_inherit=&#8221;default&#8221; tablet_text_alignment=&#8221;default&#8221; phone_text_alignment=&#8221;default&#8221; bg_image_animation=&#8221;none&#8221; border_type=&#8221;simple&#8221; column_border_width=&#8221;none&#8221; column_border_style=&#8221;solid&#8221;][image_with_animation image_url=&#8221;9986&#8243; animation=&#8221;Fade In&#8221; hover_animation=&#8221;none&#8221; alignment=&#8221;&#8221; border_radius=&#8221;none&#8221; box_shadow=&#8221;none&#8221; image_loading=&#8221;default&#8221; max_width=&#8221;100%&#8221; max_width_mobile=&#8221;default&#8221;][vc_column_text css=&#8221;.vc_custom_1648412419451{padding-right: 50px !important;padding-left: 50px !important;}&#8221;]\n<h6 style=\"text-align: center;\">Ana Karla, Roberto, Germano, Ana Claudia, J\u00f3ria, Robertinho et Adriana.<\/h6>\n[\/vc_column_text][\/vc_column][\/vc_row][vc_row type=&#8221;in_container&#8221; full_screen_row_position=&#8221;middle&#8221; column_margin=&#8221;default&#8221; column_direction=&#8221;default&#8221; column_direction_tablet=&#8221;default&#8221; column_direction_phone=&#8221;default&#8221; scene_position=&#8221;center&#8221; text_color=&#8221;dark&#8221; text_align=&#8221;left&#8221; row_border_radius=&#8221;none&#8221; row_border_radius_applies=&#8221;bg&#8221; overlay_strength=&#8221;0.3&#8243; gradient_direction=&#8221;left_to_right&#8221; shape_divider_position=&#8221;bottom&#8221; bg_image_animation=&#8221;none&#8221; shape_type=&#8221;&#8221;][vc_column column_padding=&#8221;no-extra-padding&#8221; column_padding_tablet=&#8221;inherit&#8221; column_padding_phone=&#8221;inherit&#8221; column_padding_position=&#8221;all&#8221; column_element_spacing=&#8221;default&#8221; background_color_opacity=&#8221;1&#8243; background_hover_color_opacity=&#8221;1&#8243; column_shadow=&#8221;none&#8221; column_border_radius=&#8221;none&#8221; column_link_target=&#8221;_self&#8221; gradient_direction=&#8221;left_to_right&#8221; overlay_strength=&#8221;0.3&#8243; width=&#8221;1\/1&#8243; tablet_width_inherit=&#8221;default&#8221; tablet_text_alignment=&#8221;default&#8221; phone_text_alignment=&#8221;default&#8221; bg_image_animation=&#8221;none&#8221; border_type=&#8221;simple&#8221; column_border_width=&#8221;none&#8221; column_border_style=&#8221;solid&#8221;][divider line_type=&#8221;No Line&#8221; custom_height=&#8221;50px&#8221;][vc_column_text]<span style=\"font-weight: 400;\">Pr\u00e9sent\u00e9s \u00e0 Saulo et Gil, les guides qui les conduiront pendant les prochaines <a href=\"https:\/\/planetaexo.com\/trips\/fr\/a\/randonnee-dans-la-vallee-du-pati-chapada-diamantina-4-jours\/\" target=\"_blank\" rel=\"noopener\">4 jours de trekking \u00e0 Vale do Pati<\/a>, le groupe s&#8217;est senti en s\u00e9curit\u00e9 pour relever ce d\u00e9fi. Munis de leurs b\u00e2tons de marche, ils ont entam\u00e9 les 300 premiers m\u00e8tres de d\u00e9nivel\u00e9 sous la pluie, le brouillard, la boue et les rochers glissants pour atteindre le premier point d&#8217;arr\u00eat et la carte postale de la vall\u00e9e : le Mirante do Pati.<\/span><\/p>\n<p><span style=\"font-weight: 400;\">Le c\u0153ur ouvert et d\u00e9j\u00e0 enthousiasm\u00e9s par la grandeur de la nature, ils ont pu avoir une premi\u00e8re impression de la transformation qui les attendait. Leurs genoux se plaignaient d\u00e9j\u00e0 et la fatigue leur demandait de retourner au confort de la maison, mais ils n&#8217;ont pas abandonn\u00e9. L&#8217;exp\u00e9rience con\u00e7ue par le chef du groupe, Germano, 59 ans, commen\u00e7ait \u00e0 peine&#8230; Et c&#8217;est un parcours de gagnants ! <\/span>[\/vc_column_text][divider line_type=&#8221;No Line&#8221; custom_height=&#8221;50px&#8221;][vc_gallery type=&#8221;image_grid&#8221; images=&#8221;9925,9944,9980,10056,9950,9942&#8243; image_grid_loading=&#8221;default&#8221; layout=&#8221;fullwidth&#8221; masonry_style=&#8221;true&#8221; bypass_image_cropping=&#8221;true&#8221; item_spacing=&#8221;default&#8221; gallery_style=&#8221;7&#8243; load_in_animation=&#8221;none&#8221; img_size=&#8221;full&#8221;][\/vc_column][\/vc_row][vc_row type=&#8221;in_container&#8221; full_screen_row_position=&#8221;middle&#8221; column_margin=&#8221;default&#8221; column_direction=&#8221;default&#8221; column_direction_tablet=&#8221;default&#8221; column_direction_phone=&#8221;default&#8221; scene_position=&#8221;center&#8221; text_color=&#8221;dark&#8221; text_align=&#8221;left&#8221; row_border_radius=&#8221;none&#8221; row_border_radius_applies=&#8221;bg&#8221; overlay_strength=&#8221;0.3&#8243; gradient_direction=&#8221;left_to_right&#8221; shape_divider_position=&#8221;bottom&#8221; bg_image_animation=&#8221;none&#8221; shape_type=&#8221;&#8221;][vc_column column_padding=&#8221;no-extra-padding&#8221; column_padding_tablet=&#8221;inherit&#8221; column_padding_phone=&#8221;inherit&#8221; column_padding_position=&#8221;all&#8221; column_element_spacing=&#8221;default&#8221; background_color_opacity=&#8221;1&#8243; background_hover_color_opacity=&#8221;1&#8243; column_shadow=&#8221;none&#8221; column_border_radius=&#8221;none&#8221; column_link_target=&#8221;_self&#8221; gradient_direction=&#8221;left_to_right&#8221; overlay_strength=&#8221;0.3&#8243; width=&#8221;1\/1&#8243; tablet_width_inherit=&#8221;default&#8221; tablet_text_alignment=&#8221;default&#8221; phone_text_alignment=&#8221;default&#8221; bg_image_animation=&#8221;none&#8221; border_type=&#8221;simple&#8221; column_border_width=&#8221;none&#8221; column_border_style=&#8221;solid&#8221;][nectar_single_testimonial testimonial_style=&#8221;bold&#8221; color=&#8221;Accent-Color&#8221; quote=&#8221;Nos guides ont fait la diff\u00e9rence ! Technique, patience, tranquillit\u00e9, toujours \u00e0 l&#8217;\u00e9coute et avec encouragement !&#8221; name=&#8221;Ana Cl\u00e1udia&#8221;][\/vc_column][\/vc_row][vc_row type=&#8221;full_width_content&#8221; full_screen_row_position=&#8221;middle&#8221; column_margin=&#8221;default&#8221; column_direction=&#8221;default&#8221; column_direction_tablet=&#8221;default&#8221; column_direction_phone=&#8221;default&#8221; scene_position=&#8221;center&#8221; text_color=&#8221;dark&#8221; text_align=&#8221;left&#8221; row_border_radius=&#8221;none&#8221; row_border_radius_applies=&#8221;bg&#8221; overlay_strength=&#8221;0.3&#8243; gradient_direction=&#8221;left_to_right&#8221; shape_divider_position=&#8221;bottom&#8221; bg_image_animation=&#8221;none&#8221; shape_type=&#8221;&#8221;][vc_column column_padding=&#8221;no-extra-padding&#8221; column_padding_tablet=&#8221;inherit&#8221; column_padding_phone=&#8221;inherit&#8221; column_padding_position=&#8221;all&#8221; column_element_spacing=&#8221;default&#8221; background_color_opacity=&#8221;1&#8243; background_hover_color_opacity=&#8221;1&#8243; column_shadow=&#8221;none&#8221; column_border_radius=&#8221;none&#8221; column_link_target=&#8221;_self&#8221; gradient_direction=&#8221;left_to_right&#8221; overlay_strength=&#8221;0.3&#8243; width=&#8221;1\/1&#8243; tablet_width_inherit=&#8221;default&#8221; tablet_text_alignment=&#8221;default&#8221; phone_text_alignment=&#8221;default&#8221; bg_image_animation=&#8221;none&#8221; border_type=&#8221;simple&#8221; column_border_width=&#8221;none&#8221; column_border_style=&#8221;solid&#8221;][divider line_type=&#8221;No Line&#8221; custom_height=&#8221;50px&#8221;][vc_video link=&#8221;https:\/\/www.youtube.com\/watch?v=hlLb02lihCY&#8221;][divider line_type=&#8221;No Line&#8221; custom_height=&#8221;50px&#8221;][\/vc_column][\/vc_row][vc_row type=&#8221;in_container&#8221; full_screen_row_position=&#8221;middle&#8221; column_margin=&#8221;default&#8221; column_direction=&#8221;default&#8221; column_direction_tablet=&#8221;default&#8221; column_direction_phone=&#8221;default&#8221; scene_position=&#8221;center&#8221; text_color=&#8221;dark&#8221; text_align=&#8221;left&#8221; row_border_radius=&#8221;none&#8221; row_border_radius_applies=&#8221;bg&#8221; overlay_strength=&#8221;0.3&#8243; gradient_direction=&#8221;left_to_right&#8221; shape_divider_position=&#8221;bottom&#8221; bg_image_animation=&#8221;none&#8221; shape_type=&#8221;&#8221;][vc_column column_padding=&#8221;no-extra-padding&#8221; column_padding_tablet=&#8221;inherit&#8221; column_padding_phone=&#8221;inherit&#8221; column_padding_position=&#8221;all&#8221; column_element_spacing=&#8221;default&#8221; background_color_opacity=&#8221;1&#8243; background_hover_color_opacity=&#8221;1&#8243; column_shadow=&#8221;none&#8221; column_border_radius=&#8221;none&#8221; column_link_target=&#8221;_self&#8221; gradient_direction=&#8221;left_to_right&#8221; overlay_strength=&#8221;0.3&#8243; width=&#8221;1\/1&#8243; tablet_width_inherit=&#8221;default&#8221; tablet_text_alignment=&#8221;default&#8221; phone_text_alignment=&#8221;default&#8221; bg_image_animation=&#8221;none&#8221; border_type=&#8221;simple&#8221; column_border_width=&#8221;none&#8221; column_border_style=&#8221;solid&#8221;][vc_column_text]<span style=\"font-weight: 400;\">D\u00e9j\u00e0 dans la maison du natif M. Wilson, le groupe a pu se reposer et \u00eatre bien accueilli par la famille qui, pendant leur s\u00e9jour, leur a offert des repas savoureux et le meilleur du confort de leur maison, qui, soit dit en passant, ne comprend pas de douche chaude, ni de wi-fi, mais le n\u00e9cessaire pour se r\u00e9veiller enthousiaste pour le jour suivant.<\/span><\/p>\n<p><span style=\"font-weight: 400;\">La marche de 5 heures pour atteindre Cachoeir\u00e3o d&#8217;en haut \u00e9tait difficile, mais le retour le serait encore plus. C&#8217;est un privil\u00e8ge pour ceux qui font de la randonn\u00e9e sous la pluie, les cascades sont rayonnantes! Une douche et un casse-cro\u00fbte leur ont redonn\u00e9 le moral pour affronter un retour de fortes pluies, de glissades et de confiance les uns dans les autres et dans les mains de leurs guides. Il est presque neuf heures lorsqu&#8217;ils rentrent \u00e0 la maison, \u00e9puis\u00e9s mais vibrants. &#8220;Ouvrez la session de bi\u00e8re pour f\u00eater l&#8217;\u00e9v\u00e9nement&#8221;, a d\u00e9clar\u00e9 Germano.<\/span>[\/vc_column_text][divider line_type=&#8221;No Line&#8221; custom_height=&#8221;50px&#8221;][vc_gallery type=&#8221;image_grid&#8221; images=&#8221;9952,10058,9990,9939,9835,9921,9948,10060,10059,9947&#8243; image_grid_loading=&#8221;default&#8221; layout=&#8221;fullwidth&#8221; masonry_style=&#8221;true&#8221; bypass_image_cropping=&#8221;true&#8221; item_spacing=&#8221;default&#8221; gallery_style=&#8221;7&#8243; load_in_animation=&#8221;none&#8221; img_size=&#8221;full&#8221;][divider line_type=&#8221;No Line&#8221; custom_height=&#8221;50px&#8221;][vc_column_text]<span style=\"font-weight: 400;\">\u00c0 ce stade du voyage, ils se sentaient d\u00e9j\u00e0 forts, confiants et transform\u00e9s. Les jours qui ont suivi ont \u00e9t\u00e9 une f\u00eate dans les cascades et les piscines naturelles, avec le go\u00fbt de celui qui vient de se d\u00e9couvrir un peu plus. Le dernier jour, le &#8220;grand final&#8221; des d\u00e9fis : la mont\u00e9e de la Rampa do Pati pour partir. Un m\u00e9lange d&#8217;\u00e9motion et d&#8217;\u00e9puisement, mais la certitude d&#8217;une exp\u00e9rience inoubliable.<\/span><\/p>\n<p><span style=\"font-weight: 400;\">Assur\u00e9ment, une nouvelle fa\u00e7on de voyager fait d\u00e9sormais partie de la vie de ce groupe courageux ! Et OUI, le trekking Vale do Pati est accessible \u00e0 tous les \u00e2ges ! <\/span><\/p>\n<p><span style=\"font-weight: 400;\">Bienvenue dans notre famille, aventuriers de PlanetaEXO !<\/span>[\/vc_column_text][\/vc_column][\/vc_row][vc_row type=&#8221;in_container&#8221; full_screen_row_position=&#8221;middle&#8221; column_margin=&#8221;default&#8221; column_direction=&#8221;default&#8221; column_direction_tablet=&#8221;default&#8221; column_direction_phone=&#8221;default&#8221; scene_position=&#8221;center&#8221; text_color=&#8221;dark&#8221; text_align=&#8221;left&#8221; row_border_radius=&#8221;none&#8221; row_border_radius_applies=&#8221;bg&#8221; overlay_strength=&#8221;0.3&#8243; gradient_direction=&#8221;left_to_right&#8221; shape_divider_position=&#8221;bottom&#8221; bg_image_animation=&#8221;none&#8221; shape_type=&#8221;&#8221;][vc_column column_padding=&#8221;no-extra-padding&#8221; column_padding_tablet=&#8221;inherit&#8221; column_padding_phone=&#8221;inherit&#8221; column_padding_position=&#8221;all&#8221; column_element_spacing=&#8221;default&#8221; background_color_opacity=&#8221;1&#8243; background_hover_color_opacity=&#8221;1&#8243; column_shadow=&#8221;none&#8221; column_border_radius=&#8221;none&#8221; column_link_target=&#8221;_self&#8221; gradient_direction=&#8221;left_to_right&#8221; overlay_strength=&#8221;0.3&#8243; width=&#8221;1\/1&#8243; tablet_width_inherit=&#8221;default&#8221; tablet_text_alignment=&#8221;default&#8221; phone_text_alignment=&#8221;default&#8221; bg_image_animation=&#8221;none&#8221; border_type=&#8221;simple&#8221; column_border_width=&#8221;none&#8221; column_border_style=&#8221;solid&#8221;][nectar_single_testimonial testimonial_style=&#8221;bold&#8221; color=&#8221;Accent-Color&#8221; quote=&#8221;Merci pour l&#8217;exp\u00e9rience qu&#8217;EXO nous a offerte. Une accolade fraternelle, en particulier, \u00e0 nos guides Saulo et Gil, tr\u00e8s efficaces et \u00e0 notre \u00e9coute.&#8221; name=&#8221;Roberto&#8221;][\/vc_column][\/vc_row][vc_row type=&#8221;full_width_content&#8221; full_screen_row_position=&#8221;middle&#8221; column_margin=&#8221;default&#8221; column_direction=&#8221;default&#8221; column_direction_tablet=&#8221;default&#8221; column_direction_phone=&#8221;default&#8221; scene_position=&#8221;center&#8221; text_color=&#8221;dark&#8221; text_align=&#8221;left&#8221; row_border_radius=&#8221;none&#8221; row_border_radius_applies=&#8221;bg&#8221; overlay_strength=&#8221;0.3&#8243; gradient_direction=&#8221;left_to_right&#8221; shape_divider_position=&#8221;bottom&#8221; bg_image_animation=&#8221;none&#8221; shape_type=&#8221;&#8221;][vc_column column_padding=&#8221;no-extra-padding&#8221; column_padding_tablet=&#8221;inherit&#8221; column_padding_phone=&#8221;inherit&#8221; column_padding_position=&#8221;all&#8221; column_element_spacing=&#8221;default&#8221; background_color_opacity=&#8221;1&#8243; background_hover_color_opacity=&#8221;1&#8243; column_shadow=&#8221;none&#8221; column_border_radius=&#8221;none&#8221; column_link_target=&#8221;_self&#8221; gradient_direction=&#8221;left_to_right&#8221; overlay_strength=&#8221;0.3&#8243; width=&#8221;1\/1&#8243; tablet_width_inherit=&#8221;default&#8221; tablet_text_alignment=&#8221;default&#8221; phone_text_alignment=&#8221;default&#8221; bg_image_animation=&#8221;none&#8221; border_type=&#8221;simple&#8221; column_border_width=&#8221;none&#8221; column_border_style=&#8221;solid&#8221;][vc_gallery type=&#8221;image_grid&#8221; images=&#8221;10061,9930,9956,10062,9937,9839,10065,9840,10064,9953,10067,9954,9946,9933,10063,9991,10066,9992,9962&#8243; image_grid_loading=&#8221;default&#8221; layout=&#8221;fullwidth&#8221; masonry_style=&#8221;true&#8221; bypass_image_cropping=&#8221;true&#8221; item_spacing=&#8221;default&#8221; gallery_style=&#8221;7&#8243; load_in_animation=&#8221;none&#8221; img_size=&#8221;full&#8221;][\/vc_column][\/vc_row][vc_row type=&#8221;in_container&#8221; full_screen_row_position=&#8221;middle&#8221; column_margin=&#8221;default&#8221; column_direction=&#8221;default&#8221; column_direction_tablet=&#8221;default&#8221; column_direction_phone=&#8221;default&#8221; scene_position=&#8221;center&#8221; text_color=&#8221;dark&#8221; text_align=&#8221;left&#8221; row_border_radius=&#8221;none&#8221; row_border_radius_applies=&#8221;bg&#8221; overlay_strength=&#8221;0.3&#8243; gradient_direction=&#8221;left_to_right&#8221; shape_divider_position=&#8221;bottom&#8221; bg_image_animation=&#8221;none&#8221; shape_type=&#8221;&#8221;][vc_column column_padding=&#8221;no-extra-padding&#8221; column_padding_tablet=&#8221;inherit&#8221; column_padding_phone=&#8221;inherit&#8221; column_padding_position=&#8221;all&#8221; column_element_spacing=&#8221;default&#8221; background_color_opacity=&#8221;1&#8243; background_hover_color_opacity=&#8221;1&#8243; column_shadow=&#8221;none&#8221; column_border_radius=&#8221;none&#8221; column_link_target=&#8221;_self&#8221; gradient_direction=&#8221;left_to_right&#8221; overlay_strength=&#8221;0.3&#8243; width=&#8221;1\/1&#8243; tablet_width_inherit=&#8221;default&#8221; tablet_text_alignment=&#8221;default&#8221; phone_text_alignment=&#8221;default&#8221; bg_image_animation=&#8221;none&#8221; border_type=&#8221;simple&#8221; column_border_width=&#8221;none&#8221; column_border_style=&#8221;solid&#8221;][divider line_type=&#8221;No Line&#8221; custom_height=&#8221;50px&#8221;][nectar_single_testimonial testimonial_style=&#8221;bold&#8221; color=&#8221;Accent-Color&#8221; quote=&#8221;Merci pour les soins, les connaissances techniques, et plus encore pour la patience, le pouvoir de stimuler et de vibrer ensemble ! Je vous f\u00e9licite pour l&#8217;\u00e9ducation et les soins prodigu\u00e9s individuellement, le pouvoir d&#8217;ajouter, la force mentale et physique de Saulo et Gil. En plus de l&#8217;affection et de la gentillesse, qui nous gratifient toujours de mots, de conversations et de sourires !&#8221; name=&#8221;Ana Karla&#8221;][\/vc_column][\/vc_row][vc_row type=&#8221;full_width_background&#8221; full_screen_row_position=&#8221;middle&#8221; column_margin=&#8221;default&#8221; column_direction=&#8221;default&#8221; column_direction_tablet=&#8221;default&#8221; column_direction_phone=&#8221;default&#8221; bg_color=&#8221;#000000&#8243; bg_image=&#8221;10014&#8243; bg_position=&#8221;center center&#8221; background_image_loading=&#8221;default&#8221; bg_repeat=&#8221;no-repeat&#8221; scene_position=&#8221;center&#8221; top_padding=&#8221;100&#8243; bottom_padding=&#8221;100&#8243; text_color=&#8221;custom&#8221; custom_text_color=&#8221;#ffffff&#8221; text_align=&#8221;left&#8221; row_border_radius=&#8221;none&#8221; row_border_radius_applies=&#8221;bg&#8221; color_overlay=&#8221;#000000&#8243; overlay_strength=&#8221;0.5&#8243; gradient_direction=&#8221;left_to_right&#8221; shape_divider_position=&#8221;bottom&#8221; bg_image_animation=&#8221;none&#8221; shape_type=&#8221;&#8221;][vc_column column_padding=&#8221;no-extra-padding&#8221; column_padding_tablet=&#8221;inherit&#8221; column_padding_phone=&#8221;inherit&#8221; column_padding_position=&#8221;all&#8221; column_element_spacing=&#8221;default&#8221; centered_text=&#8221;true&#8221; background_color_opacity=&#8221;1&#8243; background_hover_color_opacity=&#8221;1&#8243; column_shadow=&#8221;none&#8221; column_border_radius=&#8221;none&#8221; column_link_target=&#8221;_self&#8221; gradient_direction=&#8221;left_to_right&#8221; overlay_strength=&#8221;0.3&#8243; width=&#8221;1\/1&#8243; tablet_width_inherit=&#8221;default&#8221; tablet_text_alignment=&#8221;default&#8221; phone_text_alignment=&#8221;default&#8221; bg_image_animation=&#8221;none&#8221; border_type=&#8221;simple&#8221; column_border_width=&#8221;none&#8221; column_border_style=&#8221;solid&#8221;][vc_column_text css=&#8221;.vc_custom_1648419113297{padding-bottom: 30px !important;}&#8221;]\n<h2 style=\"text-align: center;\">Bravo les gars !<\/h2>\n[\/vc_column_text][vc_row_inner column_margin=&#8221;default&#8221; column_direction=&#8221;default&#8221; column_direction_tablet=&#8221;default&#8221; column_direction_phone=&#8221;default&#8221; top_padding=&#8221;20&#8243; bottom_padding=&#8221;20&#8243; text_align=&#8221;left&#8221;][vc_column_inner column_padding=&#8221;no-extra-padding&#8221; column_padding_tablet=&#8221;inherit&#8221; column_padding_phone=&#8221;inherit&#8221; column_padding_position=&#8221;all&#8221; column_element_spacing=&#8221;default&#8221; background_color_opacity=&#8221;1&#8243; background_hover_color_opacity=&#8221;1&#8243; column_shadow=&#8221;none&#8221; column_border_radius=&#8221;none&#8221; column_link_target=&#8221;_self&#8221; gradient_direction=&#8221;left_to_right&#8221; overlay_strength=&#8221;0.3&#8243; width=&#8221;1\/3&#8243; tablet_width_inherit=&#8221;default&#8221; bg_image_animation=&#8221;none&#8221; border_type=&#8221;simple&#8221; column_border_width=&#8221;none&#8221; column_border_style=&#8221;solid&#8221;][milestone heading_inherit=&#8221;default&#8221; symbol_position=&#8221;after&#8221; subject_padding=&#8221;0&#8243; color=&#8221;Default&#8221; effect=&#8221;count&#8221; symbol_alignment=&#8221;Default&#8221; milestone_alignment=&#8221;default&#8221; number=&#8221;37&#8243; symbol=&#8221;km&#8221; subject=&#8221;Distance&#8221;][\/vc_column_inner][vc_column_inner column_padding=&#8221;no-extra-padding&#8221; column_padding_tablet=&#8221;inherit&#8221; column_padding_phone=&#8221;inherit&#8221; column_padding_position=&#8221;all&#8221; column_element_spacing=&#8221;default&#8221; background_color_opacity=&#8221;1&#8243; background_hover_color_opacity=&#8221;1&#8243; column_shadow=&#8221;none&#8221; column_border_radius=&#8221;none&#8221; column_link_target=&#8221;_self&#8221; gradient_direction=&#8221;left_to_right&#8221; overlay_strength=&#8221;0.3&#8243; width=&#8221;1\/3&#8243; tablet_width_inherit=&#8221;default&#8221; bg_image_animation=&#8221;none&#8221; border_type=&#8221;simple&#8221; column_border_width=&#8221;none&#8221; column_border_style=&#8221;solid&#8221;][milestone heading_inherit=&#8221;default&#8221; symbol_position=&#8221;after&#8221; subject_padding=&#8221;0&#8243; color=&#8221;Default&#8221; effect=&#8221;count&#8221; symbol_alignment=&#8221;Default&#8221; milestone_alignment=&#8221;default&#8221; number=&#8221;4&#8243; symbol=&#8221;days&#8221; subject=&#8221;Dur\u00e9e&#8221;][\/vc_column_inner][vc_column_inner column_padding=&#8221;no-extra-padding&#8221; column_padding_tablet=&#8221;inherit&#8221; column_padding_phone=&#8221;inherit&#8221; column_padding_position=&#8221;all&#8221; column_element_spacing=&#8221;default&#8221; background_color_opacity=&#8221;1&#8243; background_hover_color_opacity=&#8221;1&#8243; column_shadow=&#8221;none&#8221; column_border_radius=&#8221;none&#8221; column_link_target=&#8221;_self&#8221; gradient_direction=&#8221;left_to_right&#8221; overlay_strength=&#8221;0.3&#8243; width=&#8221;1\/3&#8243; tablet_width_inherit=&#8221;default&#8221; bg_image_animation=&#8221;none&#8221; border_type=&#8221;simple&#8221; column_border_width=&#8221;none&#8221; column_border_style=&#8221;solid&#8221;][milestone heading_inherit=&#8221;default&#8221; symbol_position=&#8221;after&#8221; subject_padding=&#8221;0&#8243; color=&#8221;Default&#8221; effect=&#8221;count&#8221; symbol_alignment=&#8221;Default&#8221; milestone_alignment=&#8221;default&#8221; number=&#8221;1,766&#8243; symbol=&#8221;m&#8221; subject=&#8221;Gain d&#8217;\u00e9l\u00e9vation&#8221;][\/vc_column_inner][\/vc_row_inner][nectar_btn size=&#8221;small&#8221; open_new_tab=&#8221;true&#8221; button_style=&#8221;see-through-2&#8243; hover_text_color_override=&#8221;#ffffff&#8221; icon_family=&#8221;none&#8221; text=&#8221;Voir la carte&#8221; url=&#8221;https:\/\/www.alltrails.com\/explore\/map\/vale-do-pati-germano-e-amigos-10c6608?u=m&#8221;][\/vc_column][\/vc_row][vc_row type=&#8221;full_width_background&#8221; full_screen_row_position=&#8221;middle&#8221; column_margin=&#8221;default&#8221; column_direction=&#8221;default&#8221; column_direction_tablet=&#8221;default&#8221; column_direction_phone=&#8221;default&#8221; bg_image=&#8221;9974&#8243; bg_position=&#8221;left top&#8221; background_image_loading=&#8221;default&#8221; bg_repeat=&#8221;no-repeat&#8221; full_height=&#8221;yes&#8221; scene_position=&#8221;center&#8221; text_color=&#8221;light&#8221; text_align=&#8221;center&#8221; row_border_radius=&#8221;none&#8221; row_border_radius_applies=&#8221;bg&#8221; color_overlay=&#8221;#000000&#8243; color_overlay_2=&#8221;#90d8c0&#8243; overlay_strength=&#8221;0.5&#8243; gradient_direction=&#8221;left_to_right&#8221; shape_divider_position=&#8221;bottom&#8221; bg_image_animation=&#8221;none&#8221; shape_type=&#8221;&#8221;][vc_column column_padding=&#8221;no-extra-padding&#8221; column_padding_tablet=&#8221;inherit&#8221; column_padding_phone=&#8221;inherit&#8221; column_padding_position=&#8221;all&#8221; column_element_spacing=&#8221;default&#8221; centered_text=&#8221;true&#8221; background_color_opacity=&#8221;1&#8243; background_hover_color_opacity=&#8221;1&#8243; column_shadow=&#8221;none&#8221; column_border_radius=&#8221;none&#8221; column_link_target=&#8221;_self&#8221; gradient_direction=&#8221;left_to_right&#8221; overlay_strength=&#8221;0.3&#8243; width=&#8221;1\/1&#8243; tablet_width_inherit=&#8221;default&#8221; tablet_text_alignment=&#8221;default&#8221; phone_text_alignment=&#8221;default&#8221; bg_image_animation=&#8221;none&#8221; border_type=&#8221;simple&#8221; column_border_width=&#8221;none&#8221; column_border_style=&#8221;solid&#8221;][image_with_animation image_url=&#8221;10019&#8243; animation=&#8221;Fade In&#8221; hover_animation=&#8221;none&#8221; alignment=&#8221;center&#8221; border_radius=&#8221;none&#8221; box_shadow=&#8221;none&#8221; image_loading=&#8221;default&#8221; max_width=&#8221;custom&#8221; max_width_custom=&#8221;60px&#8221;][vc_column_text css=&#8221;.vc_custom_1648325675906{padding-right: 15% !important;padding-left: 15% !important;}&#8221;]\n<h5 style=\"text-align: center;\"><strong>Cette aventure soutient les communaut\u00e9s locales et les voyages durables \u00e0 Chapada Diamantina, au Br\u00e9sil.<br \/>\n<\/strong><\/h5>\n[\/vc_column_text][\/vc_column][\/vc_row]\n","protected":false},"excerpt":{"rendered":"<p>[vc_row type=&#8221;in_container&#8221; full_screen_row_position=&#8221;middle&#8221; column_margin=&#8221;default&#8221; column_direction=&#8221;default&#8221; column_direction_tablet=&#8221;default&#8221; column_direction_phone=&#8221;default&#8221; scene_position=&#8221;center&#8221; text_color=&#8221;dark&#8221; text_align=&#8221;left&#8221; row_border_radius=&#8221;none&#8221; row_border_radius_applies=&#8221;bg&#8221; overlay_strength=&#8221;0.3&#8243; gradient_direction=&#8221;left_to_right&#8221; shape_divider_position=&#8221;bottom&#8221; bg_image_animation=&#8221;none&#8221; shape_type=&#8221;&#8221;][vc_column column_padding=&#8221;no-extra-padding&#8221; column_padding_tablet=&#8221;inherit&#8221; column_padding_phone=&#8221;inherit&#8221; column_padding_position=&#8221;all&#8221; column_element_spacing=&#8221;default&#8221; background_color_opacity=&#8221;1&#8243; background_hover_color_opacity=&#8221;1&#8243; column_shadow=&#8221;none&#8221; column_border_radius=&#8221;none&#8221; column_link_target=&#8221;_self&#8221; gradient_direction=&#8221;left_to_right&#8221; overlay_strength=&#8221;0.3&#8243; width=&#8221;1\/1&#8243;&#8230;<\/p>\n","protected":false},"author":19,"featured_media":16156,"comment_status":"closed","ping_status":"open","sticky":false,"template":"","format":"standard","meta":{"_acf_changed":false,"content-type":"","footnotes":""},"categories":[250],"tags":[282,375,376],"class_list":{"0":"post-16732","1":"post","2":"type-post","3":"status-publish","4":"format-standard","5":"has-post-thumbnail","7":"category-non-classifiee","8":"tag-bresil","9":"tag-lencois-maranhenses-fr","10":"tag-maranhao-fr"},"acf":[],"yoast_head":"<!-- This site is optimized with the Yoast SEO Premium plugin v27.4 (Yoast SEO v27.4) - https:\/\/yoast.com\/product\/yoast-seo-premium-wordpress\/ -->\n<title>Le trekking Vale do Pati est accessible \u00e0 tous les \u00e2ges ? - PlanetaEXO<\/title>\n<meta name=\"description\" content=\"Le groupe de Germanos a prouv\u00e9 que le trekking \u00e0 Vale do Pati est accessible \u00e0 tous les \u00e2ges. Laissez-vous surprendre par l&#039;abondance de la nature, des chutes d&#039;eau et des paysages. Rejoignez-nous !\" \/>\n<meta name=\"robots\" content=\"index, follow, max-snippet:-1, max-image-preview:large, max-video-preview:-1\" \/>\n<link rel=\"canonical\" href=\"https:\/\/planetaexo.com\/fr\/blog\/vale-do-pati-trekking-est-pour-tous-les-ages\/\" \/>\n<meta property=\"og:locale\" content=\"fr_FR\" \/>\n<meta property=\"og:type\" content=\"article\" \/>\n<meta property=\"og:title\" content=\"Le trekking Vale do Pati est accessible \u00e0 tous les \u00e2ges ?\" \/>\n<meta property=\"og:description\" content=\"Le groupe de Germanos a prouv\u00e9 que le trekking \u00e0 Vale do Pati est accessible \u00e0 tous les \u00e2ges. Laissez-vous surprendre par l&#039;abondance de la nature, des chutes d&#039;eau et des paysages. Rejoignez-nous !\" \/>\n<meta property=\"og:url\" content=\"https:\/\/planetaexo.com\/fr\/blog\/vale-do-pati-trekking-est-pour-tous-les-ages\/\" \/>\n<meta property=\"og:site_name\" content=\"PlanetaEXO\" \/>\n<meta property=\"article:published_time\" content=\"2023-09-21T17:18:32+00:00\" \/>\n<meta property=\"article:modified_time\" content=\"2024-10-25T18:15:20+00:00\" \/>\n<meta property=\"og:image\" content=\"https:\/\/static.planetaexo.com\/wp-content\/uploads\/2023\/09\/Trekking-Vale-do-Pati-Chapada-Diamantina-Planeta-EXO.jpg\" \/>\n\t<meta property=\"og:image:width\" content=\"1200\" \/>\n\t<meta property=\"og:image:height\" content=\"1200\" \/>\n\t<meta property=\"og:image:type\" content=\"image\/jpeg\" \/>\n<meta name=\"author\" content=\"Lucas Ribeiro\" \/>\n<meta name=\"twitter:card\" content=\"summary_large_image\" \/>\n<meta name=\"twitter:label1\" content=\"\u00c9crit par\" \/>\n\t<meta name=\"twitter:data1\" content=\"Lucas Ribeiro\" \/>\n\t<meta name=\"twitter:label2\" content=\"Dur\u00e9e de lecture estim\u00e9e\" \/>\n\t<meta name=\"twitter:data2\" content=\"3 minutes\" \/>\n<script type=\"application\/ld+json\" class=\"yoast-schema-graph\">{\"@context\":\"https:\\\/\\\/schema.org\",\"@graph\":[{\"@type\":\"Article\",\"@id\":\"https:\\\/\\\/planetaexo.com\\\/fr\\\/blog\\\/vale-do-pati-trekking-est-pour-tous-les-ages\\\/#article\",\"isPartOf\":{\"@id\":\"https:\\\/\\\/planetaexo.com\\\/fr\\\/blog\\\/vale-do-pati-trekking-est-pour-tous-les-ages\\\/\"},\"author\":{\"name\":\"Lucas Ribeiro\",\"@id\":\"https:\\\/\\\/planetaexo.com\\\/fr\\\/#\\\/schema\\\/person\\\/aea53905ad0bd76e66bbb81bd5650170\"},\"headline\":\"Le trekking Vale do Pati est accessible \u00e0 tous les \u00e2ges ?\",\"datePublished\":\"2023-09-21T17:18:32+00:00\",\"dateModified\":\"2024-10-25T18:15:20+00:00\",\"mainEntityOfPage\":{\"@id\":\"https:\\\/\\\/planetaexo.com\\\/fr\\\/blog\\\/vale-do-pati-trekking-est-pour-tous-les-ages\\\/\"},\"wordCount\":3057,\"publisher\":{\"@id\":\"https:\\\/\\\/planetaexo.com\\\/fr\\\/#organization\"},\"image\":{\"@id\":\"https:\\\/\\\/planetaexo.com\\\/fr\\\/blog\\\/vale-do-pati-trekking-est-pour-tous-les-ages\\\/#primaryimage\"},\"thumbnailUrl\":\"https:\\\/\\\/planetaexo.com\\\/wp-content\\\/uploads\\\/2023\\\/09\\\/Trekking-Vale-do-Pati-Chapada-Diamantina-Planeta-EXO.jpg\",\"keywords\":[\"Br\u00e9sil\",\"len\u00e7\u00f3is maranhenses\",\"Maranh\u00e3o\"],\"articleSection\":[\"Non classifi\u00e9(e)\"],\"inLanguage\":\"fr-FR\"},{\"@type\":\"WebPage\",\"@id\":\"https:\\\/\\\/planetaexo.com\\\/fr\\\/blog\\\/vale-do-pati-trekking-est-pour-tous-les-ages\\\/\",\"url\":\"https:\\\/\\\/planetaexo.com\\\/fr\\\/blog\\\/vale-do-pati-trekking-est-pour-tous-les-ages\\\/\",\"name\":\"Le trekking Vale do Pati est accessible \u00e0 tous les \u00e2ges ? - PlanetaEXO\",\"isPartOf\":{\"@id\":\"https:\\\/\\\/planetaexo.com\\\/fr\\\/#website\"},\"primaryImageOfPage\":{\"@id\":\"https:\\\/\\\/planetaexo.com\\\/fr\\\/blog\\\/vale-do-pati-trekking-est-pour-tous-les-ages\\\/#primaryimage\"},\"image\":{\"@id\":\"https:\\\/\\\/planetaexo.com\\\/fr\\\/blog\\\/vale-do-pati-trekking-est-pour-tous-les-ages\\\/#primaryimage\"},\"thumbnailUrl\":\"https:\\\/\\\/planetaexo.com\\\/wp-content\\\/uploads\\\/2023\\\/09\\\/Trekking-Vale-do-Pati-Chapada-Diamantina-Planeta-EXO.jpg\",\"datePublished\":\"2023-09-21T17:18:32+00:00\",\"dateModified\":\"2024-10-25T18:15:20+00:00\",\"description\":\"Le groupe de Germanos a prouv\u00e9 que le trekking \u00e0 Vale do Pati est accessible \u00e0 tous les \u00e2ges. Laissez-vous surprendre par l'abondance de la nature, des chutes d'eau et des paysages. Rejoignez-nous !\",\"breadcrumb\":{\"@id\":\"https:\\\/\\\/planetaexo.com\\\/fr\\\/blog\\\/vale-do-pati-trekking-est-pour-tous-les-ages\\\/#breadcrumb\"},\"inLanguage\":\"fr-FR\",\"potentialAction\":[{\"@type\":\"ReadAction\",\"target\":[\"https:\\\/\\\/planetaexo.com\\\/fr\\\/blog\\\/vale-do-pati-trekking-est-pour-tous-les-ages\\\/\"]}]},{\"@type\":\"ImageObject\",\"inLanguage\":\"fr-FR\",\"@id\":\"https:\\\/\\\/planetaexo.com\\\/fr\\\/blog\\\/vale-do-pati-trekking-est-pour-tous-les-ages\\\/#primaryimage\",\"url\":\"https:\\\/\\\/planetaexo.com\\\/wp-content\\\/uploads\\\/2023\\\/09\\\/Trekking-Vale-do-Pati-Chapada-Diamantina-Planeta-EXO.jpg\",\"contentUrl\":\"https:\\\/\\\/planetaexo.com\\\/wp-content\\\/uploads\\\/2023\\\/09\\\/Trekking-Vale-do-Pati-Chapada-Diamantina-Planeta-EXO.jpg\",\"width\":1200,\"height\":1200,\"caption\":\"Trekking Vale do Pati Chapada Diamantina\"},{\"@type\":\"BreadcrumbList\",\"@id\":\"https:\\\/\\\/planetaexo.com\\\/fr\\\/blog\\\/vale-do-pati-trekking-est-pour-tous-les-ages\\\/#breadcrumb\",\"itemListElement\":[{\"@type\":\"ListItem\",\"position\":1,\"name\":\"Home\",\"item\":\"https:\\\/\\\/planetaexo.com\\\/fr\\\/\"},{\"@type\":\"ListItem\",\"position\":2,\"name\":\"Le trekking Vale do Pati est accessible \u00e0 tous les \u00e2ges ?\"}]},{\"@type\":\"WebSite\",\"@id\":\"https:\\\/\\\/planetaexo.com\\\/fr\\\/#website\",\"url\":\"https:\\\/\\\/planetaexo.com\\\/fr\\\/\",\"name\":\"PlanetaEXO\",\"description\":\"Live an Adventure\",\"publisher\":{\"@id\":\"https:\\\/\\\/planetaexo.com\\\/fr\\\/#organization\"},\"potentialAction\":[{\"@type\":\"SearchAction\",\"target\":{\"@type\":\"EntryPoint\",\"urlTemplate\":\"https:\\\/\\\/planetaexo.com\\\/fr\\\/?s={search_term_string}\"},\"query-input\":{\"@type\":\"PropertyValueSpecification\",\"valueRequired\":true,\"valueName\":\"search_term_string\"}}],\"inLanguage\":\"fr-FR\"},{\"@type\":\"Organization\",\"@id\":\"https:\\\/\\\/planetaexo.com\\\/fr\\\/#organization\",\"name\":\"PlanetaEXO\",\"url\":\"https:\\\/\\\/planetaexo.com\\\/fr\\\/\",\"logo\":{\"@type\":\"ImageObject\",\"inLanguage\":\"fr-FR\",\"@id\":\"https:\\\/\\\/planetaexo.com\\\/fr\\\/#\\\/schema\\\/logo\\\/image\\\/\",\"url\":\"https:\\\/\\\/planetaexo.com\\\/wp-content\\\/uploads\\\/2023\\\/10\\\/cropped-favicon_logoexo-min-1.png\",\"contentUrl\":\"https:\\\/\\\/planetaexo.com\\\/wp-content\\\/uploads\\\/2023\\\/10\\\/cropped-favicon_logoexo-min-1.png\",\"width\":512,\"height\":512,\"caption\":\"PlanetaEXO\"},\"image\":{\"@id\":\"https:\\\/\\\/planetaexo.com\\\/fr\\\/#\\\/schema\\\/logo\\\/image\\\/\"},\"sameAs\":[\"https:\\\/\\\/instagram.com\\\/planetaexo\"]},{\"@type\":\"Person\",\"@id\":\"https:\\\/\\\/planetaexo.com\\\/fr\\\/#\\\/schema\\\/person\\\/aea53905ad0bd76e66bbb81bd5650170\",\"name\":\"Lucas Ribeiro\",\"image\":{\"@type\":\"ImageObject\",\"inLanguage\":\"fr-FR\",\"@id\":\"https:\\\/\\\/secure.gravatar.com\\\/avatar\\\/2bc95aa079871738caab41d9f1cfe51270c4b4810c308a80d55f0b3b80de8efe?s=96&d=mm&r=g\",\"url\":\"https:\\\/\\\/secure.gravatar.com\\\/avatar\\\/2bc95aa079871738caab41d9f1cfe51270c4b4810c308a80d55f0b3b80de8efe?s=96&d=mm&r=g\",\"contentUrl\":\"https:\\\/\\\/secure.gravatar.com\\\/avatar\\\/2bc95aa079871738caab41d9f1cfe51270c4b4810c308a80d55f0b3b80de8efe?s=96&d=mm&r=g\",\"caption\":\"Lucas Ribeiro\"},\"url\":\"https:\\\/\\\/planetaexo.com\\\/fr\\\/blog\\\/author\\\/lucasribeiro\\\/\"}]}<\/script>\n<!-- \/ Yoast SEO Premium plugin. -->","yoast_head_json":{"title":"Le trekking Vale do Pati est accessible \u00e0 tous les \u00e2ges ? - PlanetaEXO","description":"Le groupe de Germanos a prouv\u00e9 que le trekking \u00e0 Vale do Pati est accessible \u00e0 tous les \u00e2ges. Laissez-vous surprendre par l'abondance de la nature, des chutes d'eau et des paysages. Rejoignez-nous !","robots":{"index":"index","follow":"follow","max-snippet":"max-snippet:-1","max-image-preview":"max-image-preview:large","max-video-preview":"max-video-preview:-1"},"canonical":"https:\/\/planetaexo.com\/fr\/blog\/vale-do-pati-trekking-est-pour-tous-les-ages\/","og_locale":"fr_FR","og_type":"article","og_title":"Le trekking Vale do Pati est accessible \u00e0 tous les \u00e2ges ?","og_description":"Le groupe de Germanos a prouv\u00e9 que le trekking \u00e0 Vale do Pati est accessible \u00e0 tous les \u00e2ges. Laissez-vous surprendre par l'abondance de la nature, des chutes d'eau et des paysages. Rejoignez-nous !","og_url":"https:\/\/planetaexo.com\/fr\/blog\/vale-do-pati-trekking-est-pour-tous-les-ages\/","og_site_name":"PlanetaEXO","article_published_time":"2023-09-21T17:18:32+00:00","article_modified_time":"2024-10-25T18:15:20+00:00","og_image":[{"width":1200,"height":1200,"url":"https:\/\/static.planetaexo.com\/wp-content\/uploads\/2023\/09\/Trekking-Vale-do-Pati-Chapada-Diamantina-Planeta-EXO.jpg","type":"image\/jpeg"}],"author":"Lucas Ribeiro","twitter_card":"summary_large_image","twitter_misc":{"\u00c9crit par":"Lucas Ribeiro","Dur\u00e9e de lecture estim\u00e9e":"3 minutes"},"schema":{"@context":"https:\/\/schema.org","@graph":[{"@type":"Article","@id":"https:\/\/planetaexo.com\/fr\/blog\/vale-do-pati-trekking-est-pour-tous-les-ages\/#article","isPartOf":{"@id":"https:\/\/planetaexo.com\/fr\/blog\/vale-do-pati-trekking-est-pour-tous-les-ages\/"},"author":{"name":"Lucas Ribeiro","@id":"https:\/\/planetaexo.com\/fr\/#\/schema\/person\/aea53905ad0bd76e66bbb81bd5650170"},"headline":"Le trekking Vale do Pati est accessible \u00e0 tous les \u00e2ges ?","datePublished":"2023-09-21T17:18:32+00:00","dateModified":"2024-10-25T18:15:20+00:00","mainEntityOfPage":{"@id":"https:\/\/planetaexo.com\/fr\/blog\/vale-do-pati-trekking-est-pour-tous-les-ages\/"},"wordCount":3057,"publisher":{"@id":"https:\/\/planetaexo.com\/fr\/#organization"},"image":{"@id":"https:\/\/planetaexo.com\/fr\/blog\/vale-do-pati-trekking-est-pour-tous-les-ages\/#primaryimage"},"thumbnailUrl":"https:\/\/static.planetaexo.com\/wp-content\/uploads\/2023\/09\/Trekking-Vale-do-Pati-Chapada-Diamantina-Planeta-EXO.jpg","keywords":["Br\u00e9sil","len\u00e7\u00f3is maranhenses","Maranh\u00e3o"],"articleSection":["Non classifi\u00e9(e)"],"inLanguage":"fr-FR"},{"@type":"WebPage","@id":"https:\/\/planetaexo.com\/fr\/blog\/vale-do-pati-trekking-est-pour-tous-les-ages\/","url":"https:\/\/planetaexo.com\/fr\/blog\/vale-do-pati-trekking-est-pour-tous-les-ages\/","name":"Le trekking Vale do Pati est accessible \u00e0 tous les \u00e2ges ? - PlanetaEXO","isPartOf":{"@id":"https:\/\/planetaexo.com\/fr\/#website"},"primaryImageOfPage":{"@id":"https:\/\/planetaexo.com\/fr\/blog\/vale-do-pati-trekking-est-pour-tous-les-ages\/#primaryimage"},"image":{"@id":"https:\/\/planetaexo.com\/fr\/blog\/vale-do-pati-trekking-est-pour-tous-les-ages\/#primaryimage"},"thumbnailUrl":"https:\/\/static.planetaexo.com\/wp-content\/uploads\/2023\/09\/Trekking-Vale-do-Pati-Chapada-Diamantina-Planeta-EXO.jpg","datePublished":"2023-09-21T17:18:32+00:00","dateModified":"2024-10-25T18:15:20+00:00","description":"Le groupe de Germanos a prouv\u00e9 que le trekking \u00e0 Vale do Pati est accessible \u00e0 tous les \u00e2ges. Laissez-vous surprendre par l'abondance de la nature, des chutes d'eau et des paysages. Rejoignez-nous !","breadcrumb":{"@id":"https:\/\/planetaexo.com\/fr\/blog\/vale-do-pati-trekking-est-pour-tous-les-ages\/#breadcrumb"},"inLanguage":"fr-FR","potentialAction":[{"@type":"ReadAction","target":["https:\/\/planetaexo.com\/fr\/blog\/vale-do-pati-trekking-est-pour-tous-les-ages\/"]}]},{"@type":"ImageObject","inLanguage":"fr-FR","@id":"https:\/\/planetaexo.com\/fr\/blog\/vale-do-pati-trekking-est-pour-tous-les-ages\/#primaryimage","url":"https:\/\/static.planetaexo.com\/wp-content\/uploads\/2023\/09\/Trekking-Vale-do-Pati-Chapada-Diamantina-Planeta-EXO.jpg","contentUrl":"https:\/\/static.planetaexo.com\/wp-content\/uploads\/2023\/09\/Trekking-Vale-do-Pati-Chapada-Diamantina-Planeta-EXO.jpg","width":1200,"height":1200,"caption":"Trekking Vale do Pati Chapada Diamantina"},{"@type":"BreadcrumbList","@id":"https:\/\/planetaexo.com\/fr\/blog\/vale-do-pati-trekking-est-pour-tous-les-ages\/#breadcrumb","itemListElement":[{"@type":"ListItem","position":1,"name":"Home","item":"https:\/\/planetaexo.com\/fr\/"},{"@type":"ListItem","position":2,"name":"Le trekking Vale do Pati est accessible \u00e0 tous les \u00e2ges ?"}]},{"@type":"WebSite","@id":"https:\/\/planetaexo.com\/fr\/#website","url":"https:\/\/planetaexo.com\/fr\/","name":"PlanetaEXO","description":"Live an Adventure","publisher":{"@id":"https:\/\/planetaexo.com\/fr\/#organization"},"potentialAction":[{"@type":"SearchAction","target":{"@type":"EntryPoint","urlTemplate":"https:\/\/planetaexo.com\/fr\/?s={search_term_string}"},"query-input":{"@type":"PropertyValueSpecification","valueRequired":true,"valueName":"search_term_string"}}],"inLanguage":"fr-FR"},{"@type":"Organization","@id":"https:\/\/planetaexo.com\/fr\/#organization","name":"PlanetaEXO","url":"https:\/\/planetaexo.com\/fr\/","logo":{"@type":"ImageObject","inLanguage":"fr-FR","@id":"https:\/\/planetaexo.com\/fr\/#\/schema\/logo\/image\/","url":"https:\/\/static.planetaexo.com\/wp-content\/uploads\/2023\/10\/cropped-favicon_logoexo-min-1.png","contentUrl":"https:\/\/static.planetaexo.com\/wp-content\/uploads\/2023\/10\/cropped-favicon_logoexo-min-1.png","width":512,"height":512,"caption":"PlanetaEXO"},"image":{"@id":"https:\/\/planetaexo.com\/fr\/#\/schema\/logo\/image\/"},"sameAs":["https:\/\/instagram.com\/planetaexo"]},{"@type":"Person","@id":"https:\/\/planetaexo.com\/fr\/#\/schema\/person\/aea53905ad0bd76e66bbb81bd5650170","name":"Lucas Ribeiro","image":{"@type":"ImageObject","inLanguage":"fr-FR","@id":"https:\/\/secure.gravatar.com\/avatar\/2bc95aa079871738caab41d9f1cfe51270c4b4810c308a80d55f0b3b80de8efe?s=96&d=mm&r=g","url":"https:\/\/secure.gravatar.com\/avatar\/2bc95aa079871738caab41d9f1cfe51270c4b4810c308a80d55f0b3b80de8efe?s=96&d=mm&r=g","contentUrl":"https:\/\/secure.gravatar.com\/avatar\/2bc95aa079871738caab41d9f1cfe51270c4b4810c308a80d55f0b3b80de8efe?s=96&d=mm&r=g","caption":"Lucas Ribeiro"},"url":"https:\/\/planetaexo.com\/fr\/blog\/author\/lucasribeiro\/"}]}},"_links":{"self":[{"href":"https:\/\/planetaexo.com\/fr\/wp-json\/wp\/v2\/posts\/16732","targetHints":{"allow":["GET"]}}],"collection":[{"href":"https:\/\/planetaexo.com\/fr\/wp-json\/wp\/v2\/posts"}],"about":[{"href":"https:\/\/planetaexo.com\/fr\/wp-json\/wp\/v2\/types\/post"}],"author":[{"embeddable":true,"href":"https:\/\/planetaexo.com\/fr\/wp-json\/wp\/v2\/users\/19"}],"replies":[{"embeddable":true,"href":"https:\/\/planetaexo.com\/fr\/wp-json\/wp\/v2\/comments?post=16732"}],"version-history":[{"count":7,"href":"https:\/\/planetaexo.com\/fr\/wp-json\/wp\/v2\/posts\/16732\/revisions"}],"predecessor-version":[{"id":20202,"href":"https:\/\/planetaexo.com\/fr\/wp-json\/wp\/v2\/posts\/16732\/revisions\/20202"}],"wp:featuredmedia":[{"embeddable":true,"href":"https:\/\/planetaexo.com\/fr\/wp-json\/wp\/v2\/media\/16156"}],"wp:attachment":[{"href":"https:\/\/planetaexo.com\/fr\/wp-json\/wp\/v2\/media?parent=16732"}],"wp:term":[{"taxonomy":"category","embeddable":true,"href":"https:\/\/planetaexo.com\/fr\/wp-json\/wp\/v2\/categories?post=16732"},{"taxonomy":"post_tag","embeddable":true,"href":"https:\/\/planetaexo.com\/fr\/wp-json\/wp\/v2\/tags?post=16732"}],"curies":[{"name":"wp","href":"https:\/\/api.w.org\/{rel}","templated":true}]}}