{"id":17011,"date":"2024-05-05T22:58:10","date_gmt":"2024-05-05T22:58:10","guid":{"rendered":"https:\/\/planetaexo.com\/blog\/vale-do-pati-trek\/"},"modified":"2026-04-27T18:26:49","modified_gmt":"2026-04-27T18:26:49","slug":"vale-do-pati-chapada-diamantina-travel-guide","status":"publish","type":"post","link":"https:\/\/planetaexo.com\/de\/blog\/vale-do-pati-chapada-diamantina-travel-guide\/","title":{"rendered":"Vale do Pati Chapada Diamantina Reisef\u00fchrer"},"content":{"rendered":"<h2><em><strong>Erfahre alles, was du f\u00fcr deine Reise ins Vale do Pati in der Chapada Diamantina wissen musst, einschlie\u00dflich der Anreise, der besten Reisezeit, der wichtigsten Aktivit\u00e4ten und vielem mehr!<\/strong><\/em><\/h2>\n<p><span style=\"font-weight: 400;\">Das <\/span><b>Vale do Pati<\/b><span style=\"font-weight: 400;\"> (oder Pati-Tal) ist eines der meistbesuchten Gebiete im <\/span><a href=\"https:\/\/planetaexo.com\/de\/blog\/reisefuhrer-chapada-diamantina-nationalpark\/\"><b>Chapada Diamantina National Park<\/b><\/a><span style=\"font-weight: 400;\">, bekannt f\u00fcr sein weitreichendes Netz an Wanderwegen \u00fcber Berge, durch Wasserf\u00e4lle, Fl\u00fcsse und H\u00f6hlen. Die Region gilt als <\/span><b>eine der besten Trekking-Destinationen der Welt<\/b><span style=\"font-weight: 400;\"> und ist ein absolutes Highlight f\u00fcr Naturliebhaber!<\/span><\/p>\n<p><span style=\"font-weight: 400;\">Die Region ist zudem <\/span><b>die Heimat von Familien, die ihre T\u00fcren \u00f6ffnen, um Besucher willkommen zu hei\u00dfen<\/b><span style=\"font-weight: 400;\"> und ihnen einen Platz f\u00fcr die Nacht anzubieten. Authentizit\u00e4t und das Eintauchen in die lokale Kultur sind wunderbare H\u00f6hepunkte dieser Art der Unterbringung. Gleichzeitig ist es eine gro\u00dfartige M\u00f6glichkeit, <\/span><b>kleine Gemeinden und den Park selbst zu unterst\u00fctzen<\/b><span style=\"font-weight: 400;\">.<\/span><\/p>\n<div id=\"attachment_46548\" style=\"width: 1010px\" class=\"wp-caption alignnone\"><img loading=\"lazy\" decoding=\"async\" aria-describedby=\"caption-attachment-46548\" class=\"wp-image-46548 size-full\" title=\"Eine Gruppe von Wanderern auf einem unbefestigten Weg durch eine gr\u00fcne Landschaft in Richtung eines Tafelbergs im Vale do Pati.\" src=\"https:\/\/static.planetaexo.com\/wp-content\/uploads\/2025\/10\/chapada-diamantina-travel-tips-hiking-group.jpg.jpg\" alt=\"Eine Gruppe von Wanderern auf einem unbefestigten Weg durch eine gr\u00fcne Landschaft in Richtung eines Tafelbergs im Vale do Pati.\" width=\"1000\" height=\"750\" srcset=\"https:\/\/static.planetaexo.com\/wp-content\/uploads\/2025\/10\/chapada-diamantina-travel-tips-hiking-group.jpg.jpg 1000w, https:\/\/static.planetaexo.com\/wp-content\/uploads\/2025\/10\/chapada-diamantina-travel-tips-hiking-group.jpg-300x225.jpg 300w, https:\/\/static.planetaexo.com\/wp-content\/uploads\/2025\/10\/chapada-diamantina-travel-tips-hiking-group.jpg-768x576.jpg 768w\" sizes=\"auto, (max-width: 1000px) 100vw, 1000px\" \/><p id=\"caption-attachment-46548\" class=\"wp-caption-text\">Photo: Lucas Neves<\/p><\/div>\n<p><span style=\"font-weight: 400;\">Als Plattform f\u00fcr Abenteuerreisen, die sich auf <\/span><a href=\"https:\/\/planetaexo.com\/trips\/de\/ziele\/brasilien\/chapada-diamantina-touren\/\"><b>Chapada Diamantina Tours<\/b><\/a><span style=\"font-weight: 400;\"> spezialisiert hat, kennt <\/span><b>PlanetaEXO<\/b><span style=\"font-weight: 400;\"> das Vale do Pati sehr genau. Um dir bei der Urlaubsplanung f\u00fcr dieses fantastische Reiseziel zu helfen, haben wir einen umfassenden Leitfaden mit allen wesentlichen Informationen zusammengestellt. Schau ihn dir unten an!<\/span><\/p>\n<p><b>Inhaltsverzeichnis:<\/b><\/p>\n<ul>\n<li><a href=\"#uber-das-Vale-do-Pati\"><b>\u00dcber das Vale do Pati<\/b><\/a><\/li>\n<li><a href=\"#Wo-liegt-das-Vale-do-Pati\"><b>Wo liegt das Vale do Pati?<\/b><\/a><\/li>\n<li><a href=\"#Wie-gelingt-die-Anreise\"><b>Wie gelingt die Anreise in die Chapada Diamantina und zum Vale do Pati?<\/b><\/a><\/li>\n<li><a href=\"#Wann-ist-die-beste-Reisezeit-fur\"><b>Wann ist die beste Reisezeit f\u00fcr das Vale do Pati?<\/b><\/a><\/li>\n<li><a href=\"#Wie-ist-das-aktuelle-Wetter\"><b>Wie ist das aktuelle Wetter im Vale do Pati?<\/b><\/a><\/li>\n<li><a href=\"#Was-kann-man-im-Vale-do-Pati\"><b>Was kann man im Vale do Pati unternehmen?<\/b><\/a><\/li>\n<li><a href=\"#Wo-kann-man-im-Vale-do-Pati-ubernachten\"><b>Wo kann man im Vale do Pati \u00fcbernachten?<\/b><\/a><\/li>\n<li><a href=\"#Wie-lang-ist-der-Vale-do-Pati-Trek\"><b>Wie lang ist der Vale do Pati Trek?<\/b><\/a><\/li>\n<li><a href=\"#Wie-schwer-ist-die-Wanderung-im-Vale-do-Pati\"><b>Wie schwer ist die Wanderung im Vale do Pati?<\/b><\/a><\/li>\n<li><a href=\"#Brauche-ich-einen-Guide\"><b>Brauche ich einen Guide, um das Vale do Pati in der Chapada Diamantina zu besuchen?<\/b><\/a><\/li>\n<li><a href=\"#Wie-viele-Tage-sollte\"><b>Wie viele Tage sollte ich im Vale do Pati bleiben?<\/b><\/a><\/li>\n<li><a href=\"#Wie-viel-kostet\"><b>Wie viel kostet eine Reise ins Vale do Pati?<\/b><\/a><\/li>\n<li><a href=\"#Gibt-es-Handyempfang\"><b>Gibt es Handyempfang im Vale do Pati?<\/b><\/a><\/li>\n<li><a href=\"#Was-sollte-man\"><b>Was sollte man f\u00fcr den Vale do Pati Trek einpacken?<\/b><\/a><\/li>\n<\/ul>\n<h2><b><a id=\"uber-das-Vale-do-Pati\"><\/a>\u00dcber das Vale do Pati<\/b><\/h2>\n<p><span style=\"font-weight: 400;\">Das Vale do Pati ist Teil des Nationalparks Chapada Diamantina und umfasst eine Gesamtfl\u00e4che von <\/span><b>12.300 Hektar<\/b><span style=\"font-weight: 400;\"> halbtropischer \u00d6kosysteme.<\/span><\/p>\n<p><span style=\"font-weight: 400;\">Geologisch gesehen entstand das Tal im <\/span><b>Proterozoikum<\/b><span style=\"font-weight: 400;\"> (vor etwa 1,6 Milliarden Jahren), als die sediment\u00e4ren und metasediment\u00e4ren Gesteine gebildet wurden, aus denen heute seine Wasserf\u00e4lle, H\u00f6hlen und Berge bestehen.<\/span><\/p>\n<p><span style=\"font-weight: 400;\">Das Tal gilt als <\/span><b>eines der besten Reiseziele der Welt f\u00fcr Trekking<\/b><span style=\"font-weight: 400;\"> und zeichnet sich besonders durch die <\/span><b>Unterbringung von Wanderern in den H\u00e4usern der Einheimischen<\/b><span style=\"font-weight: 400;\"> aus, die im Nationalpark leben.<\/span><\/p>\n<p><span style=\"font-weight: 400;\">Auf dem H\u00f6hepunkt des <\/span><b>Kaffee-Booms<\/b><span style=\"font-weight: 400;\"> (Mitte des 19. Jahrhunderts) bewohnten \u00fcber <\/span><b>400 Familien<\/b><span style=\"font-weight: 400;\"> das Gebiet und nutzten dieselben Wege, die heute Touristen begehen, um den geernteten Kaffee zu transportieren. Nach dem Niedergang der Kaffeeindustrie war die Region fast verlassen, doch <\/span><b>1985<\/b><span style=\"font-weight: 400;\"> begann ein neues Kapitel, als das Tal in den Park integriert wurde. <\/span><b>Einige Jahre sp\u00e4ter begannen die Einheimischen, ihre T\u00fcren f\u00fcr Reisende zu \u00f6ffnen \u2013 eine Tradition, die bis heute fortlebt.<\/b><b><\/b><\/p>\n<p style=\"text-align: center;\"><iframe loading=\"lazy\" title=\"YouTube video player\" src=\"\/\/www.youtube.com\/embed\/8vrfStLjzpk?si=HCroGZ-J1XjIYmqZ\" width=\"560\" height=\"315\" frameborder=\"0\" allowfullscreen=\"allowfullscreen\"><\/iframe><\/p>\n<h2><b><a id=\"Wo-liegt-das-Vale-do-Pati\"><\/a>Wo liegt das Vale do Pati?<\/b><\/h2>\n<p><span style=\"font-weight: 400;\">Das Vale do Pati liegt im Herzen von Bahia, Brasilien, und ist die Region der Chapada Diamantina, die durch den Lauf des <\/span><b>Flusses Pati<\/b><span style=\"font-weight: 400;\"> in den St\u00e4dten <\/span><b>Palmeiras, Andara\u00ed und Mucug\u00ea<\/b><span style=\"font-weight: 400;\"> gebildet wird.<\/span><\/p>\n<p><span style=\"font-weight: 400;\">Eingebettet in die Landschaften der <\/span><b>Serra do Sincor\u00e1<\/b><span style=\"font-weight: 400;\"> ist das Gebiet bekannt f\u00fcr seine Naturwunder, darunter der <\/span><b>Morro do Camelo, der Morro do Pai In\u00e1cio, der Morro do Castelo, der Morr\u00e3o, der Funis-Wasserfall, die Gerais do Vieira<\/b><span style=\"font-weight: 400;\"> und der <\/span><b>Fluss Preto<\/b><span style=\"font-weight: 400;\">.<\/span><\/p>\n<p><iframe loading=\"lazy\" src=\"https:\/\/www.google.com\/maps\/embed?pb=!1m14!1m8!1m3!1d15563.814901608624!2d-41.4784671!3d-12.7815157!3m2!1i1024!2i768!4f13.1!3m3!1m2!1s0x0%3A0xa7461d498f95d46b!2sMirante%20Vale%20do%20Pati!5e0!3m2!1sen!2suk!4v1668522912035!5m2!1sen!2suk\" width=\"1000\" height=\"750\" frameborder=\"0\" data-mce-fragment=\"1\"><span data-mce-type=\"bookmark\" style=\"display: inline-block; width: 0px; overflow: hidden; line-height: 0;\" class=\"mce_SELRES_start\">\ufeff<\/span><span data-mce-type=\"bookmark\" style=\"display: inline-block; width: 0px; overflow: hidden; line-height: 0;\" class=\"mce_SELRES_start\">\ufeff<\/span><\/iframe><\/p>\n<h2><b><a id=\"Wie-gelingt-die-Anreise\"><\/a>Wie gelingt die Anreise in die Chapada Diamantina und zum Vale do Pati?<\/b><\/h2>\n<p><span style=\"font-weight: 400;\">Das Vale do Pati ist nur zu Fu\u00df erreichbar, daher dienen die n\u00e4chstgelegenen St\u00e4dte als Ausgangspunkte f\u00fcr Trekkingrouten durch die Chapada Diamantina.<\/span><\/p>\n<p><span style=\"font-weight: 400;\">Du kannst deinen Vale do Pati Trek in <\/span><b>Beco do Guin\u00e9 oder Aleixo<\/b><span style=\"font-weight: 400;\"> (in der Stadt Guin\u00e9), <\/span><b>Bomba<\/b><span style=\"font-weight: 400;\"> (im Vale do Cap\u00e3o) oder <\/span><b>Ladeira do Imp\u00e9rio<\/b><span style=\"font-weight: 400;\"> (in Andara\u00ed) beginnen. Die Entscheidung h\u00e4ngt von vielen Faktoren ab, darunter deine Reiseroute, die verf\u00fcgbare Zeit und der Schwierigkeitsgrad der Wege.<\/span><\/p>\n<p><b>Von Salvador<\/b><span style=\"font-weight: 400;\"> (der Hauptstadt Bahias) reisen die Besucher zu <\/span><b>einer der Torst\u00e4dte des Nationalparks<\/b><span style=\"font-weight: 400;\"> \u2013 meist Len\u00e7\u00f3is, aber es ist auch m\u00f6glich, nach Palmeiras, Vale do Cap\u00e3o, Guin\u00e9, Ibicoara und Mucug\u00ea zu fahren \u2013, um die Chapada Diamantina zu erreichen. Diese Reise kann mit dem Bus oder einem <\/span><b>privaten Transfer erfolgen, <\/b><a href=\"https:\/\/planetaexo.com\/de\/kontakt\/\"><b>der von PlanetaEXO organisiert wird<\/b><\/a><span style=\"font-weight: 400;\">.<\/span><\/p>\n<div id=\"attachment_10434\" style=\"width: 1290px\" class=\"wp-caption alignnone\"><img loading=\"lazy\" decoding=\"async\" aria-describedby=\"caption-attachment-10434\" class=\"wp-image-10434 size-full\" title=\"Ein gr\u00fcnes Stra\u00dfenschild f\u00fcr die Touristenzone Chapada Diamantina, das die Entfernungen nach Palmeiras, Vale do Cap\u00e3o und Guin\u00e9 anzeigt.\" src=\"https:\/\/static.planetaexo.com\/wp-content\/uploads\/2022\/11\/how-to-get-in-vale-do-pati.jpg\" alt=\"Ein gr\u00fcnes Stra\u00dfenschild f\u00fcr die Touristenzone Chapada Diamantina, das die Entfernungen nach Palmeiras, Vale do Cap\u00e3o und Guin\u00e9 anzeigt.\" width=\"1280\" height=\"893\" srcset=\"https:\/\/static.planetaexo.com\/wp-content\/uploads\/2022\/11\/how-to-get-in-vale-do-pati.jpg 1280w, https:\/\/static.planetaexo.com\/wp-content\/uploads\/2022\/11\/how-to-get-in-vale-do-pati-300x209.jpg 300w, https:\/\/static.planetaexo.com\/wp-content\/uploads\/2022\/11\/how-to-get-in-vale-do-pati-1024x714.jpg 1024w, https:\/\/static.planetaexo.com\/wp-content\/uploads\/2022\/11\/how-to-get-in-vale-do-pati-768x536.jpg 768w, https:\/\/static.planetaexo.com\/wp-content\/uploads\/2022\/11\/how-to-get-in-vale-do-pati-18x12.jpg 18w\" sizes=\"auto, (max-width: 1280px) 100vw, 1280px\" \/><p id=\"caption-attachment-10434\" class=\"wp-caption-text\">.<\/p><\/div>\n<p><b>\ud83d\udc49 Mehr lesen: Tipps zur <\/b><a href=\"https:\/\/planetaexo.com\/de\/blog\/reisefuhrer-chapada-diamantina-nationalpark\/\"><b>Anreise in die Chapada Diamantina<\/b><\/a><\/p>\n<h2><b><a id=\"Wann-ist-die-beste-Reisezeit-fur\"><\/a>Wann ist die beste Reisezeit f\u00fcr das Vale do Pati?<\/b><\/h2>\n<p><b>Du kannst das Vale do Pati das ganze Jahr \u00fcber besuchen<\/b><span style=\"font-weight: 400;\">, es ist jedoch wichtig zu verstehen, dass die Region zwei ausgepr\u00e4gte Jahreszeiten hat.<\/span><\/p>\n<p><span style=\"font-weight: 400;\">W\u00e4hrend der <\/span><b>Trockenzeit<\/b><span style=\"font-weight: 400;\"> (Mai bis September) genie\u00dfen Besucher blauen Himmel, k\u00fchleres Wetter und stabile Wege, wobei <\/span><b>Juni und Juli die k\u00e4ltesten Monate sind<\/b><span style=\"font-weight: 400;\">. In dieser Zeit f\u00fchren die Wasserf\u00e4lle m\u00f6glicherweise weniger Wasser, was jedoch <\/span><b>gro\u00dfartige Bedingungen f\u00fcr das Trekking<\/b><span style=\"font-weight: 400;\"> bietet.<\/span><\/p>\n<p><span style=\"font-weight: 400;\">Die <\/span><b>Regenzeit<\/b><span style=\"font-weight: 400;\"> (Oktober bis April) bringt eine <\/span><b>lebendigere Vegetation, vollere Wasserf\u00e4lle<\/b><span style=\"font-weight: 400;\"> und zwischen Februar und April den atemberaubenden Anblick von bl\u00fchenden B\u00e4umen mit lilafarbenen Bl\u00fcten. Obwohl der Regen normalerweise am fr\u00fchen Morgen und am Abend f\u00e4llt, <\/span><b>k\u00f6nnen die Wege schlammig und ziemlich anspruchsvoll werden<\/b><span style=\"font-weight: 400;\">.<\/span><\/p>\n<p><span style=\"font-weight: 400;\">Trotz des m\u00f6glichen Reizes, w\u00e4hrend einer bestimmten Jahreszeit zu reisen, sollte das lokale Mikroklima ber\u00fccksichtigt werden, das <\/span><b>unerwartete Wetterbedingungen<\/b><span style=\"font-weight: 400;\"> mit sich bringen kann, wie Regen w\u00e4hrend der Trockenzeit oder Sonnenschein in den regnerischen Monaten. Auch die Auswirkungen des Klimawandels haben die Wettermuster unberechenbarer gemacht.<\/span><\/p>\n<p><span style=\"font-weight: 400;\">Du solltest auch die <\/span><b>Hochsaison<\/b><span style=\"font-weight: 400;\"> \u2013 einschlie\u00dflich Juli, August und nationale Feiertage \u2013 ber\u00fccksichtigen, in der der Park durch Urlauber st\u00e4rker frequentiert ist.<\/span><\/p>\n<p><b>\ud83d\udc49 Mehr lesen: <\/b><a href=\"https:\/\/planetaexo.com\/de\/blog\/beste-reisezeit-chapada-diamantina\/\"><b>Wann ist die beste Reisezeit f\u00fcr die Chapada Diamantina im 2026?<\/b><\/a><\/p>\n<h2><b><a id=\"Wie-ist-das-aktuelle-Wetter\"><\/a>Wie ist das aktuelle Wetter im Vale do Pati?<\/b><\/h2>\n<p><span style=\"font-weight: 400;\">Schau dir an, wie das Wetter im Vale do Pati in der Chapada Diamantina gerade ist!<\/span><\/p>\n<p><iframe loading=\"lazy\" src=\"https:\/\/embed.windy.com\/embed2.html?lat=-12.848&amp;lon=-41.438&amp;detailLat=-12.788&amp;detailLon=-41.438&amp;width=650&amp;height=450&amp;zoom=11&amp;level=surface&amp;overlay=rain&amp;product=ecmwf&amp;menu=&amp;message=&amp;marker=&amp;calendar=now&amp;pressure=&amp;type=map&amp;location=coordinates&amp;detail=true&amp;metricWind=default&amp;metricTemp=default&amp;radarRange=-1\" width=\"1000\" height=\"750\" frameborder=\"0\" data-mce-fragment=\"1\"><span data-mce-type=\"bookmark\" style=\"display: inline-block; width: 0px; overflow: hidden; line-height: 0;\" class=\"mce_SELRES_start\">\ufeff<\/span><\/iframe><\/p>\n<h2><b><a id=\"Was-kann-man-im-Vale-do-Pati\"><\/a>Was kann man im Vale do Pati unternehmen?<\/b><\/h2>\n<p><span style=\"font-weight: 400;\">Beim Besuch des Vale do Pati werden Abenteurer von einer Vielzahl an atemberaubenden Naturattraktionen und spannenden Aktivit\u00e4ten begr\u00fc\u00dft, die es zu einem Highlight f\u00fcr Naturliebhaber und Trekking-Enthusiasten machen. Schau dir unten die Hauptattraktionen an!<\/span><\/p>\n<h3><b>Mirante do Pati (Pati-Aussichtspunkt)<\/b><\/h3>\n<p><span style=\"font-weight: 400;\">Ein wunderbarer Ort, um sich zur\u00fcckzulehnen, zu entspannen und ein Picknick zu machen: Der <\/span><b>Mirante do Pati<\/b><span style=\"font-weight: 400;\"> bietet herrliche Ausblicke auf die emporragenden Gipfel des Morro do Castelo, Morro Branco und Morro do Sobradinho am Horizont.<\/span><\/p>\n<div id=\"attachment_19206\" style=\"width: 2058px\" class=\"wp-caption alignnone\"><img loading=\"lazy\" decoding=\"async\" aria-describedby=\"caption-attachment-19206\" class=\"wp-image-19206 size-full\" title=\"Zwei Wanderer sitzen auf einem Felsen am Mirante do Pati und zeigen auf die emporragenden Gipfel des Morro do Castelo und des Morro Branco.\" src=\"https:\/\/static.planetaexo.com\/wp-content\/uploads\/2023\/05\/lookout_vale_do_pati_172_\u00a9Lucas-Neves.jpg\" alt=\"Zwei Wanderer sitzen auf einem Felsen am Mirante do Pati und zeigen auf die emporragenden Gipfel des Morro do Castelo und des Morro Branco.\" width=\"2048\" height=\"1536\" srcset=\"https:\/\/static.planetaexo.com\/wp-content\/uploads\/2023\/05\/lookout_vale_do_pati_172_\u00a9Lucas-Neves.jpg 2048w, https:\/\/static.planetaexo.com\/wp-content\/uploads\/2023\/05\/lookout_vale_do_pati_172_\u00a9Lucas-Neves-300x225.jpg 300w, https:\/\/static.planetaexo.com\/wp-content\/uploads\/2023\/05\/lookout_vale_do_pati_172_\u00a9Lucas-Neves-1024x768.jpg 1024w, https:\/\/static.planetaexo.com\/wp-content\/uploads\/2023\/05\/lookout_vale_do_pati_172_\u00a9Lucas-Neves-768x576.jpg 768w, https:\/\/static.planetaexo.com\/wp-content\/uploads\/2023\/05\/lookout_vale_do_pati_172_\u00a9Lucas-Neves-1536x1152.jpg 1536w\" sizes=\"auto, (max-width: 2048px) 100vw, 2048px\" \/><p id=\"caption-attachment-19206\" class=\"wp-caption-text\">.<\/p><\/div>\n<h3><b>Cachoeira dos Funis (Funis-Wasserfall)<\/b><\/h3>\n<p><span style=\"font-weight: 400;\">Mit einem 30 Meter tiefen Fall und einem nat\u00fcrlichen Becken an seiner Basis ist der <\/span><b>Funis-Wasserfall<\/b><span style=\"font-weight: 400;\"> der perfekte Ort, um nach einer langen Wanderung zu entspannen, abzuschalten und sich abzuk\u00fchlen.<\/span><\/p>\n<div id=\"attachment_19275\" style=\"width: 1010px\" class=\"wp-caption alignnone\"><img loading=\"lazy\" decoding=\"async\" aria-describedby=\"caption-attachment-19275\" class=\"wp-image-19275 size-full\" title=\"Eine Frau sitzt friedlich auf einem Felsen neben dem nat\u00fcrlichen Becken am Fu\u00dfe des 30 Meter hohen Funis-Wasserfalls.\" src=\"https:\/\/static.planetaexo.com\/wp-content\/uploads\/2023\/05\/funis_vale_do_pati.jpg\" alt=\"Eine Frau sitzt friedlich auf einem Felsen neben dem nat\u00fcrlichen Becken am Fu\u00dfe des 30 Meter hohen Funis-Wasserfalls.\" width=\"1000\" height=\"750\" srcset=\"https:\/\/static.planetaexo.com\/wp-content\/uploads\/2023\/05\/funis_vale_do_pati.jpg 1000w, https:\/\/static.planetaexo.com\/wp-content\/uploads\/2023\/05\/funis_vale_do_pati-300x225.jpg 300w, https:\/\/static.planetaexo.com\/wp-content\/uploads\/2023\/05\/funis_vale_do_pati-768x576.jpg 768w\" sizes=\"auto, (max-width: 1000px) 100vw, 1000px\" \/><p id=\"caption-attachment-19275\" class=\"wp-caption-text\">.<\/p><\/div>\n<h3><b>Morro do Castelo (Schlossberg)<\/b><\/h3>\n<p><span style=\"font-weight: 400;\">Der Aufstieg zum <\/span><b>Morro do Castelo<\/b><span style=\"font-weight: 400;\"> umfasst eine Kletterpartie von 1.300 Metern, was ihn zu einer der anspruchsvollsten Wanderungen im Vale do Pati macht. Sobald du den Gipfel erreicht hast, betrittst du eine 800 Meter lange H\u00f6hle.<\/span><\/p>\n<p><span style=\"font-weight: 400;\">Hinter der H\u00f6hle wirst du mit zwei spektakul\u00e4ren Aussichtspunkten belohnt, die atemberaubende Blicke aus 1.500 Metern H\u00f6he \u00fcber dem Boden bieten.<\/span><\/p>\n<div id=\"attachment_46600\" style=\"width: 1010px\" class=\"wp-caption alignnone\"><img loading=\"lazy\" decoding=\"async\" aria-describedby=\"caption-attachment-46600\" class=\"wp-image-46600 size-full\" title=\"Wanderer stehen auf einem felsigen Gipfel am Morro do Castelo und blicken \u00fcber einen riesigen, bewaldeten Canyon in der Chapada Diamantina.\" src=\"https:\/\/static.planetaexo.com\/wp-content\/uploads\/2024\/05\/morro-do-castelo-summit-view.jpg.jpg\" alt=\"Wanderer stehen auf einem felsigen Gipfel am Morro do Castelo und blicken \u00fcber einen riesigen, bewaldeten Canyon in der Chapada Diamantina.\" width=\"1000\" height=\"500\" srcset=\"https:\/\/static.planetaexo.com\/wp-content\/uploads\/2024\/05\/morro-do-castelo-summit-view.jpg.jpg 1000w, https:\/\/static.planetaexo.com\/wp-content\/uploads\/2024\/05\/morro-do-castelo-summit-view.jpg-300x150.jpg 300w, https:\/\/static.planetaexo.com\/wp-content\/uploads\/2024\/05\/morro-do-castelo-summit-view.jpg-768x384.jpg 768w\" sizes=\"auto, (max-width: 1000px) 100vw, 1000px\" \/><p id=\"caption-attachment-46600\" class=\"wp-caption-text\">Photo: Alex Hubin<\/p><\/div>\n\n\t\t<style type=\"text\/css\">\n\t\t\t#gallery-1 {\n\t\t\t\tmargin: auto;\n\t\t\t}\n\t\t\t#gallery-1 .gallery-item {\n\t\t\t\tfloat: left;\n\t\t\t\tmargin-top: 10px;\n\t\t\t\ttext-align: center;\n\t\t\t\twidth: 100%;\n\t\t\t}\n\t\t\t#gallery-1 img {\n\t\t\t\tborder: 2px solid #cfcfcf;\n\t\t\t}\n\t\t\t#gallery-1 .gallery-caption {\n\t\t\t\tmargin-left: 0;\n\t\t\t}\n\t\t\t\/* see gallery_shortcode() in wp-includes\/media.php *\/\n\t\t<\/style>\n\t\t<div id='gallery-1' class='gallery galleryid-17011 gallery-columns-1 gallery-size-full'><dl class='gallery-item'>\n\t\t\t<dt class='gallery-icon landscape'>\n\t\t\t\t<img loading=\"lazy\" decoding=\"async\" width=\"1000\" height=\"750\" src=\"https:\/\/static.planetaexo.com\/wp-content\/uploads\/2024\/05\/hikers-heart-shape-morro-do-castelo-cave.jpg.jpg\" class=\"attachment-full size-full\" alt=\"Silhouettes of two hikers forming a heart shape with their arms inside the large cave at Morro do Castelo.\" aria-describedby=\"gallery-1-46574\" srcset=\"https:\/\/static.planetaexo.com\/wp-content\/uploads\/2024\/05\/hikers-heart-shape-morro-do-castelo-cave.jpg.jpg 1000w, https:\/\/static.planetaexo.com\/wp-content\/uploads\/2024\/05\/hikers-heart-shape-morro-do-castelo-cave.jpg-300x225.jpg 300w, https:\/\/static.planetaexo.com\/wp-content\/uploads\/2024\/05\/hikers-heart-shape-morro-do-castelo-cave.jpg-768x576.jpg 768w\" sizes=\"auto, (max-width: 1000px) 100vw, 1000px\" \/>\n\t\t\t<\/dt>\n\t\t\t\t<dd class='wp-caption-text gallery-caption' id='gallery-1-46574'>\n\t\t\t\t.\n\t\t\t\t<\/dd><\/dl><br style=\"clear: both\" \/>\n\t\t<\/div>\n\n<h3><b>Po\u00e7o da \u00c1rvore (Baum-Pool)<\/b><\/h3>\n<p><span style=\"font-weight: 400;\">Der <\/span><b>Po\u00e7o da \u00c1rvore<\/b><span style=\"font-weight: 400;\"> ist ein ruhiges nat\u00fcrliches Becken mit Wasserfall, das von \u00fcppiger Vegetation umgeben ist, einschlie\u00dflich beeindruckender B\u00e4ume, die Schatten spenden und eine friedliche Atmosph\u00e4re schaffen.<\/span><\/p>\n<p><span style=\"font-weight: 400;\">Flussabw\u00e4rts im Flussbett bildet der Zusammenfluss der Fl\u00fcsse Pati und Calixto eine herrliche Aussicht auf den Morro do Castelo und die Canyons des Parks.<\/span><\/p>\n<div id=\"attachment_19216\" style=\"width: 1010px\" class=\"wp-caption alignnone\"><img loading=\"lazy\" decoding=\"async\" aria-describedby=\"caption-attachment-19216\" class=\"wp-image-19216 size-full\" title=\"Luftaufnahme des dunklen Wassers des Po\u00e7o da \u00c1rvore, eines ruhigen nat\u00fcrlichen Beckens, das von \u00fcppig gr\u00fcner Vegetation umgeben ist.\" src=\"https:\/\/static.planetaexo.com\/wp-content\/uploads\/2023\/05\/6-pocodaarvore_vale_do_pati71-1.jpg\" alt=\"Luftaufnahme des dunklen Wassers des Po\u00e7o da \u00c1rvore, eines ruhigen nat\u00fcrlichen Beckens, das von \u00fcppig gr\u00fcner Vegetation umgeben ist.\" width=\"1000\" height=\"750\" srcset=\"https:\/\/static.planetaexo.com\/wp-content\/uploads\/2023\/05\/6-pocodaarvore_vale_do_pati71-1.jpg 1000w, https:\/\/static.planetaexo.com\/wp-content\/uploads\/2023\/05\/6-pocodaarvore_vale_do_pati71-1-300x225.jpg 300w, https:\/\/static.planetaexo.com\/wp-content\/uploads\/2023\/05\/6-pocodaarvore_vale_do_pati71-1-768x576.jpg 768w\" sizes=\"auto, (max-width: 1000px) 100vw, 1000px\" \/><p id=\"caption-attachment-19216\" class=\"wp-caption-text\">.<\/p><\/div>\n<h3><b>Cachoeir\u00e3o und mehr<\/b><\/h3>\n<p><span style=\"font-weight: 400;\">In einer 300 Meter tiefen Schlucht beeindruckt der <\/span><b>Cachoeir\u00e3o<\/b><span style=\"font-weight: 400;\"> w\u00e4hrend der Regenzeit mit einer Reihe von Wasserf\u00e4llen. Neben der spektakul\u00e4ren Aussicht ist er auch ein gro\u00dfartiger Ort, um sich nach stundenlangem Wandern auszuruhen und abzuk\u00fchlen.<\/span><\/p>\n<p><span style=\"font-weight: 400;\">Das Vale do Pati hat noch viele weitere Attraktionen zu bieten, wie die atemberaubenden Kaskaden des <\/span><b>Calixto-Wasserfalls<\/b><span style=\"font-weight: 400;\">, die Wanderwege der <\/span><b>Gerais do Rio Preto<\/b><span style=\"font-weight: 400;\"> und <\/span><b>Gerais do Vieira<\/b><span style=\"font-weight: 400;\"> sowie die Sch\u00f6nheit der Wasserf\u00e4lle <\/span><b>Lajeado<\/b><span style=\"font-weight: 400;\"> und <\/span><b>Bananeiras<\/b><span style=\"font-weight: 400;\">.<\/span><\/p>\n<div id=\"attachment_19265\" style=\"width: 1010px\" class=\"wp-caption alignnone\"><img loading=\"lazy\" decoding=\"async\" aria-describedby=\"caption-attachment-19265\" class=\"wp-image-19265 size-full\" title=\"Zwei Personen sitzen am Rand einer dramatischen, 300 Meter hohen Canyon-Klippe am Cachoeir\u00e3o und bewundern die steilen Felsw\u00e4nde.\" src=\"https:\/\/static.planetaexo.com\/wp-content\/uploads\/2023\/05\/cachoeiraolookout_vale_do_pati.jpg\" alt=\"Zwei Personen sitzen am Rand einer dramatischen, 300 Meter hohen Canyon-Klippe am Cachoeir\u00e3o und bewundern die steilen Felsw\u00e4nde.\" width=\"1000\" height=\"750\" srcset=\"https:\/\/static.planetaexo.com\/wp-content\/uploads\/2023\/05\/cachoeiraolookout_vale_do_pati.jpg 1000w, https:\/\/static.planetaexo.com\/wp-content\/uploads\/2023\/05\/cachoeiraolookout_vale_do_pati-300x225.jpg 300w, https:\/\/static.planetaexo.com\/wp-content\/uploads\/2023\/05\/cachoeiraolookout_vale_do_pati-768x576.jpg 768w\" sizes=\"auto, (max-width: 1000px) 100vw, 1000px\" \/><p id=\"caption-attachment-19265\" class=\"wp-caption-text\">.<\/p><\/div>\n<h2><b><a id=\"Wo-kann-man-im-Vale-do-Pati-ubernachten\"><\/a>Wo kann man im Vale do Pati \u00fcbernachten?<\/b><\/h2>\n<p><span style=\"font-weight: 400;\">Im Vale do Pati hast du die einmalige Gelegenheit, <\/span><b>bei einer der lokalen Familien zu \u00fcbernachten<\/b><span style=\"font-weight: 400;\">, die ihre H\u00e4user in charmante Unterk\u00fcnfte verwandelt haben, um Abenteurer willkommen zu hei\u00dfen, die die Chapada Diamantina erkunden.<\/span><b><\/b><\/p>\n<div id=\"attachment_19221\" style=\"width: 1010px\" class=\"wp-caption alignnone\"><img loading=\"lazy\" decoding=\"async\" aria-describedby=\"caption-attachment-19221\" class=\"wp-image-19221 size-full\" title=\"Traditionelle wei\u00dfe H\u00e4user mit Ziegeld\u00e4chern, eingebettet zwischen den B\u00e4umen im Pati-Tal unter einem leuchtend orangefarbenen Sonnenuntergangshimmel.\" src=\"https:\/\/static.planetaexo.com\/wp-content\/uploads\/2023\/05\/2.jpg\" alt=\"Traditionelle wei\u00dfe H\u00e4user mit Ziegeld\u00e4chern, eingebettet zwischen den B\u00e4umen im Pati-Tal unter einem leuchtend orangefarbenen Sonnenuntergangshimmel.\" width=\"1000\" height=\"750\" srcset=\"https:\/\/static.planetaexo.com\/wp-content\/uploads\/2023\/05\/2.jpg 1000w, https:\/\/static.planetaexo.com\/wp-content\/uploads\/2023\/05\/2-300x225.jpg 300w, https:\/\/static.planetaexo.com\/wp-content\/uploads\/2023\/05\/2-768x576.jpg 768w\" sizes=\"auto, (max-width: 1000px) 100vw, 1000px\" \/><p id=\"caption-attachment-19221\" class=\"wp-caption-text\">.<\/p><\/div>\n<p><span style=\"font-weight: 400;\">Die Tradition der Gastfamilien begann im Jahr <\/span><b>1997<\/b><span style=\"font-weight: 400;\">, als <\/span><b>Wilson und Maria<\/b><span style=\"font-weight: 400;\">, ein im Vale do Pati heimisches Ehepaar, ihr Haus f\u00fcr die ersten Rucksacktouristen \u00f6ffneten. Sie boten hausgemachte Mahlzeiten, ein Bett und ein Gemeinschaftsbad an und schufen so eine <\/span><b>Alternative zum typischen Wildcampen<\/b><span style=\"font-weight: 400;\">.<\/span><\/p>\n<p><span style=\"font-weight: 400;\">Im Laufe der Zeit folgten weitere Familien diesem Beispiel. <\/span><b>Dieser Wandel erm\u00f6glichte es ihnen, sich wirtschaftlich abzusichern, w\u00e4hrend Touristen Einblicke in die lokale Geschichte und Kultur erhielten.<\/b><\/p>\n<div id=\"attachment_19190\" style=\"width: 1010px\" class=\"wp-caption alignnone\"><img loading=\"lazy\" decoding=\"async\" aria-describedby=\"caption-attachment-19190\" class=\"wp-image-19190 size-full\" title=\"Eine einheimische Frau l\u00e4chelt, w\u00e4hrend sie mit gro\u00dfen Aluminiumt\u00f6pfen auf einem Herd eine traditionelle hausgemachte Mahlzeit kocht.\" src=\"https:\/\/static.planetaexo.com\/wp-content\/uploads\/2024\/05\/8-seuwilson_vale_do_pati7-1.jpg\" alt=\"Eine einheimische Frau l\u00e4chelt, w\u00e4hrend sie mit gro\u00dfen Aluminiumt\u00f6pfen auf einem Herd eine traditionelle hausgemachte Mahlzeit kocht.\" width=\"1000\" height=\"750\" srcset=\"https:\/\/static.planetaexo.com\/wp-content\/uploads\/2024\/05\/8-seuwilson_vale_do_pati7-1.jpg 1000w, https:\/\/static.planetaexo.com\/wp-content\/uploads\/2024\/05\/8-seuwilson_vale_do_pati7-1-300x225.jpg 300w, https:\/\/static.planetaexo.com\/wp-content\/uploads\/2024\/05\/8-seuwilson_vale_do_pati7-1-768x576.jpg 768w\" sizes=\"auto, (max-width: 1000px) 100vw, 1000px\" \/><p id=\"caption-attachment-19190\" class=\"wp-caption-text\">.<\/p><\/div>\n<p><span style=\"font-weight: 400;\">Heute leben nur noch eine Handvoll Familien im Vale do Pati, aber sie bieten immer noch dieselbe Art der Unterbringung an: <\/span><b>Mehrbettzimmer und Gemeinschaftsb\u00e4der, kalte Duschen, hausgemachtes Essen und die M\u00f6glichkeit, unglaubliche Menschen zu treffen.<\/b><\/p>\n<div id=\"attachment_19259\" style=\"width: 1010px\" class=\"wp-caption alignnone\"><img loading=\"lazy\" decoding=\"async\" aria-describedby=\"caption-attachment-19259\" class=\"wp-image-19259 size-full\" title=\"Ein Gemeinschaftsschlafzimmer in einer Gastfamilie mit Holzbetten, Schlafs\u00e4cken und einer rustikalen Decke aus freiliegenden Ziegeln und Holz.\" src=\"https:\/\/static.planetaexo.com\/wp-content\/uploads\/2023\/05\/horizontal-2.jpg\" alt=\"Ein Gemeinschaftsschlafzimmer in einer Gastfamilie mit Holzbetten, Schlafs\u00e4cken und einer rustikalen Decke aus freiliegenden Ziegeln und Holz.\" width=\"1000\" height=\"750\" srcset=\"https:\/\/static.planetaexo.com\/wp-content\/uploads\/2023\/05\/horizontal-2.jpg 1000w, https:\/\/static.planetaexo.com\/wp-content\/uploads\/2023\/05\/horizontal-2-300x225.jpg 300w, https:\/\/static.planetaexo.com\/wp-content\/uploads\/2023\/05\/horizontal-2-768x576.jpg 768w\" sizes=\"auto, (max-width: 1000px) 100vw, 1000px\" \/><p id=\"caption-attachment-19259\" class=\"wp-caption-text\">.<\/p><\/div>\n<p><b>\ud83d\udc49 Mehr lesen: <\/b><a href=\"https:\/\/planetaexo.com\/de\/blog\/wo-ubernachte-in-chapada-diamantina\/\"><b>Wo \u00fcbernachte ich in der Chapada Diamantina?<\/b><\/a><\/p>\n<h3><b>Mahlzeiten im Vale do Pati<\/b><\/h3>\n<p><span style=\"font-weight: 400;\">Trotz der abgelegenen Lage essen Reisende im Vale do Pati sehr gut. Die Unterbringung in den H\u00e4usern der Einheimischen umfasst Vollpension \u2013 <\/span><b>jeden Tag frisches, hausgemachtes Essen, vom Mittagessen bis zum Abendessen<\/b><span style=\"font-weight: 400;\">. Typisch brasilianische Gerichte werden mit <\/span><b>lokalen Zutaten von h\u00f6chster Qualit\u00e4t<\/b><span style=\"font-weight: 400;\"> zubereitet.<\/span><\/p>\n<p><span style=\"font-weight: 400;\">Um sicherzustellen, dass jeder einen vollen Magen hat, k\u00f6nnen die K\u00f6che auf die Ern\u00e4hrungsbed\u00fcrfnisse der Besucher mit <\/span><b>vegetarischen, veganen<\/b><span style=\"font-weight: 400;\"> oder <\/span><b>anderen di\u00e4tetischen Einschr\u00e4nkungen<\/b><span style=\"font-weight: 400;\"> eingehen.<\/span><\/p>\n<div id=\"attachment_46580\" style=\"width: 1010px\" class=\"wp-caption alignnone\"><img loading=\"lazy\" decoding=\"async\" aria-describedby=\"caption-attachment-46580\" class=\"wp-image-46580 size-full\" title=\"Zwei Wanderer bedienen sich in einer rustikalen Gastfamilienk\u00fcche an verschiedenen T\u00f6pfen mit frischem, hausgemachtem Essen.\" src=\"https:\/\/static.planetaexo.com\/wp-content\/uploads\/2024\/05\/hikers-serving-homemade-food-kitchen.jpg.jpg\" alt=\"Zwei Wanderer bedienen sich in einer rustikalen Gastfamilienk\u00fcche an verschiedenen T\u00f6pfen mit frischem, hausgemachtem Essen.\" width=\"1000\" height=\"1333\" srcset=\"https:\/\/static.planetaexo.com\/wp-content\/uploads\/2024\/05\/hikers-serving-homemade-food-kitchen.jpg.jpg 1000w, https:\/\/static.planetaexo.com\/wp-content\/uploads\/2024\/05\/hikers-serving-homemade-food-kitchen.jpg-225x300.jpg 225w, https:\/\/static.planetaexo.com\/wp-content\/uploads\/2024\/05\/hikers-serving-homemade-food-kitchen.jpg-768x1024.jpg 768w, https:\/\/static.planetaexo.com\/wp-content\/uploads\/2024\/05\/hikers-serving-homemade-food-kitchen.jpg-450x600.jpg 450w, https:\/\/static.planetaexo.com\/wp-content\/uploads\/2024\/05\/hikers-serving-homemade-food-kitchen.jpg-350x467.jpg 350w, https:\/\/static.planetaexo.com\/wp-content\/uploads\/2024\/05\/hikers-serving-homemade-food-kitchen.jpg-900x1200.jpg 900w\" sizes=\"auto, (max-width: 1000px) 100vw, 1000px\" \/><p id=\"caption-attachment-46580\" class=\"wp-caption-text\">Photo: Lucas Neves<\/p><\/div>\n<p><span style=\"font-weight: 400;\">Auf Wanderungen k\u00f6nnen die Guides Snacks f\u00fcr die gesamte Gruppe bereitstellen. <\/span><b>Du kannst ein k\u00f6stliches Picknick genie\u00dfen, w\u00e4hrend du die wundersch\u00f6nen Aussichten auf die Chapada bewunderst!<\/b><\/p>\n<div id=\"attachment_46605\" style=\"width: 1010px\" class=\"wp-caption alignnone\"><img loading=\"lazy\" decoding=\"async\" aria-describedby=\"caption-attachment-46605\" class=\"wp-image-46605 size-full\" title=\"Ein farbenfrohes Picknick mit Obst, Snacks und Sandwiches, das auf einer Decke neben einem kleinen kaskadierenden Wasserfall ausgebreitet ist.\" src=\"https:\/\/static.planetaexo.com\/wp-content\/uploads\/2024\/05\/trail-picnic-snacks-waterfall.jpg.jpg\" alt=\"Ein farbenfrohes Picknick mit Obst, Snacks und Sandwiches, das auf einer Decke neben einem kleinen kaskadierenden Wasserfall ausgebreitet ist. \" width=\"1000\" height=\"750\" srcset=\"https:\/\/static.planetaexo.com\/wp-content\/uploads\/2024\/05\/trail-picnic-snacks-waterfall.jpg.jpg 1000w, https:\/\/static.planetaexo.com\/wp-content\/uploads\/2024\/05\/trail-picnic-snacks-waterfall.jpg-300x225.jpg 300w, https:\/\/static.planetaexo.com\/wp-content\/uploads\/2024\/05\/trail-picnic-snacks-waterfall.jpg-768x576.jpg 768w\" sizes=\"auto, (max-width: 1000px) 100vw, 1000px\" \/><p id=\"caption-attachment-46605\" class=\"wp-caption-text\">.<\/p><\/div>\n<h2><strong><a id=\"Wie-lang-ist-der-Vale-do-Pati-Trek\"><\/a>Wie lang ist der Vale do Pati Trek?<\/strong><\/h2>\n<p>Die Kilometerzahl und die Dauer einer Wanderung durch das Vale do Pati h\u00e4ngen von mehreren Faktoren ab, darunter die Reiseroute, die f\u00fcr den Trek vorgesehene Anzahl von Tagen, der Ausgangspunkt, die Wahl der Unterkunft und Besuche von bestimmten Sehensw\u00fcrdigkeiten entlang des Weges.<\/p>\n<p>Im Durchschnitt legen Wanderer etwa 15 km pro Tag zur\u00fcck, mit Schwankungen von 8 km an kurzen Tagen und 22 km an l\u00e4ngeren Tagen. Eine typische 3-t\u00e4gige Wanderung umfasst etwa 35 km, w\u00e4hrend Reisende, die sich f\u00fcr 4 oder 5 Tage entscheiden, 52 bzw. 59 km zur\u00fccklegen.<\/p>\n<p>Reisende mit einem engen Zeitplan k\u00f6nnen den Weg in Guin\u00e9 beginnen und 10 km ins Vale do Pati laufen. Die Entfernung vom Vale do Cap\u00e3o und von Andara\u00ed ist gr\u00f6\u00dfer und erreicht 22 km.<\/p>\n<p>Es ist klar, dass diese Entfernungen flexibel sind und angepasst werden k\u00f6nnen, je nach Erfahrung, F\u00e4higkeiten, Vorlieben und Bed\u00fcrfnissen der einzelnen Personen. In jedem Fall zeigt jede Route ihre einzigartige Natursch\u00f6nheit und der \u201ebeste\u201c Weg h\u00e4ngt letztendlich davon ab, was am besten zu den Reisepl\u00e4nen und der Kondition des Trekkers passt.<\/p>\n<div id=\"attachment_19196\" style=\"width: 1090px\" class=\"wp-caption alignnone\"><img loading=\"lazy\" decoding=\"async\" aria-describedby=\"caption-attachment-19196\" class=\"wp-image-19196 size-full\" title=\"Zwei Wanderer nutzen Trekkingst\u00f6cke, um einen flachen, felsigen Fluss zu \u00fcberqueren, w\u00e4hrend sich im Hintergrund ein gro\u00dfer Berggipfel erhebt.\" src=\"https:\/\/static.planetaexo.com\/wp-content\/uploads\/2023\/05\/quadrado-5.jpg\" alt=\"Zwei Wanderer nutzen Trekkingst\u00f6cke, um einen flachen, felsigen Fluss zu \u00fcberqueren, w\u00e4hrend sich im Hintergrund ein gro\u00dfer Berggipfel erhebt.\" width=\"1080\" height=\"1080\" srcset=\"https:\/\/static.planetaexo.com\/wp-content\/uploads\/2023\/05\/quadrado-5.jpg 1080w, https:\/\/static.planetaexo.com\/wp-content\/uploads\/2023\/05\/quadrado-5-300x300.jpg 300w, https:\/\/static.planetaexo.com\/wp-content\/uploads\/2023\/05\/quadrado-5-1024x1024.jpg 1024w, https:\/\/static.planetaexo.com\/wp-content\/uploads\/2023\/05\/quadrado-5-150x150.jpg 150w, https:\/\/static.planetaexo.com\/wp-content\/uploads\/2023\/05\/quadrado-5-768x768.jpg 768w, https:\/\/static.planetaexo.com\/wp-content\/uploads\/2023\/05\/quadrado-5-140x140.jpg 140w, https:\/\/static.planetaexo.com\/wp-content\/uploads\/2023\/05\/quadrado-5-100x100.jpg 100w, https:\/\/static.planetaexo.com\/wp-content\/uploads\/2023\/05\/quadrado-5-500x500.jpg 500w, https:\/\/static.planetaexo.com\/wp-content\/uploads\/2023\/05\/quadrado-5-350x350.jpg 350w, https:\/\/static.planetaexo.com\/wp-content\/uploads\/2023\/05\/quadrado-5-1000x1000.jpg 1000w, https:\/\/static.planetaexo.com\/wp-content\/uploads\/2023\/05\/quadrado-5-800x800.jpg 800w\" sizes=\"auto, (max-width: 1080px) 100vw, 1080px\" \/><p id=\"caption-attachment-19196\" class=\"wp-caption-text\">.<\/p><\/div>\n<h2><b><a id=\"Wie-schwer-ist-die-Wanderung-im-Vale-do-Pati\"><\/a>Wie schwer ist die Wanderung im Vale do Pati?<\/b><\/h2>\n<p><span style=\"font-weight: 400;\">Einer der Gr\u00fcnde, warum Wanderungen im Vale do Pati weltweit bekannt sind, ist die <\/span><b>Vielfalt der Wege mit unterschiedlichen Schwierigkeitsgraden<\/b><span style=\"font-weight: 400;\">, vom einfachsten bis zum anspruchsvollsten.<\/span><\/p>\n<p><span style=\"font-weight: 400;\">Obwohl die Sch\u00f6nheit und Vielfalt des Nationalparks Abenteurer jeden Alters einladen, ist es wichtig, die <\/span><b>physischen Anforderungen des Trekkings<\/b><span style=\"font-weight: 400;\"> zu ber\u00fccksichtigen, insbesondere auf den schwierigeren Wegen.<\/span><\/p>\n<p><span style=\"font-weight: 400;\">Anspruchsvolle Wege belohnen die M\u00fche, indem sie \u00fcber Berge, durch Wasserf\u00e4lle, H\u00f6hlen und atemberaubende Landschaften f\u00fchren, aber sie sind nicht f\u00fcr Kinder, \u00e4ltere Menschen oder Personen mit geringerer k\u00f6rperlicher Fitness zu empfehlen. <\/span><b>Profi-Tipp:<\/b><span style=\"font-weight: 400;\"> Erkenne deine Grenzen und finde Aktivit\u00e4ten, die diesen entsprechen!<\/span><b><\/b><\/p>\n<div id=\"attachment_46564\" style=\"width: 1010px\" class=\"wp-caption alignnone\"><img loading=\"lazy\" decoding=\"async\" aria-describedby=\"caption-attachment-46564\" class=\"wp-image-46564 size-full\" title=\"Ein Wanderer steht auf einem Felsvorsprung und fotografiert die weitl\u00e4ufigen gr\u00fcnen T\u00e4ler und Tafelberge.\" src=\"https:\/\/static.planetaexo.com\/wp-content\/uploads\/2024\/05\/hiker-photographing-chapada-diamantina-mountains.jpg.jpg\" alt=\"Ein Wanderer steht auf einem Felsvorsprung und fotografiert die weitl\u00e4ufigen gr\u00fcnen T\u00e4ler und Tafelberge.\" width=\"1000\" height=\"750\" srcset=\"https:\/\/static.planetaexo.com\/wp-content\/uploads\/2024\/05\/hiker-photographing-chapada-diamantina-mountains.jpg.jpg 1000w, https:\/\/static.planetaexo.com\/wp-content\/uploads\/2024\/05\/hiker-photographing-chapada-diamantina-mountains.jpg-300x225.jpg 300w, https:\/\/static.planetaexo.com\/wp-content\/uploads\/2024\/05\/hiker-photographing-chapada-diamantina-mountains.jpg-768x576.jpg 768w\" sizes=\"auto, (max-width: 1000px) 100vw, 1000px\" \/><p id=\"caption-attachment-46564\" class=\"wp-caption-text\">.<\/p><\/div>\n<h2><b><a id=\"Brauche-ich-einen-Guide\"><\/a>Brauche ich einen Guide, um das Vale do Pati in der Chapada Diamantina zu besuchen?<\/b><\/h2>\n<p><span style=\"font-weight: 400;\">Obwohl der Nationalpark Chapada Diamantina f\u00fcr die \u00d6ffentlichkeit zug\u00e4nglich ist und es nicht vorgeschrieben ist, Fachleute zu engagieren, um ihn zu erkunden, <\/span><b>wird die Anwesenheit eines Guides im Vale do Pati und \u00fcberall im Park f\u00fcr jeden Wanderer dringend empfohlen<\/b><span style=\"font-weight: 400;\"> \u2013 insbesondere f\u00fcr diejenigen, die weniger Erfahrung haben oder mit der Region weniger vertraut sind.<\/span><\/p>\n<p><span style=\"font-weight: 400;\">Die meisten Guides im Vale do Pati leben in der Umgebung, was sie zu hervorragenden Experten f\u00fcr die Komplexit\u00e4t der Chapada. Neben der Gew\u00e4hrleistung eines sicheren Abenteuers k\u00f6nnen sie auch Informationen \u00fcber die lokale Fauna, Flora und Geschichte weitergeben, um das Erlebnis weiter zu bereichern.<\/span><\/p>\n<div id=\"attachment_19285\" style=\"width: 1010px\" class=\"wp-caption alignnone\"><img loading=\"lazy\" decoding=\"async\" aria-describedby=\"caption-attachment-19285\" class=\"wp-image-19285 size-full\" style=\"font-size: 16px;\" title=\"Ein einheimischer Guide in einem blauen Hemd und ein Wanderer betrachten gemeinsam eine Wanderkarte, w\u00e4hrend sie sich an einem Aussichtspunkt im Tal ausruhen.\" src=\"https:\/\/static.planetaexo.com\/wp-content\/uploads\/2023\/05\/horizontal-3.jpg\" alt=\"Ein einheimischer Guide in einem blauen Hemd und ein Wanderer betrachten gemeinsam eine Wanderkarte, w\u00e4hrend sie sich an einem Aussichtspunkt im Tal ausruhen.\" width=\"1000\" height=\"750\" srcset=\"https:\/\/static.planetaexo.com\/wp-content\/uploads\/2023\/05\/horizontal-3.jpg 1000w, https:\/\/static.planetaexo.com\/wp-content\/uploads\/2023\/05\/horizontal-3-300x225.jpg 300w, https:\/\/static.planetaexo.com\/wp-content\/uploads\/2023\/05\/horizontal-3-768x576.jpg 768w\" sizes=\"auto, (max-width: 1000px) 100vw, 1000px\" \/><p id=\"caption-attachment-19285\" class=\"wp-caption-text\">.<\/p><\/div>\n<h2><b><a id=\"Wie-viele-Tage-sollte\"><\/a>Wie viele Tage sollte ich im Vale do Pati bleiben?<\/b><\/h2>\n<p><span style=\"font-weight: 400;\">Die Dauer deines Vale do Pati Treks h\u00e4ngt von mehreren Faktoren ab, darunter die gew\u00e4hlte Route, die verf\u00fcgbare Zeit und dein Fitnessniveau. Die meisten Reiserouten liegen jedoch typischerweise zwischen <\/span><b>3 und 5 Tagen<\/b><span style=\"font-weight: 400;\">.<\/span><\/p>\n<p><span style=\"font-weight: 400;\">Am beliebtesten ist die <\/span><a href=\"https:\/\/planetaexo.com\/trips\/de\/a\/vale-do-pati-trek-chapada-diamantina-3-tage\/\"><b>3-t\u00e4gige Tour<\/b><\/a><span style=\"font-weight: 400;\">, die es dir erm\u00f6glicht, den Pati-Aussichtspunkt, den Funis-Wasserfall, den Morro do Castelo und den Cachoeir\u00e3o zu besuchen. <\/span><a href=\"https:\/\/planetaexo.com\/trips\/de\/a\/pati-tal-wanderung-chapada-diamantina-4-tage\/\"><b>4 Tage<\/b><\/a><span style=\"font-weight: 400;\"> beinhalten den Calixto-Wasserfall oder den Po\u00e7o da \u00c1rvore und bieten ein angenehmeres Tempo, um die Sch\u00f6nheit der Chapada in vollen Z\u00fcgen zu genie\u00dfen.<\/span><\/p>\n<p><b><span style=\"font-weight: 400;\">Wenn du die Zeit hast, ist die Wahl eines <\/span><a href=\"https:\/\/planetaexo.com\/trips\/de\/a\/chapada-diamantina-trek-vale-do-pati-5-tage\/\">5-Tage-Treks<\/a><span style=\"font-weight: 400;\"> gro\u00dfartig f\u00fcr ein tiefes Eintauchen in den Nationalpark, einschlie\u00dflich Besuchen des Funis-Wasserfalls und der Ladeira do Imp\u00e9rio.<\/span><br \/>\n<\/b><\/p>\n<div id=\"attachment_46575\" style=\"width: 1010px\" class=\"wp-caption alignnone\"><img loading=\"lazy\" decoding=\"async\" aria-describedby=\"caption-attachment-46575\" class=\"wp-image-46575 size-full\" style=\"font-size: 16px;\" title=\"Silhouette eines Wanderers mit Rucksack, der an einem dunklen H\u00f6hleneingang steht und \u00fcber das sonnenbeschienene Pati-Tal blickt.\" src=\"https:\/\/static.planetaexo.com\/wp-content\/uploads\/2024\/05\/hiker-silhouette-cave-entrance-valley-view.jpg.jpg\" alt=\"Silhouette eines Wanderers mit Rucksack, der an einem dunklen H\u00f6hleneingang steht und \u00fcber das sonnenbeschienene Pati-Tal blickt.\" width=\"1000\" height=\"1333\" srcset=\"https:\/\/static.planetaexo.com\/wp-content\/uploads\/2024\/05\/hiker-silhouette-cave-entrance-valley-view.jpg.jpg 1000w, https:\/\/static.planetaexo.com\/wp-content\/uploads\/2024\/05\/hiker-silhouette-cave-entrance-valley-view.jpg-225x300.jpg 225w, https:\/\/static.planetaexo.com\/wp-content\/uploads\/2024\/05\/hiker-silhouette-cave-entrance-valley-view.jpg-768x1024.jpg 768w, https:\/\/static.planetaexo.com\/wp-content\/uploads\/2024\/05\/hiker-silhouette-cave-entrance-valley-view.jpg-450x600.jpg 450w, https:\/\/static.planetaexo.com\/wp-content\/uploads\/2024\/05\/hiker-silhouette-cave-entrance-valley-view.jpg-350x467.jpg 350w, https:\/\/static.planetaexo.com\/wp-content\/uploads\/2024\/05\/hiker-silhouette-cave-entrance-valley-view.jpg-900x1200.jpg 900w\" sizes=\"auto, (max-width: 1000px) 100vw, 1000px\" \/><p id=\"caption-attachment-46575\" class=\"wp-caption-text\">.<\/p><\/div>\n<h2><b><a id=\"Wie-viel-kostet\"><\/a>Wie viel kostet eine Reise ins Vale do Pati?<\/b><\/h2>\n<p><span style=\"font-weight: 400;\">Unter Ber\u00fccksichtigung von Unterkunft, Dienstleistungen und Reiserouten kosten die Vale do Pati Touren ab\u00a0 \u20ac 360 pro Person. <\/span><b>Die Preise variieren je nach Saison, Reisedauer usw.<\/b><\/p>\n<p><span style=\"font-weight: 400;\">Schau dir die Preise und andere Informationen unten an:<\/span><\/p>\n<table class=\" aligncenter\" style=\"width: 100.902%;\">\n<tbody>\n<tr>\n<td style=\"width: 23.0224%;\"><span style=\"font-size: 14pt;\"><b>TOUR<\/b><\/span><\/td>\n<td style=\"width: 36.0094%;\"><span style=\"font-size: 14pt;\"><b>HIGHLIGHTS<\/b><\/span><\/td>\n<td style=\"width: 22.9044%;\"><span style=\"font-size: 14pt;\"><b>WANDERSTRECKE<\/b><\/span><\/td>\n<td style=\"width: 27.53%;\"><span style=\"font-size: 14pt;\"><b>STARTPREIS*<\/b><\/span><\/td>\n<\/tr>\n<tr>\n<td style=\"width: 23.0224%;\"><span style=\"font-size: 14pt;\"><a href=\"https:\/\/planetaexo.com\/trips\/a\/6-day-ultimate-chapada-diamantina-hike\/\"><b>6-t\u00e4gige Ultimative Chapada Diamantina Wanderung<\/b><\/a><\/span><\/td>\n<td style=\"width: 36.0094%;\"><span style=\"font-weight: 400;\">Wandern, Po\u00e7o Encantado, Po\u00e7o Azul, 3 Tage Trekking im Vale do Pati + Burac\u00e3o- und Fumacinha-Wasserf\u00e4lle.<\/span><\/td>\n<td style=\"width: 22.9044%;\"><span style=\"font-size: 14pt;\"><b>63 km<\/b><\/span><\/td>\n<td style=\"width: 27.53%;\"><span style=\"font-weight: 400; font-size: 14pt;\">\u20ac 875<\/span><\/td>\n<\/tr>\n<tr>\n<td style=\"width: 23.0224%;\"><span style=\"font-size: 14pt;\"><a href=\"https:\/\/planetaexo.com\/trips\/de\/a\/vale-do-pati-trek-chapada-diamantina-3-tage\/\"><b>3-t\u00e4giger Vale do Pati Trek<\/b><\/a><\/span><\/td>\n<td style=\"width: 36.0094%;\"><span style=\"font-weight: 400;\">Wandern, Morro do Castelo, Cachoeir\u00e3o- und Funis-Wasserf\u00e4lle, Unterbringung bei Einheimischen.<\/span><\/td>\n<td style=\"width: 22.9044%;\"><span style=\"font-size: 14pt;\"><b>35 km<\/b><\/span><\/td>\n<td style=\"width: 27.53%;\"><span style=\"font-weight: 400; font-size: 14pt;\">\u20ac 355<\/span><\/td>\n<\/tr>\n<tr>\n<td style=\"width: 23.0224%;\"><span style=\"font-size: 14pt;\"><a href=\"https:\/\/planetaexo.com\/trips\/de\/a\/pati-tal-wanderung-chapada-diamantina-4-tage\/\"><b>4-t\u00e4giger Vale do Pati Trek<\/b><\/a><\/span><\/td>\n<td style=\"width: 36.0094%;\"><span style=\"font-weight: 400;\">Wandern, Morro do Castelo, Wasserf\u00e4lle (Cachoeir\u00e3o und Funis), Unterbringung in den H\u00e4usern der Einheimischen.<\/span><\/td>\n<td style=\"width: 22.9044%;\"><span style=\"font-size: 14pt;\"><b>52 km<\/b><\/span><\/td>\n<td style=\"width: 27.53%;\"><span style=\"font-weight: 400; font-size: 14pt;\">\u20ac 475<\/span><\/td>\n<\/tr>\n<tr>\n<td style=\"width: 23.0224%;\"><span style=\"font-size: 14pt;\"><a href=\"https:\/\/planetaexo.com\/trips\/de\/a\/chapada-diamantina-trek-vale-do-pati-5-tage\/\"><b>5-t\u00e4gige Vale do Pati Durchquerung<\/b><\/a><\/span><\/td>\n<td style=\"width: 36.0094%;\"><span style=\"font-weight: 400;\">Trekking, Morro do Castelo, Cachoeir\u00e3o- und Funis-Wasserf\u00e4lle, Po\u00e7o da \u00c1rvore, Ladeira do Imp\u00e9rio, Andara\u00ed, Unterbringung bei Einheimischen.<\/span><\/td>\n<td style=\"width: 22.9044%;\"><span style=\"font-size: 14pt;\"><b>59 km<\/b><\/span><\/td>\n<td style=\"width: 27.53%;\"><span style=\"font-weight: 400; font-size: 14pt;\">\u20ac 505<\/span><\/td>\n<\/tr>\n<\/tbody>\n<\/table>\n<p><strong><span style=\"font-size: 10pt;\">*Pro Person, basierend auf Doppelbelegung bei Gruppenabreisen. Die Preise k\u00f6nnen je nach Saison und Verf\u00fcgbarkeit variieren. Wechselkurs vom 9. April 2026; \u00c4nderungen vorbehalten.<\/span><\/strong><\/p>\n<h2><b><a id=\"Gibt-es-Handyempfang\"><\/a>Gibt es Handyempfang im Vale do Pati?<\/b><\/h2>\n<p><b>Es gibt im Vale do Pati weder Handyempfang noch WLAN.<\/b><span style=\"font-weight: 400;\"> Die Region ist ausschlie\u00dflich auf Sonnenenergie angewiesen, die ausreichend Strom liefert, um elektronische Ger\u00e4te und Kameraakkus aufzuladen \u2013 obwohl es vorkommen kann, dass die Stromversorgung gelegentlich schwankt oder ausf\u00e4llt.<\/span><\/p>\n<p><span style=\"font-weight: 400;\">Dies ist eine gro\u00dfartige Gelegenheit, dich von der Technologie abzukoppeln und in die nat\u00fcrliche Sch\u00f6nheit und Friedlichkeit der Chapada Diamantina einzutauchen. Genie\u00dfe jede Sekunde!<\/span><\/p>\n<div id=\"attachment_46595\" style=\"width: 1010px\" class=\"wp-caption alignnone\"><img loading=\"lazy\" decoding=\"async\" aria-describedby=\"caption-attachment-46595\" class=\"wp-image-46595 size-full\" title=\"Ein Wanderer in einer blauen Jacke steht auf einem Felsen, umrahmt von B\u00e4umen, und blickt auf einen Tafelberg in der Ferne.\" src=\"https:\/\/static.planetaexo.com\/wp-content\/uploads\/2024\/05\/hiker-viewing-mountain-through-trees.jpg.jpg\" alt=\"Ein Wanderer in einer blauen Jacke steht auf einem Felsen, umrahmt von B\u00e4umen, und blickt auf einen Tafelberg in der Ferne.\" width=\"1000\" height=\"750\" srcset=\"https:\/\/static.planetaexo.com\/wp-content\/uploads\/2024\/05\/hiker-viewing-mountain-through-trees.jpg.jpg 1000w, https:\/\/static.planetaexo.com\/wp-content\/uploads\/2024\/05\/hiker-viewing-mountain-through-trees.jpg-300x225.jpg 300w, https:\/\/static.planetaexo.com\/wp-content\/uploads\/2024\/05\/hiker-viewing-mountain-through-trees.jpg-768x576.jpg 768w\" sizes=\"auto, (max-width: 1000px) 100vw, 1000px\" \/><p id=\"caption-attachment-46595\" class=\"wp-caption-text\">.<\/p><\/div>\n<h2><b><a id=\"Was-sollte-man\"><\/a>Was sollte man f\u00fcr den Vale do Pati Trek einpacken?<\/b><\/h2>\n<p><span style=\"font-weight: 400;\">Beim Packen f\u00fcr das Vale do Pati ist es wichtig, die wechselnden Wetterbedingungen und die Art der Wanderung im Auge zu behalten. <\/span><b>Denke daran:<\/b><span style=\"font-weight: 400;\"> Du wirst deinen Rucksack jeden Tag beim Wandern tragen, also ist es wichtig, nur die notwendigen Dinge einzupacken.<\/span><\/p>\n<p><span style=\"font-weight: 400;\">Hier ist unsere empfohlene Liste:<\/span><\/p>\n<ul>\n<li style=\"font-weight: 400;\" aria-level=\"1\"><span style=\"font-weight: 400;\">Leichte Kleidung, einschlie\u00dflich UV-best\u00e4ndiger lang\u00e4rmliger Hemden<\/span><\/li>\n<li style=\"font-weight: 400;\" aria-level=\"1\"><span style=\"font-weight: 400;\">Regenmantel oder wasserdichte Jacke<\/span><\/li>\n<li style=\"font-weight: 400;\" aria-level=\"1\"><span style=\"font-weight: 400;\">Windjacke und Pullover<\/span><\/li>\n<li style=\"font-weight: 400;\" aria-level=\"1\"><span style=\"font-weight: 400;\">Badebekleidung<\/span><\/li>\n<li style=\"font-weight: 400;\" aria-level=\"1\"><span style=\"font-weight: 400;\">H\u00fcte\/Kappen<\/span><\/li>\n<li style=\"font-weight: 400;\" aria-level=\"1\"><span style=\"font-weight: 400;\">Wanderschuhe\/Sneaker<\/span><\/li>\n<li style=\"font-weight: 400;\" aria-level=\"1\"><span style=\"font-weight: 400;\">Wandersocken<\/span><\/li>\n<li style=\"font-weight: 400;\" aria-level=\"1\"><span style=\"font-weight: 400;\">Flip-Flops<\/span><\/li>\n<li style=\"font-weight: 400;\" aria-level=\"1\"><span style=\"font-weight: 400;\">Schnell trocknendes Handtuch<\/span><\/li>\n<li style=\"font-weight: 400;\" aria-level=\"1\"><span style=\"font-weight: 400;\">20-40 Liter Rucksack<\/span><\/li>\n<li style=\"font-weight: 400;\" aria-level=\"1\"><span style=\"font-weight: 400;\">Wasserdichter Beutel<\/span><\/li>\n<li style=\"font-weight: 400;\" aria-level=\"1\"><span style=\"font-weight: 400;\">Sonnenbrille<\/span><\/li>\n<li style=\"font-weight: 400;\" aria-level=\"1\"><span style=\"font-weight: 400;\">Sonnencreme<\/span><\/li>\n<li style=\"font-weight: 400;\" aria-level=\"1\"><span style=\"font-weight: 400;\">Insektenschutzmittel<\/span><\/li>\n<li style=\"font-weight: 400;\" aria-level=\"1\"><span style=\"font-weight: 400;\">Wiederverwendbare Wasserflasche<\/span><\/li>\n<\/ul>\n<div id=\"attachment_46590\" style=\"width: 1010px\" class=\"wp-caption alignnone\"><img loading=\"lazy\" decoding=\"async\" aria-describedby=\"caption-attachment-46590\" class=\"wp-image-46590 size-full\" title=\"Eine Gruppe von Wanderern, die sich auf einem felsigen Weg inmitten niedriger Vegetation unter einem leuchtend goldenen Sonnenuntergang entfernt.\" src=\"https:\/\/static.planetaexo.com\/wp-content\/uploads\/2024\/05\/hikers-walking-rocky-trail-sunset.jpg.jpg\" alt=\"Eine Gruppe von Wanderern, die sich auf einem felsigen Weg inmitten niedriger Vegetation unter einem leuchtend goldenen Sonnenuntergang entfernt.\" width=\"1000\" height=\"750\" srcset=\"https:\/\/static.planetaexo.com\/wp-content\/uploads\/2024\/05\/hikers-walking-rocky-trail-sunset.jpg.jpg 1000w, https:\/\/static.planetaexo.com\/wp-content\/uploads\/2024\/05\/hikers-walking-rocky-trail-sunset.jpg-300x225.jpg 300w, https:\/\/static.planetaexo.com\/wp-content\/uploads\/2024\/05\/hikers-walking-rocky-trail-sunset.jpg-768x576.jpg 768w\" sizes=\"auto, (max-width: 1000px) 100vw, 1000px\" \/><p id=\"caption-attachment-46590\" class=\"wp-caption-text\">.<\/p><\/div>\n<p><b>Vergiss nicht die \u00fcblichen Reiseutensilien:<\/b><span style=\"font-weight: 400;\"> Dokumente, Kredit-\/Debitkarten, Bargeld (Brasilianischer Real), Medikamente (gegen Kopfschmerzen, Muskelverspannungen, Magenverstimmungen&#8230;), Ladeger\u00e4te und Powerbanks f\u00fcr elektronische Ger\u00e4te.<\/span><\/p>\n<h2><b>Wandern in der Chapada Diamantina, Bahia, mit PlanetaEXO<\/b><\/h2>\n<p><span style=\"font-weight: 400;\">Das Vale do Pati ist f\u00fcr jeden Naturliebhaber ein lebensver\u00e4nderndes Erlebnis. Wenn du es kaum erwarten kannst, eine der sch\u00f6nsten Wanderungen der Welt zu erleben, ist es an der Zeit, deine Reise mit <\/span><b>PlanetaEXO<\/b><span style=\"font-weight: 400;\"> zu buchen, einer \u00d6kotourismus-Plattform, die sich auf <\/span><a href=\"https:\/\/planetaexo.com\/trips\/de\/ziele\/brasilien\/chapada-diamantina-touren\/\"><b>Chapada Diamantina Tours<\/b><\/a><span style=\"font-weight: 400;\"> spezialisiert hat und mit den besten lokalen Veranstaltern zusammenarbeitet.<\/span><\/p>\n<p><span style=\"font-weight: 400;\">Unser Team hilft dir bei allem, was du f\u00fcr einen fantastischen Urlaub ben\u00f6tigst, einschlie\u00dflich Buchungen, Transferoptionen, ma\u00dfgeschneiderten Reiserouten und vielem mehr. <\/span><a href=\"https:\/\/planetaexo.com\/de\/kontakt\/\"><b>Kontaktiere uns jetzt!<\/b><\/a><\/p>\n","protected":false},"excerpt":{"rendered":"<p>Erfahre alles, was du f\u00fcr deine Reise ins Vale do Pati in der Chapada Diamantina wissen musst, einschlie\u00dflich der Anreise, der besten Reisezeit, der wichtigsten Aktivit\u00e4ten und vielem mehr! Das&#8230;<\/p>\n","protected":false},"author":19,"featured_media":19311,"comment_status":"closed","ping_status":"open","sticky":false,"template":"","format":"standard","meta":{"_acf_changed":false,"content-type":"","footnotes":""},"categories":[289,304],"tags":[313],"class_list":{"0":"post-17011","1":"post","2":"type-post","3":"status-publish","4":"format-standard","5":"has-post-thumbnail","7":"category-chapada-diamantina","8":"category-reisefuhrer","9":"tag-vale-do-pati-de"},"acf":[],"yoast_head":"<!-- This site is optimized with the Yoast SEO Premium plugin v27.4 (Yoast SEO v27.4) - https:\/\/yoast.com\/product\/yoast-seo-premium-wordpress\/ -->\n<title>Vale do Pati Chapada Diamantina Reisef\u00fchrer - PlanetaEXO<\/title>\n<meta name=\"description\" content=\"Entdecken Sie die Magie des Vale do Pati in der Chapada Diamantina! Dieser Reisef\u00fchrer bietet wichtige Tipps zum Trekking, zu lokalen Gastfamilien und zu den besten Aussichtspunkten des Parks.\" \/>\n<meta name=\"robots\" content=\"index, follow, max-snippet:-1, max-image-preview:large, max-video-preview:-1\" \/>\n<link rel=\"canonical\" href=\"https:\/\/planetaexo.com\/de\/blog\/vale-do-pati-chapada-diamantina-travel-guide\/\" \/>\n<meta property=\"og:locale\" content=\"de_DE\" \/>\n<meta property=\"og:type\" content=\"article\" \/>\n<meta property=\"og:title\" content=\"Vale do Pati Chapada Diamantina Reisef\u00fchrer\" \/>\n<meta property=\"og:description\" content=\"Erkunde mit unserem ultimativen Vale do Pati Reisef\u00fchrer eine der sch\u00f6nsten Wanderungen der Welt im Chapada Diamantina Nationalpark.\" \/>\n<meta property=\"og:url\" content=\"https:\/\/planetaexo.com\/de\/blog\/vale-do-pati-chapada-diamantina-travel-guide\/\" \/>\n<meta property=\"og:site_name\" content=\"PlanetaEXO\" \/>\n<meta property=\"article:published_time\" content=\"2024-05-05T22:58:10+00:00\" \/>\n<meta property=\"article:modified_time\" content=\"2026-04-27T18:26:49+00:00\" \/>\n<meta property=\"og:image\" content=\"https:\/\/static.planetaexo.com\/wp-content\/uploads\/2023\/05\/vale-do-pati-travel-guide-1.jpg\" \/>\n\t<meta property=\"og:image:width\" content=\"1200\" \/>\n\t<meta property=\"og:image:height\" content=\"1200\" \/>\n\t<meta property=\"og:image:type\" content=\"image\/jpeg\" \/>\n<meta name=\"author\" content=\"Lucas Ribeiro\" \/>\n<meta name=\"twitter:card\" content=\"summary_large_image\" \/>\n<meta name=\"twitter:description\" content=\"Erkunde mit unserem ultimativen Vale do Pati Reisef\u00fchrer eine der sch\u00f6nsten Wanderungen der Welt im Chapada Diamantina Nationalpark.\" \/>\n<meta name=\"twitter:label1\" content=\"Verfasst von\" \/>\n\t<meta name=\"twitter:data1\" content=\"Lucas Ribeiro\" \/>\n\t<meta name=\"twitter:label2\" content=\"Gesch\u00e4tzte Lesezeit\" \/>\n\t<meta name=\"twitter:data2\" content=\"15\u00a0Minuten\" \/>\n<script type=\"application\/ld+json\" class=\"yoast-schema-graph\">{\"@context\":\"https:\\\/\\\/schema.org\",\"@graph\":[{\"@type\":\"Article\",\"@id\":\"https:\\\/\\\/planetaexo.com\\\/de\\\/blog\\\/vale-do-pati-chapada-diamantina-travel-guide\\\/#article\",\"isPartOf\":{\"@id\":\"https:\\\/\\\/planetaexo.com\\\/de\\\/blog\\\/vale-do-pati-chapada-diamantina-travel-guide\\\/\"},\"author\":{\"name\":\"Lucas Ribeiro\",\"@id\":\"https:\\\/\\\/planetaexo.com\\\/de\\\/#\\\/schema\\\/person\\\/aea53905ad0bd76e66bbb81bd5650170\"},\"headline\":\"Vale do Pati Chapada Diamantina Reisef\u00fchrer\",\"datePublished\":\"2024-05-05T22:58:10+00:00\",\"dateModified\":\"2026-04-27T18:26:49+00:00\",\"mainEntityOfPage\":{\"@id\":\"https:\\\/\\\/planetaexo.com\\\/de\\\/blog\\\/vale-do-pati-chapada-diamantina-travel-guide\\\/\"},\"wordCount\":2734,\"publisher\":{\"@id\":\"https:\\\/\\\/planetaexo.com\\\/de\\\/#organization\"},\"image\":{\"@id\":\"https:\\\/\\\/planetaexo.com\\\/de\\\/blog\\\/vale-do-pati-chapada-diamantina-travel-guide\\\/#primaryimage\"},\"thumbnailUrl\":\"https:\\\/\\\/planetaexo.com\\\/wp-content\\\/uploads\\\/2023\\\/05\\\/vale-do-pati-travel-guide-1.jpg\",\"keywords\":[\"Vale do Pati\"],\"articleSection\":[\"Chapada Diamantina\",\"Reisef\u00fchrer\"],\"inLanguage\":\"de\"},{\"@type\":\"WebPage\",\"@id\":\"https:\\\/\\\/planetaexo.com\\\/de\\\/blog\\\/vale-do-pati-chapada-diamantina-travel-guide\\\/\",\"url\":\"https:\\\/\\\/planetaexo.com\\\/de\\\/blog\\\/vale-do-pati-chapada-diamantina-travel-guide\\\/\",\"name\":\"Vale do Pati Chapada Diamantina Reisef\u00fchrer - PlanetaEXO\",\"isPartOf\":{\"@id\":\"https:\\\/\\\/planetaexo.com\\\/de\\\/#website\"},\"primaryImageOfPage\":{\"@id\":\"https:\\\/\\\/planetaexo.com\\\/de\\\/blog\\\/vale-do-pati-chapada-diamantina-travel-guide\\\/#primaryimage\"},\"image\":{\"@id\":\"https:\\\/\\\/planetaexo.com\\\/de\\\/blog\\\/vale-do-pati-chapada-diamantina-travel-guide\\\/#primaryimage\"},\"thumbnailUrl\":\"https:\\\/\\\/planetaexo.com\\\/wp-content\\\/uploads\\\/2023\\\/05\\\/vale-do-pati-travel-guide-1.jpg\",\"datePublished\":\"2024-05-05T22:58:10+00:00\",\"dateModified\":\"2026-04-27T18:26:49+00:00\",\"description\":\"Entdecken Sie die Magie des Vale do Pati in der Chapada Diamantina! Dieser Reisef\u00fchrer bietet wichtige Tipps zum Trekking, zu lokalen Gastfamilien und zu den besten Aussichtspunkten des Parks.\",\"breadcrumb\":{\"@id\":\"https:\\\/\\\/planetaexo.com\\\/de\\\/blog\\\/vale-do-pati-chapada-diamantina-travel-guide\\\/#breadcrumb\"},\"inLanguage\":\"de\",\"potentialAction\":[{\"@type\":\"ReadAction\",\"target\":[\"https:\\\/\\\/planetaexo.com\\\/de\\\/blog\\\/vale-do-pati-chapada-diamantina-travel-guide\\\/\"]}]},{\"@type\":\"ImageObject\",\"inLanguage\":\"de\",\"@id\":\"https:\\\/\\\/planetaexo.com\\\/de\\\/blog\\\/vale-do-pati-chapada-diamantina-travel-guide\\\/#primaryimage\",\"url\":\"https:\\\/\\\/planetaexo.com\\\/wp-content\\\/uploads\\\/2023\\\/05\\\/vale-do-pati-travel-guide-1.jpg\",\"contentUrl\":\"https:\\\/\\\/planetaexo.com\\\/wp-content\\\/uploads\\\/2023\\\/05\\\/vale-do-pati-travel-guide-1.jpg\",\"width\":1200,\"height\":1200,\"caption\":\"Vale do Pati Chapada Diamantina Travel Guide\"},{\"@type\":\"BreadcrumbList\",\"@id\":\"https:\\\/\\\/planetaexo.com\\\/de\\\/blog\\\/vale-do-pati-chapada-diamantina-travel-guide\\\/#breadcrumb\",\"itemListElement\":[{\"@type\":\"ListItem\",\"position\":1,\"name\":\"Home\",\"item\":\"https:\\\/\\\/planetaexo.com\\\/de\\\/\"},{\"@type\":\"ListItem\",\"position\":2,\"name\":\"Vale do Pati Chapada Diamantina Reisef\u00fchrer\"}]},{\"@type\":\"WebSite\",\"@id\":\"https:\\\/\\\/planetaexo.com\\\/de\\\/#website\",\"url\":\"https:\\\/\\\/planetaexo.com\\\/de\\\/\",\"name\":\"PlanetaEXO\",\"description\":\"Live an Adventure\",\"publisher\":{\"@id\":\"https:\\\/\\\/planetaexo.com\\\/de\\\/#organization\"},\"potentialAction\":[{\"@type\":\"SearchAction\",\"target\":{\"@type\":\"EntryPoint\",\"urlTemplate\":\"https:\\\/\\\/planetaexo.com\\\/de\\\/?s={search_term_string}\"},\"query-input\":{\"@type\":\"PropertyValueSpecification\",\"valueRequired\":true,\"valueName\":\"search_term_string\"}}],\"inLanguage\":\"de\"},{\"@type\":\"Organization\",\"@id\":\"https:\\\/\\\/planetaexo.com\\\/de\\\/#organization\",\"name\":\"PlanetaEXO\",\"url\":\"https:\\\/\\\/planetaexo.com\\\/de\\\/\",\"logo\":{\"@type\":\"ImageObject\",\"inLanguage\":\"de\",\"@id\":\"https:\\\/\\\/planetaexo.com\\\/de\\\/#\\\/schema\\\/logo\\\/image\\\/\",\"url\":\"https:\\\/\\\/planetaexo.com\\\/wp-content\\\/uploads\\\/2023\\\/10\\\/cropped-favicon_logoexo-min-1.png\",\"contentUrl\":\"https:\\\/\\\/planetaexo.com\\\/wp-content\\\/uploads\\\/2023\\\/10\\\/cropped-favicon_logoexo-min-1.png\",\"width\":512,\"height\":512,\"caption\":\"PlanetaEXO\"},\"image\":{\"@id\":\"https:\\\/\\\/planetaexo.com\\\/de\\\/#\\\/schema\\\/logo\\\/image\\\/\"},\"sameAs\":[\"https:\\\/\\\/instagram.com\\\/planetaexo\"]},{\"@type\":\"Person\",\"@id\":\"https:\\\/\\\/planetaexo.com\\\/de\\\/#\\\/schema\\\/person\\\/aea53905ad0bd76e66bbb81bd5650170\",\"name\":\"Lucas Ribeiro\",\"image\":{\"@type\":\"ImageObject\",\"inLanguage\":\"de\",\"@id\":\"https:\\\/\\\/secure.gravatar.com\\\/avatar\\\/2bc95aa079871738caab41d9f1cfe51270c4b4810c308a80d55f0b3b80de8efe?s=96&d=mm&r=g\",\"url\":\"https:\\\/\\\/secure.gravatar.com\\\/avatar\\\/2bc95aa079871738caab41d9f1cfe51270c4b4810c308a80d55f0b3b80de8efe?s=96&d=mm&r=g\",\"contentUrl\":\"https:\\\/\\\/secure.gravatar.com\\\/avatar\\\/2bc95aa079871738caab41d9f1cfe51270c4b4810c308a80d55f0b3b80de8efe?s=96&d=mm&r=g\",\"caption\":\"Lucas Ribeiro\"},\"url\":\"https:\\\/\\\/planetaexo.com\\\/de\\\/blog\\\/author\\\/lucasribeiro\\\/\"}]}<\/script>\n<!-- \/ Yoast SEO Premium plugin. -->","yoast_head_json":{"title":"Vale do Pati Chapada Diamantina Reisef\u00fchrer - PlanetaEXO","description":"Entdecken Sie die Magie des Vale do Pati in der Chapada Diamantina! Dieser Reisef\u00fchrer bietet wichtige Tipps zum Trekking, zu lokalen Gastfamilien und zu den besten Aussichtspunkten des Parks.","robots":{"index":"index","follow":"follow","max-snippet":"max-snippet:-1","max-image-preview":"max-image-preview:large","max-video-preview":"max-video-preview:-1"},"canonical":"https:\/\/planetaexo.com\/de\/blog\/vale-do-pati-chapada-diamantina-travel-guide\/","og_locale":"de_DE","og_type":"article","og_title":"Vale do Pati Chapada Diamantina Reisef\u00fchrer","og_description":"Erkunde mit unserem ultimativen Vale do Pati Reisef\u00fchrer eine der sch\u00f6nsten Wanderungen der Welt im Chapada Diamantina Nationalpark.","og_url":"https:\/\/planetaexo.com\/de\/blog\/vale-do-pati-chapada-diamantina-travel-guide\/","og_site_name":"PlanetaEXO","article_published_time":"2024-05-05T22:58:10+00:00","article_modified_time":"2026-04-27T18:26:49+00:00","og_image":[{"width":1200,"height":1200,"url":"https:\/\/static.planetaexo.com\/wp-content\/uploads\/2023\/05\/vale-do-pati-travel-guide-1.jpg","type":"image\/jpeg"}],"author":"Lucas Ribeiro","twitter_card":"summary_large_image","twitter_description":"Erkunde mit unserem ultimativen Vale do Pati Reisef\u00fchrer eine der sch\u00f6nsten Wanderungen der Welt im Chapada Diamantina Nationalpark.","twitter_misc":{"Verfasst von":"Lucas Ribeiro","Gesch\u00e4tzte Lesezeit":"15\u00a0Minuten"},"schema":{"@context":"https:\/\/schema.org","@graph":[{"@type":"Article","@id":"https:\/\/planetaexo.com\/de\/blog\/vale-do-pati-chapada-diamantina-travel-guide\/#article","isPartOf":{"@id":"https:\/\/planetaexo.com\/de\/blog\/vale-do-pati-chapada-diamantina-travel-guide\/"},"author":{"name":"Lucas Ribeiro","@id":"https:\/\/planetaexo.com\/de\/#\/schema\/person\/aea53905ad0bd76e66bbb81bd5650170"},"headline":"Vale do Pati Chapada Diamantina Reisef\u00fchrer","datePublished":"2024-05-05T22:58:10+00:00","dateModified":"2026-04-27T18:26:49+00:00","mainEntityOfPage":{"@id":"https:\/\/planetaexo.com\/de\/blog\/vale-do-pati-chapada-diamantina-travel-guide\/"},"wordCount":2734,"publisher":{"@id":"https:\/\/planetaexo.com\/de\/#organization"},"image":{"@id":"https:\/\/planetaexo.com\/de\/blog\/vale-do-pati-chapada-diamantina-travel-guide\/#primaryimage"},"thumbnailUrl":"https:\/\/static.planetaexo.com\/wp-content\/uploads\/2023\/05\/vale-do-pati-travel-guide-1.jpg","keywords":["Vale do Pati"],"articleSection":["Chapada Diamantina","Reisef\u00fchrer"],"inLanguage":"de"},{"@type":"WebPage","@id":"https:\/\/planetaexo.com\/de\/blog\/vale-do-pati-chapada-diamantina-travel-guide\/","url":"https:\/\/planetaexo.com\/de\/blog\/vale-do-pati-chapada-diamantina-travel-guide\/","name":"Vale do Pati Chapada Diamantina Reisef\u00fchrer - PlanetaEXO","isPartOf":{"@id":"https:\/\/planetaexo.com\/de\/#website"},"primaryImageOfPage":{"@id":"https:\/\/planetaexo.com\/de\/blog\/vale-do-pati-chapada-diamantina-travel-guide\/#primaryimage"},"image":{"@id":"https:\/\/planetaexo.com\/de\/blog\/vale-do-pati-chapada-diamantina-travel-guide\/#primaryimage"},"thumbnailUrl":"https:\/\/static.planetaexo.com\/wp-content\/uploads\/2023\/05\/vale-do-pati-travel-guide-1.jpg","datePublished":"2024-05-05T22:58:10+00:00","dateModified":"2026-04-27T18:26:49+00:00","description":"Entdecken Sie die Magie des Vale do Pati in der Chapada Diamantina! Dieser Reisef\u00fchrer bietet wichtige Tipps zum Trekking, zu lokalen Gastfamilien und zu den besten Aussichtspunkten des Parks.","breadcrumb":{"@id":"https:\/\/planetaexo.com\/de\/blog\/vale-do-pati-chapada-diamantina-travel-guide\/#breadcrumb"},"inLanguage":"de","potentialAction":[{"@type":"ReadAction","target":["https:\/\/planetaexo.com\/de\/blog\/vale-do-pati-chapada-diamantina-travel-guide\/"]}]},{"@type":"ImageObject","inLanguage":"de","@id":"https:\/\/planetaexo.com\/de\/blog\/vale-do-pati-chapada-diamantina-travel-guide\/#primaryimage","url":"https:\/\/static.planetaexo.com\/wp-content\/uploads\/2023\/05\/vale-do-pati-travel-guide-1.jpg","contentUrl":"https:\/\/static.planetaexo.com\/wp-content\/uploads\/2023\/05\/vale-do-pati-travel-guide-1.jpg","width":1200,"height":1200,"caption":"Vale do Pati Chapada Diamantina Travel Guide"},{"@type":"BreadcrumbList","@id":"https:\/\/planetaexo.com\/de\/blog\/vale-do-pati-chapada-diamantina-travel-guide\/#breadcrumb","itemListElement":[{"@type":"ListItem","position":1,"name":"Home","item":"https:\/\/planetaexo.com\/de\/"},{"@type":"ListItem","position":2,"name":"Vale do Pati Chapada Diamantina Reisef\u00fchrer"}]},{"@type":"WebSite","@id":"https:\/\/planetaexo.com\/de\/#website","url":"https:\/\/planetaexo.com\/de\/","name":"PlanetaEXO","description":"Live an Adventure","publisher":{"@id":"https:\/\/planetaexo.com\/de\/#organization"},"potentialAction":[{"@type":"SearchAction","target":{"@type":"EntryPoint","urlTemplate":"https:\/\/planetaexo.com\/de\/?s={search_term_string}"},"query-input":{"@type":"PropertyValueSpecification","valueRequired":true,"valueName":"search_term_string"}}],"inLanguage":"de"},{"@type":"Organization","@id":"https:\/\/planetaexo.com\/de\/#organization","name":"PlanetaEXO","url":"https:\/\/planetaexo.com\/de\/","logo":{"@type":"ImageObject","inLanguage":"de","@id":"https:\/\/planetaexo.com\/de\/#\/schema\/logo\/image\/","url":"https:\/\/static.planetaexo.com\/wp-content\/uploads\/2023\/10\/cropped-favicon_logoexo-min-1.png","contentUrl":"https:\/\/static.planetaexo.com\/wp-content\/uploads\/2023\/10\/cropped-favicon_logoexo-min-1.png","width":512,"height":512,"caption":"PlanetaEXO"},"image":{"@id":"https:\/\/planetaexo.com\/de\/#\/schema\/logo\/image\/"},"sameAs":["https:\/\/instagram.com\/planetaexo"]},{"@type":"Person","@id":"https:\/\/planetaexo.com\/de\/#\/schema\/person\/aea53905ad0bd76e66bbb81bd5650170","name":"Lucas Ribeiro","image":{"@type":"ImageObject","inLanguage":"de","@id":"https:\/\/secure.gravatar.com\/avatar\/2bc95aa079871738caab41d9f1cfe51270c4b4810c308a80d55f0b3b80de8efe?s=96&d=mm&r=g","url":"https:\/\/secure.gravatar.com\/avatar\/2bc95aa079871738caab41d9f1cfe51270c4b4810c308a80d55f0b3b80de8efe?s=96&d=mm&r=g","contentUrl":"https:\/\/secure.gravatar.com\/avatar\/2bc95aa079871738caab41d9f1cfe51270c4b4810c308a80d55f0b3b80de8efe?s=96&d=mm&r=g","caption":"Lucas Ribeiro"},"url":"https:\/\/planetaexo.com\/de\/blog\/author\/lucasribeiro\/"}]}},"_links":{"self":[{"href":"https:\/\/planetaexo.com\/de\/wp-json\/wp\/v2\/posts\/17011","targetHints":{"allow":["GET"]}}],"collection":[{"href":"https:\/\/planetaexo.com\/de\/wp-json\/wp\/v2\/posts"}],"about":[{"href":"https:\/\/planetaexo.com\/de\/wp-json\/wp\/v2\/types\/post"}],"author":[{"embeddable":true,"href":"https:\/\/planetaexo.com\/de\/wp-json\/wp\/v2\/users\/19"}],"replies":[{"embeddable":true,"href":"https:\/\/planetaexo.com\/de\/wp-json\/wp\/v2\/comments?post=17011"}],"version-history":[{"count":16,"href":"https:\/\/planetaexo.com\/de\/wp-json\/wp\/v2\/posts\/17011\/revisions"}],"predecessor-version":[{"id":47847,"href":"https:\/\/planetaexo.com\/de\/wp-json\/wp\/v2\/posts\/17011\/revisions\/47847"}],"wp:featuredmedia":[{"embeddable":true,"href":"https:\/\/planetaexo.com\/de\/wp-json\/wp\/v2\/media\/19311"}],"wp:attachment":[{"href":"https:\/\/planetaexo.com\/de\/wp-json\/wp\/v2\/media?parent=17011"}],"wp:term":[{"taxonomy":"category","embeddable":true,"href":"https:\/\/planetaexo.com\/de\/wp-json\/wp\/v2\/categories?post=17011"},{"taxonomy":"post_tag","embeddable":true,"href":"https:\/\/planetaexo.com\/de\/wp-json\/wp\/v2\/tags?post=17011"}],"curies":[{"name":"wp","href":"https:\/\/api.w.org\/{rel}","templated":true}]}}